{"id":101455,"date":"2023-06-30T17:53:18","date_gmt":"2023-06-30T17:53:18","guid":{"rendered":"https:\/\/primicias2262.com\/noticias\/?p=101455"},"modified":"2023-07-01T17:35:06","modified_gmt":"2023-07-01T17:35:06","slug":"la-justicia-de-brasil-inhabilita-a-jair-bolsonaro-para-participar-de-elecciones-hasta-2030","status":"publish","type":"post","link":"https:\/\/primicias2262.com\/noticias\/la-justicia-de-brasil-inhabilita-a-jair-bolsonaro-para-participar-de-elecciones-hasta-2030\/","title":{"rendered":"La justicia de Brasil inhabilita a Jair Bolsonaro para participar de elecciones  hasta 2030"},"content":{"rendered":"<div class=\"col 2-col\">\n<div class=\"article-main-content article-text \">\n<p><b>La justicia electoral Brasil determin\u00f3 por mayor\u00eda inhabilitar al expresidente Jair Bolsonaro a presentarse a cargos p\u00fablicos hasta 2030<\/b>, al condenarlo por diseminar mentiras y sospechas infundadas sobre el sistema de comicios brasile\u00f1o ante embajadores de pa\u00edses extranjeros.<\/p>\n<p><b>El Tribunal Superior Electoral logr\u00f3 la mayor\u00eda de cuatro votos sobre siete con el sufragio de la jueza Carmen L\u00facia Antunes<\/b>, que conden\u00f3 al ultraderechista Bolsonaro a no presentarse en las elecciones presidenciales de 2026, ni en las municipales de 2024 y 2028.<\/p>\n<p>El juez principal en el caso, Benedito Goncalves, hab\u00eda dictaminado esta semana que el expresidente fuera inelegible por ocho a\u00f1os. Dijo que el <b>ex mandatario hab\u00eda \u00abusado la reuni\u00f3n con los embajadores para sembrar dudas e incitar teor\u00edas de conspiraci\u00f3n\u00bb<\/b>.<\/p>\n<p>Las condenadas declaraciones de Bolsonaro fueron hechas luego de perder las elecciones de octubre de 2022 frente a Luiz In\u00e1cio Lula da Silva. Pero fue solo el primer movimiento desestabilizador. A la semana de haber asumido el nuevo gobierno, un movimiento creado por \u00e9l para anular el resultado de las elecciones culmin\u00f3 con la invasi\u00f3n de edificios gubernamentales en Brasilia.<\/p>\n<p>Tras la sentencia, Bolsonaro neg\u00f3 haber actuado de esa manera y hab\u00eda adelantado que recurrir\u00eda a la Corte Suprema. \u00abNo he atacado el sistema de votaci\u00f3n, solo mostr\u00e9 sus posibles fallas\u00bb, dijo en una entrevista. \u00abEste juicio no tiene ning\u00fan sentido\u00bb, a\u00f1adi\u00f3.<\/p>\n<h2>Bolsonaro apelar\u00e1<\/h2>\n<p>La decisi\u00f3n se tom\u00f3 en la cuarta sesi\u00f3n del juicio tras el <b>quinto y decisivo voto<\/b>, el de la magistrada <b>Carmen L\u00facia<\/b>. Hasta hoy, tres de los siete jueces de la corte hab\u00edan votado a favor de la condena, y uno en contra. Resta ahora el parecer de dos jueces, que podr\u00edan pedir un aplazamiento del fin del juicio.<\/p>\n<p><b>El ex presidente estuvo ausente en todas las sesiones<\/b> y se enter\u00f3 del rev\u00e9s a su carrera pol\u00edtica en Belo Horizonte, al sureste de Minas Gerais, donde ten\u00eda previsto un almuerzo con miembros de su Partido Liberal (PL), seg\u00fan inform\u00f3 la propia agrupaci\u00f3n.<\/p>\n<p>El abogado de Bolsonaro, Tarcisio Vieira, anticip\u00f3 que en caso de condena, <b>recurrir\u00e1 la decisi\u00f3n ante el Supremo Tribunal Federal<\/b>.<\/p>\n<p>El caso se centra en un evento con diplom\u00e1ticos organizado por el entonces mandatario\u00a0en la residencia presidencial de la Alvorada, en el que asegur\u00f3 sin pruebas que buscaba <b>\u00abcorregir fallas\u00bb del sistema de urnas electr\u00f3nicas con la \u00abparticipaci\u00f3n de las Fuerzas Armadas\u00bb<\/b>.<\/p>\n<p>En su discurso, transmitido por la TV p\u00fablica y las redes sociales, dijo que la supuesta vulnerabilidad del sistema pod\u00eda servir para <b>manipular el resultado en su contra<\/b>, algo que repiti\u00f3 en numerosas ocasiones durante la campa\u00f1a electoral contra Lula.<\/p>\n<h2>\u00abNarrativa delirante\u00bb<\/h2>\n<p>Los cuatro jueces que ya votaron para condenarlo criticaron duramente su conducta. <b>Gon\u00e7alves<\/b> asoci\u00f3 a Bolsonaro a un <b>\u00abdiscurso violento y mentiras\u00bb<\/b> que pusieron \u00aben jaque la credibilidad de la justicia electoral\u00bb, y dijo que la reuni\u00f3n con los diplom\u00e1ticos \u00absirvi\u00f3 para incitar un estado de paranoia colectiva\u00bb sobre el sistema electoral.<\/p>\n<p>El discurso de Bolsonaro se convirti\u00f3 en una <b>\u00abnarrativa delirante con efectos nefastos para la democracia\u00bb<\/b>, y no se trat\u00f3 de un acto aislado, sino de algo \u00abconcatenado estrat\u00e9gicamente a lo largo del tiempo, con fines electoreros\u00bb, apunt\u00f3 por su parte <b>Andr\u00e9 Ramos Tavares<\/b>, el juez que vot\u00f3 d\u00edas atr\u00e1s.<\/p>\n<p>\u00ab\u00bfQu\u00e9 puede ser m\u00e1s grave para un jefe de Estado que, con objetivos electorales, movilizar el aparato de la Rep\u00fablica para transmitir intencionadamente la idea de que las elecciones brasile\u00f1as no son limpias?\u00bb, agreg\u00f3 el magistrado <b>Floriano Marques<\/b>, al d\u00eda siguiente, mientras justificaba su voto condenatorio.<\/p>\n<p>El \u00fanico parecer hasta ahora favorable a Bolsonaro\u00a0fue de <b>Raul Ara\u00fajo<\/b>, para quien \u00abla intensidad del comportamiento no fue tal para justificar la medida extrema de la inelegibilidad\u00bb.<\/p>\n<\/div>\n<\/div>\n","protected":false},"excerpt":{"rendered":"<p>La justicia electoral Brasil determin\u00f3 por mayor\u00eda inhabilitar al expresidente Jair Bolsonaro a presentarse a cargos p\u00fablicos hasta 2030, al condenarlo por diseminar mentiras y sospechas infundadas sobre el sistema de comicios brasile\u00f1o ante embajadores de pa\u00edses extranjeros. El Tribunal Superior Electoral logr\u00f3 la mayor\u00eda de cuatro votos sobre siete con el sufragio de la [&hellip;]<\/p>\n","protected":false},"author":3,"featured_media":101456,"comment_status":"open","ping_status":"open","sticky":false,"template":"","format":"standard","meta":{"footnotes":""},"categories":[7],"tags":[],"class_list":{"0":"post-101455","1":"post","2":"type-post","3":"status-publish","4":"format-standard","5":"has-post-thumbnail","7":"category-nac"},"_links":{"self":[{"href":"https:\/\/primicias2262.com\/noticias\/wp-json\/wp\/v2\/posts\/101455","targetHints":{"allow":["GET"]}}],"collection":[{"href":"https:\/\/primicias2262.com\/noticias\/wp-json\/wp\/v2\/posts"}],"about":[{"href":"https:\/\/primicias2262.com\/noticias\/wp-json\/wp\/v2\/types\/post"}],"author":[{"embeddable":true,"href":"https:\/\/primicias2262.com\/noticias\/wp-json\/wp\/v2\/users\/3"}],"replies":[{"embeddable":true,"href":"https:\/\/primicias2262.com\/noticias\/wp-json\/wp\/v2\/comments?post=101455"}],"version-history":[{"count":1,"href":"https:\/\/primicias2262.com\/noticias\/wp-json\/wp\/v2\/posts\/101455\/revisions"}],"predecessor-version":[{"id":101457,"href":"https:\/\/primicias2262.com\/noticias\/wp-json\/wp\/v2\/posts\/101455\/revisions\/101457"}],"wp:featuredmedia":[{"embeddable":true,"href":"https:\/\/primicias2262.com\/noticias\/wp-json\/wp\/v2\/media\/101456"}],"wp:attachment":[{"href":"https:\/\/primicias2262.com\/noticias\/wp-json\/wp\/v2\/media?parent=101455"}],"wp:term":[{"taxonomy":"category","embeddable":true,"href":"https:\/\/primicias2262.com\/noticias\/wp-json\/wp\/v2\/categories?post=101455"},{"taxonomy":"post_tag","embeddable":true,"href":"https:\/\/primicias2262.com\/noticias\/wp-json\/wp\/v2\/tags?post=101455"}],"curies":[{"name":"wp","href":"https:\/\/api.w.org\/{rel}","templated":true}]}}