{"id":101462,"date":"2023-06-30T18:24:47","date_gmt":"2023-06-30T18:24:47","guid":{"rendered":"https:\/\/primicias2262.com\/noticias\/?p=101462"},"modified":"2023-07-02T00:31:56","modified_gmt":"2023-07-02T00:31:56","slug":"arturo-sabra-por-que-me-dio-semejante-lugar-dentro-de-la-lista","status":"publish","type":"post","link":"https:\/\/primicias2262.com\/noticias\/arturo-sabra-por-que-me-dio-semejante-lugar-dentro-de-la-lista\/","title":{"rendered":"\u201cArturo sabr\u00e1 por qu\u00e9 me dio semejante lugar dentro de la lista\u201d"},"content":{"rendered":"<p><strong>As\u00ed lo asegur\u00f3 en referencia al intendente Arturo Rojas la presidenta del Consejo Escolar, Silvina Jensen Menna, cuyo nombre aparece segundo en la lista de precandidatos a concejales de Nueva Necochea para las elecciones de este a\u00f1o, detr\u00e1s de Guillermo S\u00e1nchez.<\/strong><\/p>\n<p>En su visita a los estudios de \u201cVoces de la Ciudad\u201d, ante la consulta del periodista Jorge G\u00f3mez, Silvina habl\u00f3 sobre el nuevo desaf\u00edo que se plantea en su vida, y asegur\u00f3 que \u201cten\u00eda tres opciones: renovar como consejera escolar, ir por este lugar en el Concejo o jubilarme, porque ya estoy en condiciones de hacerlo, pero decid\u00ed aceptar este desaf\u00edo y esta invitaci\u00f3n a pasar al cuerpo deliberativo y aprender mucho de mis compa\u00f1eros\u201d.<\/p>\n<p>Pero yendo a los detalles de su nombramiento, revel\u00f3 \u00a0que \u201cArturo (Rojas) me pregunt\u00f3 si quer\u00eda renovar como consejera escolar y yo le dije \u2018yo voy adonde vos me necesites\u2019, como cuando en su momento me convoc\u00f3 y estoy agradecida por el lugar que me dio\u201d.<\/p>\n<p>Cont\u00f3 que \u201cle dije que me gustar\u00eda ir al Deliberativo para probar y aprender otras cosas, gestionar y acompa\u00f1ar al gran cuerpo de concejales que tenemos, \u2018pero en lo que vos necesites yo har\u00e9\u2019, y ah\u00ed fue cuando me dijo: \u2018Vos est\u00e1s en la otra lista (en referencia a la de concejales), pero me enter\u00e9 reci\u00e9n del lugar que ten\u00eda cuando fui a firmar con la escribana\u201d.<\/p>\n<p>Jensen Menna asegur\u00f3 que \u201cmuchos me preguntaban en qu\u00e9 lugar de la lista estaba y yo no sab\u00eda ni pensaba en preguntar. Arturo decide y maneja, \u00e9l es el conductor y nosotros tenemos que ser humildes\u201d, y fue all\u00ed cuando se\u00f1al\u00f3 que \u201c\u00e9l sabr\u00e1 por qu\u00e9 me dio semejante lugar dentro de la lista, m\u00e1s all\u00e1 de que hay que tener en cuenta que somos todos importantes, del primero al decimoquinto, porque si Arturo te est\u00e1 convocando es para que vos acompa\u00f1es el proyecto y no importa en qu\u00e9 lugar\u201d.<\/p>\n<p>Al consultarle por qu\u00e9 deber\u00eda haber otro mandato de Nueva Necochea, la presidenta del Consejo Escolar argument\u00f3 que \u201ccon tres a\u00f1os y medio no alcanza, el proyecto que est\u00e1 en marcha y todo lo que se viene gestionando y generando tiene que tener una continuidad de trabajo. Arturo es incansable y desde que arranc\u00f3 en la pol\u00edtica sabe lo que quiere para la ciudad y sabe c\u00f3mo hacerlo y c\u00f3mo generar equipos de trabajo, lo cual es clave. Y vos sab\u00e9s que si vas a trabar con \u00e9l ten\u00e9s que seguir su ritmo y su humildad. \u00c9l nos dice que nunca hay que cre\u00e9rsela en nada\u201d.<\/p>\n<p>Del contacto diario con los vecinos, revel\u00f3 que \u201cla gente dice que el cambio se observa y es notorio\u2026 pero por supuesto que cuando hac\u00e9s te exigen m\u00e1s, en el Consejo Escolar nos pasa lo mismo, y como ten\u00e9s un intendente y un equipo de trabajo que hace, tambi\u00e9n la demanda es creciente\u2026 pero la gente reconoce que los cambios est\u00e1n y se observan, y eso se puede ver recorriendo los espacios comunes, las plazas, la playa, la ribera y en todos los barrios\u201d.<\/p>\n<p>Para concluir, en la v\u00edspera de la presentaci\u00f3n de la lista de Nueva Necochea este s\u00e1bado 1\u00ba de julio en Centro Vasco a partir de las 18, Silvina invit\u00f3 a la comunidad a participar y concluy\u00f3 que \u201cestamos convencidos de que Arturo es el mejor intendente para la ciudad, si queremos seguir avanzando y ser una ciudad que mire para adelante hay que darle otra vez un voto de confianza a este equipo, no podemos tirar por la borda estos cuatro a\u00f1os de gesti\u00f3n\u201d.<\/p>\n","protected":false},"excerpt":{"rendered":"<p>As\u00ed lo asegur\u00f3 en referencia al intendente Arturo Rojas la presidenta del Consejo Escolar, Silvina Jensen Menna, cuyo nombre aparece segundo en la lista de precandidatos a concejales de Nueva Necochea para las elecciones de este a\u00f1o, detr\u00e1s de Guillermo S\u00e1nchez. En su visita a los estudios de \u201cVoces de la Ciudad\u201d, ante la consulta [&hellip;]<\/p>\n","protected":false},"author":3,"featured_media":101464,"comment_status":"open","ping_status":"open","sticky":false,"template":"","format":"standard","meta":{"footnotes":""},"categories":[3],"tags":[],"class_list":["post-101462","post","type-post","status-publish","format-standard","has-post-thumbnail","category-masnoticias"],"_links":{"self":[{"href":"https:\/\/primicias2262.com\/noticias\/wp-json\/wp\/v2\/posts\/101462","targetHints":{"allow":["GET"]}}],"collection":[{"href":"https:\/\/primicias2262.com\/noticias\/wp-json\/wp\/v2\/posts"}],"about":[{"href":"https:\/\/primicias2262.com\/noticias\/wp-json\/wp\/v2\/types\/post"}],"author":[{"embeddable":true,"href":"https:\/\/primicias2262.com\/noticias\/wp-json\/wp\/v2\/users\/3"}],"replies":[{"embeddable":true,"href":"https:\/\/primicias2262.com\/noticias\/wp-json\/wp\/v2\/comments?post=101462"}],"version-history":[{"count":1,"href":"https:\/\/primicias2262.com\/noticias\/wp-json\/wp\/v2\/posts\/101462\/revisions"}],"predecessor-version":[{"id":101465,"href":"https:\/\/primicias2262.com\/noticias\/wp-json\/wp\/v2\/posts\/101462\/revisions\/101465"}],"wp:featuredmedia":[{"embeddable":true,"href":"https:\/\/primicias2262.com\/noticias\/wp-json\/wp\/v2\/media\/101464"}],"wp:attachment":[{"href":"https:\/\/primicias2262.com\/noticias\/wp-json\/wp\/v2\/media?parent=101462"}],"wp:term":[{"taxonomy":"category","embeddable":true,"href":"https:\/\/primicias2262.com\/noticias\/wp-json\/wp\/v2\/categories?post=101462"},{"taxonomy":"post_tag","embeddable":true,"href":"https:\/\/primicias2262.com\/noticias\/wp-json\/wp\/v2\/tags?post=101462"}],"curies":[{"name":"wp","href":"https:\/\/api.w.org\/{rel}","templated":true}]}}