{"id":101467,"date":"2023-06-30T18:35:12","date_gmt":"2023-06-30T18:35:12","guid":{"rendered":"https:\/\/primicias2262.com\/noticias\/?p=101467"},"modified":"2023-06-30T18:35:12","modified_gmt":"2023-06-30T18:35:12","slug":"acto-de-celebracion-en-quequen-por-los-213-anos-de-la-prefectura-naval-argentina","status":"publish","type":"post","link":"https:\/\/primicias2262.com\/noticias\/acto-de-celebracion-en-quequen-por-los-213-anos-de-la-prefectura-naval-argentina\/","title":{"rendered":"Acto de celebraci\u00f3n en Quequ\u00e9n por los 213 a\u00f1os de la Prefectura Naval Argentina"},"content":{"rendered":"<p><strong>En la ma\u00f1ana de este viernes 30 de junio, con motivo de cumplirse el 213\u00b0 Aniversario de la Incorporaci\u00f3n y Nacimiento Oficial de la Prefectura Naval Argentina como Instituci\u00f3n de la Patria, se llev\u00f3 a cabo en la Prefectura Quequ\u00e9n, como en todas las Dependencias del Pa\u00eds, una ceremonia presidida por el Prefecto Principal, D. Marcos Antonio Luffi, acompa\u00f1ado por el Secretario Penal del Juzgado Federal de Necochea, Dr. Rolando P\u00e9rez, Presidente y Gerente General del Consorcio de Gesti\u00f3n del Puerto de Quequ\u00e9n, Jorge \u00c1lvaro y Oscar Mor\u00e1n, y en representaci\u00f3n de la Municipalidad de Necochea, Walter Calabretta.<\/strong><\/p>\n<p><a href=\"https:\/\/primicias2262.com\/noticias\/wp-content\/uploads\/2023\/06\/WhatsApp-Image-2023-06-30-at-3.11.25-PM.jpeg\"><img loading=\"lazy\" decoding=\"async\" class=\"aligncenter size-full wp-image-101469\" src=\"https:\/\/primicias2262.com\/noticias\/wp-content\/uploads\/2023\/06\/WhatsApp-Image-2023-06-30-at-3.11.25-PM.jpeg\" alt=\"\" width=\"1600\" height=\"1066\" srcset=\"https:\/\/primicias2262.com\/noticias\/wp-content\/uploads\/2023\/06\/WhatsApp-Image-2023-06-30-at-3.11.25-PM.jpeg 1600w, https:\/\/primicias2262.com\/noticias\/wp-content\/uploads\/2023\/06\/WhatsApp-Image-2023-06-30-at-3.11.25-PM-300x200.jpeg 300w, https:\/\/primicias2262.com\/noticias\/wp-content\/uploads\/2023\/06\/WhatsApp-Image-2023-06-30-at-3.11.25-PM-1024x682.jpeg 1024w, https:\/\/primicias2262.com\/noticias\/wp-content\/uploads\/2023\/06\/WhatsApp-Image-2023-06-30-at-3.11.25-PM-768x512.jpeg 768w, https:\/\/primicias2262.com\/noticias\/wp-content\/uploads\/2023\/06\/WhatsApp-Image-2023-06-30-at-3.11.25-PM-1536x1023.jpeg 1536w, https:\/\/primicias2262.com\/noticias\/wp-content\/uploads\/2023\/06\/WhatsApp-Image-2023-06-30-at-3.11.25-PM-150x100.jpeg 150w, https:\/\/primicias2262.com\/noticias\/wp-content\/uploads\/2023\/06\/WhatsApp-Image-2023-06-30-at-3.11.25-PM-696x464.jpeg 696w, https:\/\/primicias2262.com\/noticias\/wp-content\/uploads\/2023\/06\/WhatsApp-Image-2023-06-30-at-3.11.25-PM-1068x712.jpeg 1068w\" sizes=\"auto, (max-width: 1600px) 100vw, 1600px\" \/><\/a>La formaci\u00f3n cont\u00f3 con Personal Superior y Subalterno y le dieron un marco especial las Banderas de Ceremonias, de la Prefectura Quequ\u00e9n y Guardacostas \u201cRio Paraguay\u201d, conjuntamente con el Centro de Veteranos de Malvinas Necochea-Quequ\u00e9n, de la Escuela Nuestra Se\u00f1ora de la Merced, de la Escuela de Formaci\u00f3n y capacitaci\u00f3n para el Personal de la Marina Mercante Nacional.<\/p>\n<p>Se entonaron las estrofas del Himno Nacional Argentino, interpretados por la Banda de M\u00fasica Municipal dirigida por el Profesor Fernando Mange, y la invocaci\u00f3n religiosa a cargo del Padre Mario Fern\u00e1ndez.<\/p>\n<div id='gallery-1' class='gallery galleryid-101467 gallery-columns-2 gallery-size-medium'><figure class='gallery-item'>\n\t\t\t<div class='gallery-icon landscape'>\n\t\t\t\t<a href='https:\/\/primicias2262.com\/noticias\/acto-de-celebracion-en-quequen-por-los-213-anos-de-la-prefectura-naval-argentina\/whatsapp-image-2023-06-30-at-3-11-25-pm1\/'><img loading=\"lazy\" decoding=\"async\" width=\"300\" height=\"200\" src=\"https:\/\/primicias2262.com\/noticias\/wp-content\/uploads\/2023\/06\/WhatsApp-Image-2023-06-30-at-3.11.25-PM1-300x200.jpeg\" class=\"attachment-medium size-medium\" alt=\"\" srcset=\"https:\/\/primicias2262.com\/noticias\/wp-content\/uploads\/2023\/06\/WhatsApp-Image-2023-06-30-at-3.11.25-PM1-300x200.jpeg 300w, https:\/\/primicias2262.com\/noticias\/wp-content\/uploads\/2023\/06\/WhatsApp-Image-2023-06-30-at-3.11.25-PM1-1024x682.jpeg 1024w, https:\/\/primicias2262.com\/noticias\/wp-content\/uploads\/2023\/06\/WhatsApp-Image-2023-06-30-at-3.11.25-PM1-768x512.jpeg 768w, https:\/\/primicias2262.com\/noticias\/wp-content\/uploads\/2023\/06\/WhatsApp-Image-2023-06-30-at-3.11.25-PM1-1536x1023.jpeg 1536w, https:\/\/primicias2262.com\/noticias\/wp-content\/uploads\/2023\/06\/WhatsApp-Image-2023-06-30-at-3.11.25-PM1-150x100.jpeg 150w, https:\/\/primicias2262.com\/noticias\/wp-content\/uploads\/2023\/06\/WhatsApp-Image-2023-06-30-at-3.11.25-PM1-696x464.jpeg 696w, https:\/\/primicias2262.com\/noticias\/wp-content\/uploads\/2023\/06\/WhatsApp-Image-2023-06-30-at-3.11.25-PM1-1068x712.jpeg 1068w, https:\/\/primicias2262.com\/noticias\/wp-content\/uploads\/2023\/06\/WhatsApp-Image-2023-06-30-at-3.11.25-PM1.jpeg 1600w\" sizes=\"auto, (max-width: 300px) 100vw, 300px\" \/><\/a>\n\t\t\t<\/div><\/figure><figure class='gallery-item'>\n\t\t\t<div class='gallery-icon landscape'>\n\t\t\t\t<a href='https:\/\/primicias2262.com\/noticias\/acto-de-celebracion-en-quequen-por-los-213-anos-de-la-prefectura-naval-argentina\/whatsapp-image-2023-06-30-at-3-11-27-pm\/'><img loading=\"lazy\" decoding=\"async\" width=\"300\" height=\"200\" src=\"https:\/\/primicias2262.com\/noticias\/wp-content\/uploads\/2023\/06\/WhatsApp-Image-2023-06-30-at-3.11.27-PM-300x200.jpeg\" class=\"attachment-medium size-medium\" alt=\"\" srcset=\"https:\/\/primicias2262.com\/noticias\/wp-content\/uploads\/2023\/06\/WhatsApp-Image-2023-06-30-at-3.11.27-PM-300x200.jpeg 300w, https:\/\/primicias2262.com\/noticias\/wp-content\/uploads\/2023\/06\/WhatsApp-Image-2023-06-30-at-3.11.27-PM-1024x682.jpeg 1024w, https:\/\/primicias2262.com\/noticias\/wp-content\/uploads\/2023\/06\/WhatsApp-Image-2023-06-30-at-3.11.27-PM-768x512.jpeg 768w, https:\/\/primicias2262.com\/noticias\/wp-content\/uploads\/2023\/06\/WhatsApp-Image-2023-06-30-at-3.11.27-PM-1536x1023.jpeg 1536w, https:\/\/primicias2262.com\/noticias\/wp-content\/uploads\/2023\/06\/WhatsApp-Image-2023-06-30-at-3.11.27-PM-150x100.jpeg 150w, https:\/\/primicias2262.com\/noticias\/wp-content\/uploads\/2023\/06\/WhatsApp-Image-2023-06-30-at-3.11.27-PM-696x464.jpeg 696w, https:\/\/primicias2262.com\/noticias\/wp-content\/uploads\/2023\/06\/WhatsApp-Image-2023-06-30-at-3.11.27-PM-1068x712.jpeg 1068w, https:\/\/primicias2262.com\/noticias\/wp-content\/uploads\/2023\/06\/WhatsApp-Image-2023-06-30-at-3.11.27-PM.jpeg 1600w\" sizes=\"auto, (max-width: 300px) 100vw, 300px\" \/><\/a>\n\t\t\t<\/div><\/figure>\n\t\t<\/div>\n\n<p>Se hizo oportuno para la entrega de Medallas de Bodas de Oro, a quienes cumplieron 50 a\u00f1os desde su ingreso a la Instituci\u00f3n ellos fueron:<\/p>\n<p>Ayudante de Primera Zabaleta Juan, Ayudante de Primera Garc\u00eda Roberto, Ayudante de Primera Ibauza Eduardo, Ayudante de Primera Mart\u00ednez Daniel, Ayudante de Primera Altemio Alonso, Ayudante de Primera Horacio Go\u00f1i, Ayudante de Segunda Daniel Verga.<\/p>\n<p>Para finalizar el Prefecto Principal Luffi, dio lectura a las palabras alusivas del Prefecto Nacional Naval, Prefecto General D. Mario Rub\u00e9n Farin\u00f3n.<\/p>\n<p><a href=\"https:\/\/primicias2262.com\/noticias\/wp-content\/uploads\/2023\/06\/WhatsApp-Image-2023-06-30-at-3.11.27-PM1.jpeg\"><img loading=\"lazy\" decoding=\"async\" class=\"aligncenter size-full wp-image-101471\" src=\"https:\/\/primicias2262.com\/noticias\/wp-content\/uploads\/2023\/06\/WhatsApp-Image-2023-06-30-at-3.11.27-PM1.jpeg\" alt=\"\" width=\"1600\" height=\"1066\" srcset=\"https:\/\/primicias2262.com\/noticias\/wp-content\/uploads\/2023\/06\/WhatsApp-Image-2023-06-30-at-3.11.27-PM1.jpeg 1600w, https:\/\/primicias2262.com\/noticias\/wp-content\/uploads\/2023\/06\/WhatsApp-Image-2023-06-30-at-3.11.27-PM1-300x200.jpeg 300w, https:\/\/primicias2262.com\/noticias\/wp-content\/uploads\/2023\/06\/WhatsApp-Image-2023-06-30-at-3.11.27-PM1-1024x682.jpeg 1024w, https:\/\/primicias2262.com\/noticias\/wp-content\/uploads\/2023\/06\/WhatsApp-Image-2023-06-30-at-3.11.27-PM1-768x512.jpeg 768w, https:\/\/primicias2262.com\/noticias\/wp-content\/uploads\/2023\/06\/WhatsApp-Image-2023-06-30-at-3.11.27-PM1-1536x1023.jpeg 1536w, https:\/\/primicias2262.com\/noticias\/wp-content\/uploads\/2023\/06\/WhatsApp-Image-2023-06-30-at-3.11.27-PM1-150x100.jpeg 150w, https:\/\/primicias2262.com\/noticias\/wp-content\/uploads\/2023\/06\/WhatsApp-Image-2023-06-30-at-3.11.27-PM1-696x464.jpeg 696w, https:\/\/primicias2262.com\/noticias\/wp-content\/uploads\/2023\/06\/WhatsApp-Image-2023-06-30-at-3.11.27-PM1-1068x712.jpeg 1068w\" sizes=\"auto, (max-width: 1600px) 100vw, 1600px\" \/><\/a><\/p>\n","protected":false},"excerpt":{"rendered":"<p>En la ma\u00f1ana de este viernes 30 de junio, con motivo de cumplirse el 213\u00b0 Aniversario de la Incorporaci\u00f3n y Nacimiento Oficial de la Prefectura Naval Argentina como Instituci\u00f3n de la Patria, se llev\u00f3 a cabo en la Prefectura Quequ\u00e9n, como en todas las Dependencias del Pa\u00eds, una ceremonia presidida por el Prefecto Principal, D. [&hellip;]<\/p>\n","protected":false},"author":3,"featured_media":101470,"comment_status":"open","ping_status":"open","sticky":false,"template":"","format":"standard","meta":{"footnotes":""},"categories":[3],"tags":[],"class_list":["post-101467","post","type-post","status-publish","format-standard","has-post-thumbnail","category-masnoticias"],"_links":{"self":[{"href":"https:\/\/primicias2262.com\/noticias\/wp-json\/wp\/v2\/posts\/101467","targetHints":{"allow":["GET"]}}],"collection":[{"href":"https:\/\/primicias2262.com\/noticias\/wp-json\/wp\/v2\/posts"}],"about":[{"href":"https:\/\/primicias2262.com\/noticias\/wp-json\/wp\/v2\/types\/post"}],"author":[{"embeddable":true,"href":"https:\/\/primicias2262.com\/noticias\/wp-json\/wp\/v2\/users\/3"}],"replies":[{"embeddable":true,"href":"https:\/\/primicias2262.com\/noticias\/wp-json\/wp\/v2\/comments?post=101467"}],"version-history":[{"count":1,"href":"https:\/\/primicias2262.com\/noticias\/wp-json\/wp\/v2\/posts\/101467\/revisions"}],"predecessor-version":[{"id":101473,"href":"https:\/\/primicias2262.com\/noticias\/wp-json\/wp\/v2\/posts\/101467\/revisions\/101473"}],"wp:featuredmedia":[{"embeddable":true,"href":"https:\/\/primicias2262.com\/noticias\/wp-json\/wp\/v2\/media\/101470"}],"wp:attachment":[{"href":"https:\/\/primicias2262.com\/noticias\/wp-json\/wp\/v2\/media?parent=101467"}],"wp:term":[{"taxonomy":"category","embeddable":true,"href":"https:\/\/primicias2262.com\/noticias\/wp-json\/wp\/v2\/categories?post=101467"},{"taxonomy":"post_tag","embeddable":true,"href":"https:\/\/primicias2262.com\/noticias\/wp-json\/wp\/v2\/tags?post=101467"}],"curies":[{"name":"wp","href":"https:\/\/api.w.org\/{rel}","templated":true}]}}