{"id":101487,"date":"2023-07-02T00:30:03","date_gmt":"2023-07-02T00:30:03","guid":{"rendered":"https:\/\/primicias2262.com\/noticias\/?p=101487"},"modified":"2023-07-03T17:32:23","modified_gmt":"2023-07-03T17:32:23","slug":"rojas-tengo-mas-fuerzas-que-nunca-para-enfrentar-los-desafios-que-vienen","status":"publish","type":"post","link":"https:\/\/primicias2262.com\/noticias\/rojas-tengo-mas-fuerzas-que-nunca-para-enfrentar-los-desafios-que-vienen\/","title":{"rendered":"Rojas: \u00abTengo m\u00e1s fuerzas que nunca para enfrentar los desaf\u00edos que vienen\u00bb"},"content":{"rendered":"<p>El intendente Arturo Rojas consider\u00f3 este s\u00e1bado que \u201cel distrito est\u00e1 mejor porque estamos cerca de la gente y tomamos las decisiones que hab\u00eda que tomar\u201d y asegur\u00f3, de manera enf\u00e1tica, que \u201ctengo m\u00e1s fuerzas que nunca para enfrentar los desaf\u00edos que se nos van a plantear\u201d.<\/p>\n<p>\u201cEn \u00e9pocas de elecciones se presentan muchos candidatos, pero no podemos permitir que la mayor prestadora de servicios del distrito, que es la Municipalidad, quede en manos de improvisados que no dicen c\u00f3mo van a resolver los problemas de la gente, no est\u00e1n preparados y no cuentan con equipos\u201d, afirm\u00f3 con relaci\u00f3n a sus futuros adversarios en las elecciones 2023.<\/p>\n<p><a href=\"https:\/\/primicias2262.com\/noticias\/wp-content\/uploads\/2023\/07\/WhatsApp-Image-2023-07-01-at-9.26.07-PM.jpeg\"><img loading=\"lazy\" decoding=\"async\" class=\"aligncenter size-full wp-image-101489\" src=\"https:\/\/primicias2262.com\/noticias\/wp-content\/uploads\/2023\/07\/WhatsApp-Image-2023-07-01-at-9.26.07-PM.jpeg\" alt=\"\" width=\"1600\" height=\"720\" srcset=\"https:\/\/primicias2262.com\/noticias\/wp-content\/uploads\/2023\/07\/WhatsApp-Image-2023-07-01-at-9.26.07-PM.jpeg 1600w, https:\/\/primicias2262.com\/noticias\/wp-content\/uploads\/2023\/07\/WhatsApp-Image-2023-07-01-at-9.26.07-PM-300x135.jpeg 300w, https:\/\/primicias2262.com\/noticias\/wp-content\/uploads\/2023\/07\/WhatsApp-Image-2023-07-01-at-9.26.07-PM-1024x461.jpeg 1024w, https:\/\/primicias2262.com\/noticias\/wp-content\/uploads\/2023\/07\/WhatsApp-Image-2023-07-01-at-9.26.07-PM-768x346.jpeg 768w, https:\/\/primicias2262.com\/noticias\/wp-content\/uploads\/2023\/07\/WhatsApp-Image-2023-07-01-at-9.26.07-PM-1536x691.jpeg 1536w, https:\/\/primicias2262.com\/noticias\/wp-content\/uploads\/2023\/07\/WhatsApp-Image-2023-07-01-at-9.26.07-PM-150x68.jpeg 150w, https:\/\/primicias2262.com\/noticias\/wp-content\/uploads\/2023\/07\/WhatsApp-Image-2023-07-01-at-9.26.07-PM-696x313.jpeg 696w, https:\/\/primicias2262.com\/noticias\/wp-content\/uploads\/2023\/07\/WhatsApp-Image-2023-07-01-at-9.26.07-PM-1068x481.jpeg 1068w\" sizes=\"auto, (max-width: 1600px) 100vw, 1600px\" \/><\/a><\/p>\n<p>El jefe comunal pronunci\u00f3 estos conceptos durante el acto de presentaci\u00f3n de los precandidatos a concejales y consejeros escolares de Nueva Necochea que lo acompa\u00f1aran en su meta por la reelecci\u00f3n, y que tuvo desarrollo en un colmado sal\u00f3n de fiestas del Centro Vasco.<\/p>\n<p>Parado sobre un elegante escenario y rodeado de pantallas gigantes, t\u00edpico de los modernos actos proselitistas, Rojas destac\u00f3 el trabajo de su equipo de gobierno y de los concejales, como as\u00ed tambi\u00e9n el apoyo de la militancia, de los trabajadores municipales y de los vecinos y fue enumerando cada uno de los logros de sus 3 a\u00f1os y medio de gesti\u00f3n.<\/p>\n<p><a href=\"https:\/\/primicias2262.com\/noticias\/wp-content\/uploads\/2023\/07\/WhatsApp-Image-2023-07-01-at-9.26.11-PM.jpeg\"><img loading=\"lazy\" decoding=\"async\" class=\"aligncenter size-full wp-image-101490\" src=\"https:\/\/primicias2262.com\/noticias\/wp-content\/uploads\/2023\/07\/WhatsApp-Image-2023-07-01-at-9.26.11-PM.jpeg\" alt=\"\" width=\"1600\" height=\"720\" srcset=\"https:\/\/primicias2262.com\/noticias\/wp-content\/uploads\/2023\/07\/WhatsApp-Image-2023-07-01-at-9.26.11-PM.jpeg 1600w, https:\/\/primicias2262.com\/noticias\/wp-content\/uploads\/2023\/07\/WhatsApp-Image-2023-07-01-at-9.26.11-PM-300x135.jpeg 300w, https:\/\/primicias2262.com\/noticias\/wp-content\/uploads\/2023\/07\/WhatsApp-Image-2023-07-01-at-9.26.11-PM-1024x461.jpeg 1024w, https:\/\/primicias2262.com\/noticias\/wp-content\/uploads\/2023\/07\/WhatsApp-Image-2023-07-01-at-9.26.11-PM-768x346.jpeg 768w, https:\/\/primicias2262.com\/noticias\/wp-content\/uploads\/2023\/07\/WhatsApp-Image-2023-07-01-at-9.26.11-PM-1536x691.jpeg 1536w, https:\/\/primicias2262.com\/noticias\/wp-content\/uploads\/2023\/07\/WhatsApp-Image-2023-07-01-at-9.26.11-PM-150x68.jpeg 150w, https:\/\/primicias2262.com\/noticias\/wp-content\/uploads\/2023\/07\/WhatsApp-Image-2023-07-01-at-9.26.11-PM-696x313.jpeg 696w, https:\/\/primicias2262.com\/noticias\/wp-content\/uploads\/2023\/07\/WhatsApp-Image-2023-07-01-at-9.26.11-PM-1068x481.jpeg 1068w\" sizes=\"auto, (max-width: 1600px) 100vw, 1600px\" \/><\/a><\/p>\n<p>Dijo que esas metas se cumplieron sustentadas en \u201cel valor de la palabra, porque nos hicimos cargo de un municipio quebrado, pero con el tiempo, fuimos restableciendo la confianza de los proveedores y prestadores, pero tambi\u00e9n de los vecinos de Necochea, Quequ\u00e9n y el interior del distrito\u201d.<\/p>\n<p>\u201cNosotros nos preparamos mucho tiempo antes de asumir el gobierno, pero nunca planificamos que a los pocos meses de asumir el camino se nos iba a presentar un desaf\u00edo tan importante como fue enfrentar la pandemia\u201d, admiti\u00f3 para luego subrayar que \u201cfueron tiempos dif\u00edciles, pero ning\u00fan vecino de Necochea tuvo que ser derivado a otros distritos\u201d para recibir atenci\u00f3n (m\u00e9dica) y puso de relieve el desempe\u00f1o del personal de salud.<\/p>\n<p>El intendente afirm\u00f3 que durante su gesti\u00f3n \u201cse hicieron numerosas obras (de infraestructura) en los diferentes barrios\u201d del distrito, destacando los centros de salud \u201cCarlos Fucile\u201d y del Barrio Norte, como la futura creaci\u00f3n de la planta de tratamiento de residuos s\u00f3lidos y la actual construcci\u00f3n de un polideportivo en 98 y 67.<\/p>\n<p>Tambi\u00e9n Rojas asegur\u00f3 que a la hora de enfrentar a los vecinos \u201cvamos siempre con la verdad\u201d, haciendo alusi\u00f3n a la Oficina M\u00f3vil y se pregunt\u00f3 \u201ccu\u00e1ndo un intendente sali\u00f3 de su despacho para escuchar, sin audiencia previa y cara a cara, los reclamos de la gente\u201d.<\/p>\n<p><strong>FOTOS: Alejandro S\u00e1nchez<\/strong><\/p>\n","protected":false},"excerpt":{"rendered":"<p>El intendente Arturo Rojas consider\u00f3 este s\u00e1bado que \u201cel distrito est\u00e1 mejor porque estamos cerca de la gente y tomamos las decisiones que hab\u00eda que tomar\u201d y asegur\u00f3, de manera enf\u00e1tica, que \u201ctengo m\u00e1s fuerzas que nunca para enfrentar los desaf\u00edos que se nos van a plantear\u201d. \u201cEn \u00e9pocas de elecciones se presentan muchos candidatos, [&hellip;]<\/p>\n","protected":false},"author":3,"featured_media":101488,"comment_status":"open","ping_status":"open","sticky":false,"template":"","format":"standard","meta":{"footnotes":""},"categories":[3],"tags":[],"class_list":["post-101487","post","type-post","status-publish","format-standard","has-post-thumbnail","category-masnoticias"],"_links":{"self":[{"href":"https:\/\/primicias2262.com\/noticias\/wp-json\/wp\/v2\/posts\/101487","targetHints":{"allow":["GET"]}}],"collection":[{"href":"https:\/\/primicias2262.com\/noticias\/wp-json\/wp\/v2\/posts"}],"about":[{"href":"https:\/\/primicias2262.com\/noticias\/wp-json\/wp\/v2\/types\/post"}],"author":[{"embeddable":true,"href":"https:\/\/primicias2262.com\/noticias\/wp-json\/wp\/v2\/users\/3"}],"replies":[{"embeddable":true,"href":"https:\/\/primicias2262.com\/noticias\/wp-json\/wp\/v2\/comments?post=101487"}],"version-history":[{"count":3,"href":"https:\/\/primicias2262.com\/noticias\/wp-json\/wp\/v2\/posts\/101487\/revisions"}],"predecessor-version":[{"id":101522,"href":"https:\/\/primicias2262.com\/noticias\/wp-json\/wp\/v2\/posts\/101487\/revisions\/101522"}],"wp:featuredmedia":[{"embeddable":true,"href":"https:\/\/primicias2262.com\/noticias\/wp-json\/wp\/v2\/media\/101488"}],"wp:attachment":[{"href":"https:\/\/primicias2262.com\/noticias\/wp-json\/wp\/v2\/media?parent=101487"}],"wp:term":[{"taxonomy":"category","embeddable":true,"href":"https:\/\/primicias2262.com\/noticias\/wp-json\/wp\/v2\/categories?post=101487"},{"taxonomy":"post_tag","embeddable":true,"href":"https:\/\/primicias2262.com\/noticias\/wp-json\/wp\/v2\/tags?post=101487"}],"curies":[{"name":"wp","href":"https:\/\/api.w.org\/{rel}","templated":true}]}}