{"id":101507,"date":"2023-07-03T16:40:23","date_gmt":"2023-07-03T16:40:23","guid":{"rendered":"https:\/\/primicias2262.com\/noticias\/?p=101507"},"modified":"2023-07-04T11:45:24","modified_gmt":"2023-07-04T11:45:24","slug":"es-un-orgullo-anunciar-la-tercera-edicion-de-las-charlas-tedx-necochea","status":"publish","type":"post","link":"https:\/\/primicias2262.com\/noticias\/es-un-orgullo-anunciar-la-tercera-edicion-de-las-charlas-tedx-necochea\/","title":{"rendered":"\u201cEs un orgullo anunciar la tercera edici\u00f3n de las charlas TEDx Necochea\u201d"},"content":{"rendered":"<p><strong>As\u00ed lo afirm\u00f3 una de las integrantes de la CAPROQ (C\u00e1mara de Profesionales de Puerto Quequ\u00e9n), Mar\u00eda Eugenia Ruiz, en los d\u00edas previos a una nueva edici\u00f3n de las charlas de licencia internacional, que se realizar\u00e1n el pr\u00f3ximo viernes 7 de julio en la sala 1 del Teatro Toledo, de 18 a 21 hs.<\/strong><\/p>\n<p>En di\u00e1logo con el periodista Jorge G\u00f3mez en \u201cVoces de la Ciudad\u201d, la Dra. Ruiz afirm\u00f3 con entusiasmo y expectativa que \u201ces un orgullo anunciar la tercera edici\u00f3n de estas charlas en Necochea, es una licencia internacional que Necochea tiene el placer de contar, hay muy pocas en el pa\u00eds, creo que son seis, as\u00ed que es muy valioso que Necochea tenga esta posibilidad de mostrarse al mundo\u201d.<\/p>\n<p>La abogada inform\u00f3 que las charlas se hacen de forma din\u00e1mica, una tras otra y con un break en el medio. \u201cLa extensi\u00f3n de cada expositor\/a es un plazo no superior a los 18 minutos, deben explayar la tem\u00e1tica que est\u00e1n utilizando y poder transmitir una idea de forma prolija que cause atracci\u00f3n en los asistentes, y por eso est\u00e1 articulado desde la licencia de TED internacional\u201d, detall\u00f3.<\/p>\n<p><a href=\"https:\/\/primicias2262.com\/noticias\/wp-content\/uploads\/2023\/07\/maria-eugenia-ruiz2.jpeg\"><img loading=\"lazy\" decoding=\"async\" class=\"aligncenter size-full wp-image-101509\" src=\"https:\/\/primicias2262.com\/noticias\/wp-content\/uploads\/2023\/07\/maria-eugenia-ruiz2.jpeg\" alt=\"\" width=\"1024\" height=\"768\" srcset=\"https:\/\/primicias2262.com\/noticias\/wp-content\/uploads\/2023\/07\/maria-eugenia-ruiz2.jpeg 1024w, https:\/\/primicias2262.com\/noticias\/wp-content\/uploads\/2023\/07\/maria-eugenia-ruiz2-300x225.jpeg 300w, https:\/\/primicias2262.com\/noticias\/wp-content\/uploads\/2023\/07\/maria-eugenia-ruiz2-768x576.jpeg 768w, https:\/\/primicias2262.com\/noticias\/wp-content\/uploads\/2023\/07\/maria-eugenia-ruiz2-150x113.jpeg 150w, https:\/\/primicias2262.com\/noticias\/wp-content\/uploads\/2023\/07\/maria-eugenia-ruiz2-696x522.jpeg 696w\" sizes=\"auto, (max-width: 1024px) 100vw, 1024px\" \/><\/a>Para ver esta nueva edici\u00f3n de las TEDx Necochea, se puede asistir al Teatro Toledo o bien v\u00eda streaming. \u201cA partir de las 17.30 estaremos recibiendo las acreditaciones, y para poder asistir de manera presencial el usuario tiene que inscribirse a trav\u00e9s de la p\u00e1gina tedxnecochea (<strong>https:\/\/tedxnecochea.com\/<\/strong>), ya que no se puede presenciar de manera espont\u00e1nea\u201d, y acot\u00f3 que la entrada tiene un valor de 2500 pesos.<\/p>\n<p>\u201cPero no solo se pueden ver las charlas de manera presencial, sino que se transmiten por streaming y despu\u00e9s quedan colgadas en la p\u00e1gina de TED oficial para todo el mundo, ah\u00ed se ve Necochea y eso nos llena de orgullo\u201d, agreg\u00f3 Eugenia.<\/p>\n<p>En cuanto a las expectativas de los d\u00edas previos, se\u00f1al\u00f3 que \u201cestimo que va a ser muy exitosa esta edici\u00f3n como las anteriores, vamos a tener siete oradores, que han sido elegidos por un jurado de selecci\u00f3n en el que tenemos en cuenta diversas caracter\u00edsticas, no es que son las mejores personas o los mejores profesionales, sino la tem\u00e1tica y la forma de transmitirlo\u201d.<\/p>\n<p>Para este a\u00f1o, la lista de siete oradores es la siguiente: Eduardo Otero, nadador con tres presencias en Juegos Ol\u00edmpicos; Gabriela Benac junto a Camila y Agustina Aignasse, madre e hijas empresarias l\u00edderes; Ezequiel Herrada dise\u00f1o y comunicaci\u00f3n visual; Maximiliano Roa programador, mentor y evangelizador tecnol\u00f3gico; Angie Ferrazzini emprendedora social y promotora del desarrollo sostenible; Bautista Bu\u00f1o referente social con la misi\u00f3n de alejar a los j\u00f3venes del consumo problem\u00e1tico; y Esteban Mar\u00edngolo analista y desarrollador de software, el dinero como nueva tecnolog\u00eda.<\/p>\n<p>Aclar\u00f3 Ruiz seguidamente que \u201ccada uno de estos oradores no va a hablar de su vida personal, sino que se deja un mensaje que cada uno de ellos puede transmitir a trav\u00e9s de las vivencias que ha tenido, no son charlas autobiogr\u00e1ficas. Todos los oradores te dejan algo distinto y siempre de alguna manera te llegan\u201d, para concluir que \u201cesta edici\u00f3n se llama \u201cPersonas Apasionadas\u201d, y es lo que intentamos transmitir a partir de la exposici\u00f3n de cada orador\u201d.<\/p>\n","protected":false},"excerpt":{"rendered":"<p>As\u00ed lo afirm\u00f3 una de las integrantes de la CAPROQ (C\u00e1mara de Profesionales de Puerto Quequ\u00e9n), Mar\u00eda Eugenia Ruiz, en los d\u00edas previos a una nueva edici\u00f3n de las charlas de licencia internacional, que se realizar\u00e1n el pr\u00f3ximo viernes 7 de julio en la sala 1 del Teatro Toledo, de 18 a 21 hs. En [&hellip;]<\/p>\n","protected":false},"author":3,"featured_media":101510,"comment_status":"open","ping_status":"open","sticky":false,"template":"","format":"standard","meta":{"footnotes":""},"categories":[3],"tags":[],"class_list":["post-101507","post","type-post","status-publish","format-standard","has-post-thumbnail","category-masnoticias"],"_links":{"self":[{"href":"https:\/\/primicias2262.com\/noticias\/wp-json\/wp\/v2\/posts\/101507","targetHints":{"allow":["GET"]}}],"collection":[{"href":"https:\/\/primicias2262.com\/noticias\/wp-json\/wp\/v2\/posts"}],"about":[{"href":"https:\/\/primicias2262.com\/noticias\/wp-json\/wp\/v2\/types\/post"}],"author":[{"embeddable":true,"href":"https:\/\/primicias2262.com\/noticias\/wp-json\/wp\/v2\/users\/3"}],"replies":[{"embeddable":true,"href":"https:\/\/primicias2262.com\/noticias\/wp-json\/wp\/v2\/comments?post=101507"}],"version-history":[{"count":2,"href":"https:\/\/primicias2262.com\/noticias\/wp-json\/wp\/v2\/posts\/101507\/revisions"}],"predecessor-version":[{"id":101535,"href":"https:\/\/primicias2262.com\/noticias\/wp-json\/wp\/v2\/posts\/101507\/revisions\/101535"}],"wp:featuredmedia":[{"embeddable":true,"href":"https:\/\/primicias2262.com\/noticias\/wp-json\/wp\/v2\/media\/101510"}],"wp:attachment":[{"href":"https:\/\/primicias2262.com\/noticias\/wp-json\/wp\/v2\/media?parent=101507"}],"wp:term":[{"taxonomy":"category","embeddable":true,"href":"https:\/\/primicias2262.com\/noticias\/wp-json\/wp\/v2\/categories?post=101507"},{"taxonomy":"post_tag","embeddable":true,"href":"https:\/\/primicias2262.com\/noticias\/wp-json\/wp\/v2\/tags?post=101507"}],"curies":[{"name":"wp","href":"https:\/\/api.w.org\/{rel}","templated":true}]}}