{"id":101508,"date":"2023-07-03T16:38:55","date_gmt":"2023-07-03T16:38:55","guid":{"rendered":"https:\/\/primicias2262.com\/noticias\/?p=101508"},"modified":"2023-07-04T16:45:23","modified_gmt":"2023-07-04T16:45:23","slug":"vitale-hablo-sobre-segmentacion-energetica-pero-recordo-que-la-luz-no-aumenta-desde-2019","status":"publish","type":"post","link":"https:\/\/primicias2262.com\/noticias\/vitale-hablo-sobre-segmentacion-energetica-pero-recordo-que-la-luz-no-aumenta-desde-2019\/","title":{"rendered":"Vitale habl\u00f3 sobre segmentaci\u00f3n energ\u00e9tica pero record\u00f3 que \u201cla luz no aumenta desde 2019\u201d"},"content":{"rendered":"<p><strong>La presidenta del Consejo de Administraci\u00f3n de la Usina Popular Cooperativa, Pilar Vitale, pas\u00f3 por los estudios de \u201cVoces de la Ciudad\u201d y en charla con el periodista Jorge G\u00f3mez, se refiri\u00f3 a los subsidios y a los n\u00fameros en general de la cooperativa el\u00e9ctrica.<\/strong><\/p>\n<p>Primeramente, la m\u00e1xima autoridad de la UPC insisti\u00f3 en el tema de la segmentaci\u00f3n energ\u00e9tica para llamar la atenci\u00f3n del usuario que a\u00fan no se anot\u00f3. \u201cLa instituci\u00f3n reitera a todos sus asociados que quieren mantener el subsidio de energ\u00eda el\u00e9ctrica en sus hogares que otorga el gobierno nacional, que se inscriban. Para recibir el subsidio se invita a que hagan un tr\u00e1mite muy sencillo en <a href=\"http:\/\/www.argentina.gob.ar\/subsidios\">www.argentina.gob.ar\/subsidios<\/a>, y para el que no lo puede hacer, en la planta alta de 59 y 42 hay dos chicas de la fundaci\u00f3n de la UPC que le van a indicar\u2026 hay que inscribirse y despu\u00e9s que el gobierno te lo apruebe al mismo\u201d, inform\u00f3.<\/p>\n<p>Vitale se\u00f1al\u00f3 que los vecinos ya se tendr\u00edan que haber anotado en su momento, \u201caunque igual aumento van a tener\u201d, alert\u00f3, para tambi\u00e9n dejar en claro que \u201cno es la cooperativa la que aumenta, y hay gente que no va a tener el subsidio. Nosotros no ponemos los aumentos, sino que vienen de arriba, del gobierno nacional\u201d. Al mismo tiempo, record\u00f3 las dos categor\u00edas: \u201cN1 pagan m\u00e1s que N2, es de acuerdo a los kilowatts que se consumen a nivel mensual, si super\u00e1s los 400 kilowatts por mes ya pas\u00e1s a ser N1\u201d.<\/p>\n<p>Luego justific\u00f3 los aumentos al apuntar que \u201cno nos olvidemos que desde el 2019 no se aumenta la luz\u2026 Mar\u00eda Eugenia Vidal (por entonces gobernadora) no aument\u00f3 la luz para no perder las elecciones, e igual las perdi\u00f3, y despu\u00e9s no se aument\u00f3 m\u00e1s\u201d.<\/p>\n<p>Seguidamente habl\u00f3 de las finanzas de la instituci\u00f3n que preside, de lo cual asegur\u00f3 que \u201cest\u00e1n delicadas\u2026 hay que cuidar hasta el \u00faltimo peso como si fuera la econom\u00eda de tu casa\u201d, y enfatiz\u00f3 que \u201cyo no regalo nada, antes hab\u00eda muchas donaciones y condonaciones, gente que no pagaba y que debe hasta 500 mil pesos de luz\u201d.<\/p>\n<p>\u201cEllo se junta tambi\u00e9n con que la gente dej\u00f3 de pagar la cuota capital, que es para cubrir el robo de cables y mantener la cooperativa cuando viene un temporal. De pronto ahora queremos comprar una gr\u00faa, y la cuota capital es importante para eso, porque se va sumando lo que aporta cada uno y sirve para capitalizar a la cooperativa\u201d, culmin\u00f3 Vitale.<\/p>\n","protected":false},"excerpt":{"rendered":"<p>La presidenta del Consejo de Administraci\u00f3n de la Usina Popular Cooperativa, Pilar Vitale, pas\u00f3 por los estudios de \u201cVoces de la Ciudad\u201d y en charla con el periodista Jorge G\u00f3mez, se refiri\u00f3 a los subsidios y a los n\u00fameros en general de la cooperativa el\u00e9ctrica. Primeramente, la m\u00e1xima autoridad de la UPC insisti\u00f3 en el [&hellip;]<\/p>\n","protected":false},"author":3,"featured_media":101511,"comment_status":"open","ping_status":"open","sticky":false,"template":"","format":"standard","meta":{"footnotes":""},"categories":[3],"tags":[],"class_list":["post-101508","post","type-post","status-publish","format-standard","has-post-thumbnail","category-masnoticias"],"_links":{"self":[{"href":"https:\/\/primicias2262.com\/noticias\/wp-json\/wp\/v2\/posts\/101508","targetHints":{"allow":["GET"]}}],"collection":[{"href":"https:\/\/primicias2262.com\/noticias\/wp-json\/wp\/v2\/posts"}],"about":[{"href":"https:\/\/primicias2262.com\/noticias\/wp-json\/wp\/v2\/types\/post"}],"author":[{"embeddable":true,"href":"https:\/\/primicias2262.com\/noticias\/wp-json\/wp\/v2\/users\/3"}],"replies":[{"embeddable":true,"href":"https:\/\/primicias2262.com\/noticias\/wp-json\/wp\/v2\/comments?post=101508"}],"version-history":[{"count":1,"href":"https:\/\/primicias2262.com\/noticias\/wp-json\/wp\/v2\/posts\/101508\/revisions"}],"predecessor-version":[{"id":101512,"href":"https:\/\/primicias2262.com\/noticias\/wp-json\/wp\/v2\/posts\/101508\/revisions\/101512"}],"wp:featuredmedia":[{"embeddable":true,"href":"https:\/\/primicias2262.com\/noticias\/wp-json\/wp\/v2\/media\/101511"}],"wp:attachment":[{"href":"https:\/\/primicias2262.com\/noticias\/wp-json\/wp\/v2\/media?parent=101508"}],"wp:term":[{"taxonomy":"category","embeddable":true,"href":"https:\/\/primicias2262.com\/noticias\/wp-json\/wp\/v2\/categories?post=101508"},{"taxonomy":"post_tag","embeddable":true,"href":"https:\/\/primicias2262.com\/noticias\/wp-json\/wp\/v2\/tags?post=101508"}],"curies":[{"name":"wp","href":"https:\/\/api.w.org\/{rel}","templated":true}]}}