{"id":101519,"date":"2023-07-03T17:32:12","date_gmt":"2023-07-03T17:32:12","guid":{"rendered":"https:\/\/primicias2262.com\/noticias\/?p=101519"},"modified":"2023-07-04T17:53:20","modified_gmt":"2023-07-04T17:53:20","slug":"con-varias-penas-anotadas-se-palpita-el-1o-encuentro-regional-folclorico","status":"publish","type":"post","link":"https:\/\/primicias2262.com\/noticias\/con-varias-penas-anotadas-se-palpita-el-1o-encuentro-regional-folclorico\/","title":{"rendered":"Con varias pe\u00f1as anotadas se palpita el 1\u00ba Encuentro Regional folcl\u00f3rico"},"content":{"rendered":"<p><strong>El pr\u00f3ximo domingo 9 de julio, en el contexto de las celebraciones por los 207 a\u00f1os de la Independencia argentina, la Municipalidad de Necochea realizar\u00e1 el 1\u00ba Encuentro Regional de Pe\u00f1as Folcl\u00f3ricas, para el que ya se han anotado unas 30 agrupaciones locales y de la regi\u00f3n.<\/strong><\/p>\n<p>Walter Rodr\u00edguez, integrante de una de las agrupaciones de Necochea, form\u00f3 parte de la invitaci\u00f3n institucional que realiz\u00f3 el municipio al evento y anticip\u00f3 que \u201cser\u00e1 un encuentro donde habr\u00e1 muchas agrupaciones invitadas y es un momento muy especial porque es el primer encuentro de estas caracter\u00edsticas y estamos muy agradecidos porque se lleve a cabo\u201d.<\/p>\n<p>Record\u00f3 al instante que la entrada ser\u00e1 libre y totalmente gratuita, y en el recinto del Centro Vasco, en 58 entre 65 y 67, en simult\u00e1neo a la m\u00fasica habr\u00e1 cantina con mesas dulces y saladas, y un lugar de prendas para que la gente pueda observar y comprar.<\/p>\n<p>\u201cHabr\u00e1 alrededor de 30 agrupaciones y por ende ser\u00e1 un mont\u00f3n de gente que va a bailar arriba del escenario, pero tambi\u00e9n abajo del mismo, por la cantidad de personas que mueven todas las agrupaciones\u201d, palpit\u00f3 Rodr\u00edguez.<\/p>\n","protected":false},"excerpt":{"rendered":"<p>El pr\u00f3ximo domingo 9 de julio, en el contexto de las celebraciones por los 207 a\u00f1os de la Independencia argentina, la Municipalidad de Necochea realizar\u00e1 el 1\u00ba Encuentro Regional de Pe\u00f1as Folcl\u00f3ricas, para el que ya se han anotado unas 30 agrupaciones locales y de la regi\u00f3n. Walter Rodr\u00edguez, integrante de una de las agrupaciones [&hellip;]<\/p>\n","protected":false},"author":3,"featured_media":101520,"comment_status":"open","ping_status":"open","sticky":false,"template":"","format":"standard","meta":{"footnotes":""},"categories":[3],"tags":[],"class_list":["post-101519","post","type-post","status-publish","format-standard","has-post-thumbnail","category-masnoticias"],"_links":{"self":[{"href":"https:\/\/primicias2262.com\/noticias\/wp-json\/wp\/v2\/posts\/101519","targetHints":{"allow":["GET"]}}],"collection":[{"href":"https:\/\/primicias2262.com\/noticias\/wp-json\/wp\/v2\/posts"}],"about":[{"href":"https:\/\/primicias2262.com\/noticias\/wp-json\/wp\/v2\/types\/post"}],"author":[{"embeddable":true,"href":"https:\/\/primicias2262.com\/noticias\/wp-json\/wp\/v2\/users\/3"}],"replies":[{"embeddable":true,"href":"https:\/\/primicias2262.com\/noticias\/wp-json\/wp\/v2\/comments?post=101519"}],"version-history":[{"count":1,"href":"https:\/\/primicias2262.com\/noticias\/wp-json\/wp\/v2\/posts\/101519\/revisions"}],"predecessor-version":[{"id":101521,"href":"https:\/\/primicias2262.com\/noticias\/wp-json\/wp\/v2\/posts\/101519\/revisions\/101521"}],"wp:featuredmedia":[{"embeddable":true,"href":"https:\/\/primicias2262.com\/noticias\/wp-json\/wp\/v2\/media\/101520"}],"wp:attachment":[{"href":"https:\/\/primicias2262.com\/noticias\/wp-json\/wp\/v2\/media?parent=101519"}],"wp:term":[{"taxonomy":"category","embeddable":true,"href":"https:\/\/primicias2262.com\/noticias\/wp-json\/wp\/v2\/categories?post=101519"},{"taxonomy":"post_tag","embeddable":true,"href":"https:\/\/primicias2262.com\/noticias\/wp-json\/wp\/v2\/tags?post=101519"}],"curies":[{"name":"wp","href":"https:\/\/api.w.org\/{rel}","templated":true}]}}