{"id":101533,"date":"2023-07-04T11:44:26","date_gmt":"2023-07-04T11:44:26","guid":{"rendered":"https:\/\/primicias2262.com\/noticias\/?p=101533"},"modified":"2023-07-05T13:39:44","modified_gmt":"2023-07-05T13:39:44","slug":"comenzo-el-traslado-de-la-feria-americana-de-la-cooperadora-del-hospital-emilio-ferreyra","status":"publish","type":"post","link":"https:\/\/primicias2262.com\/noticias\/comenzo-el-traslado-de-la-feria-americana-de-la-cooperadora-del-hospital-emilio-ferreyra\/","title":{"rendered":"Comenz\u00f3 el traslado de la\u00a0Feria Americana de la Cooperadora del Hospital Emilio Ferreyra"},"content":{"rendered":"<p><strong>Por Jorge G\u00f3mez\u00a0 \u00a0<\/strong><\/p>\n<p><strong>Comenzaron las tareas de traslado de lo que se conoce como la Feria Americana de la Cooperadora del Hospital Municipal Emilio Ferreyra de Necochea del lugar que ven\u00eda ocupando, sito en la esquina de 57 y 62, hacia las nuevas dependencias que se utilizar\u00e1n de aqu\u00ed en adelante, y que se habilitar\u00e1n en jornadas m\u00e1s, ubicadas en calle 56 entre 57 y 59, frente a la Plaza Dardo Rocha.<\/strong><\/p>\n<p>Se inform\u00f3 que el movimiento de mercader\u00eda -ropa y otros elementos que se ponen a la venta y cuya recaudaci\u00f3n se destina al nosocomio necochense- llevar\u00e1 varios d\u00edas de movimiento.<\/p>\n<p>Tal lo consignado por la titular de la Cooperadora, Marta Iriberri. La hilera de estas primeras fotos informa las mencionadas tareas de traslado.<\/p>\n<p><a href=\"https:\/\/primicias2262.com\/noticias\/wp-content\/uploads\/2023\/07\/coop1.jpg\"><img loading=\"lazy\" decoding=\"async\" class=\"aligncenter size-full wp-image-101525\" src=\"https:\/\/primicias2262.com\/noticias\/wp-content\/uploads\/2023\/07\/coop1.jpg\" alt=\"\" width=\"2024\" height=\"1327\" srcset=\"https:\/\/primicias2262.com\/noticias\/wp-content\/uploads\/2023\/07\/coop1.jpg 2024w, https:\/\/primicias2262.com\/noticias\/wp-content\/uploads\/2023\/07\/coop1-300x197.jpg 300w, https:\/\/primicias2262.com\/noticias\/wp-content\/uploads\/2023\/07\/coop1-1024x671.jpg 1024w, https:\/\/primicias2262.com\/noticias\/wp-content\/uploads\/2023\/07\/coop1-768x504.jpg 768w, https:\/\/primicias2262.com\/noticias\/wp-content\/uploads\/2023\/07\/coop1-1536x1007.jpg 1536w, https:\/\/primicias2262.com\/noticias\/wp-content\/uploads\/2023\/07\/coop1-150x98.jpg 150w, https:\/\/primicias2262.com\/noticias\/wp-content\/uploads\/2023\/07\/coop1-696x456.jpg 696w, https:\/\/primicias2262.com\/noticias\/wp-content\/uploads\/2023\/07\/coop1-1068x700.jpg 1068w, https:\/\/primicias2262.com\/noticias\/wp-content\/uploads\/2023\/07\/coop1-1920x1259.jpg 1920w\" sizes=\"auto, (max-width: 2024px) 100vw, 2024px\" \/><\/a><\/p>\n<p><a href=\"https:\/\/primicias2262.com\/noticias\/wp-content\/uploads\/2023\/07\/coop4.jpg\"><img loading=\"lazy\" decoding=\"async\" class=\"aligncenter size-full wp-image-101528\" src=\"https:\/\/primicias2262.com\/noticias\/wp-content\/uploads\/2023\/07\/coop4.jpg\" alt=\"\" width=\"521\" height=\"521\" srcset=\"https:\/\/primicias2262.com\/noticias\/wp-content\/uploads\/2023\/07\/coop4.jpg 521w, https:\/\/primicias2262.com\/noticias\/wp-content\/uploads\/2023\/07\/coop4-300x300.jpg 300w, https:\/\/primicias2262.com\/noticias\/wp-content\/uploads\/2023\/07\/coop4-150x150.jpg 150w\" sizes=\"auto, (max-width: 521px) 100vw, 521px\" \/><\/a><\/p>\n","protected":false},"excerpt":{"rendered":"<p>Por Jorge G\u00f3mez\u00a0 \u00a0 Comenzaron las tareas de traslado de lo que se conoce como la Feria Americana de la Cooperadora del Hospital Municipal Emilio Ferreyra de Necochea del lugar que ven\u00eda ocupando, sito en la esquina de 57 y 62, hacia las nuevas dependencias que se utilizar\u00e1n de aqu\u00ed en adelante, y que se [&hellip;]<\/p>\n","protected":false},"author":3,"featured_media":101529,"comment_status":"open","ping_status":"open","sticky":false,"template":"","format":"standard","meta":{"footnotes":""},"categories":[3],"tags":[],"class_list":["post-101533","post","type-post","status-publish","format-standard","has-post-thumbnail","category-masnoticias"],"_links":{"self":[{"href":"https:\/\/primicias2262.com\/noticias\/wp-json\/wp\/v2\/posts\/101533","targetHints":{"allow":["GET"]}}],"collection":[{"href":"https:\/\/primicias2262.com\/noticias\/wp-json\/wp\/v2\/posts"}],"about":[{"href":"https:\/\/primicias2262.com\/noticias\/wp-json\/wp\/v2\/types\/post"}],"author":[{"embeddable":true,"href":"https:\/\/primicias2262.com\/noticias\/wp-json\/wp\/v2\/users\/3"}],"replies":[{"embeddable":true,"href":"https:\/\/primicias2262.com\/noticias\/wp-json\/wp\/v2\/comments?post=101533"}],"version-history":[{"count":2,"href":"https:\/\/primicias2262.com\/noticias\/wp-json\/wp\/v2\/posts\/101533\/revisions"}],"predecessor-version":[{"id":101566,"href":"https:\/\/primicias2262.com\/noticias\/wp-json\/wp\/v2\/posts\/101533\/revisions\/101566"}],"wp:featuredmedia":[{"embeddable":true,"href":"https:\/\/primicias2262.com\/noticias\/wp-json\/wp\/v2\/media\/101529"}],"wp:attachment":[{"href":"https:\/\/primicias2262.com\/noticias\/wp-json\/wp\/v2\/media?parent=101533"}],"wp:term":[{"taxonomy":"category","embeddable":true,"href":"https:\/\/primicias2262.com\/noticias\/wp-json\/wp\/v2\/categories?post=101533"},{"taxonomy":"post_tag","embeddable":true,"href":"https:\/\/primicias2262.com\/noticias\/wp-json\/wp\/v2\/tags?post=101533"}],"curies":[{"name":"wp","href":"https:\/\/api.w.org\/{rel}","templated":true}]}}