{"id":101536,"date":"2023-07-04T14:19:26","date_gmt":"2023-07-04T14:19:26","guid":{"rendered":"https:\/\/primicias2262.com\/noticias\/?p=101536"},"modified":"2023-07-04T14:19:26","modified_gmt":"2023-07-04T14:19:26","slug":"duki-agoto-dos-fechas-en-river-y-marco-un-record","status":"publish","type":"post","link":"https:\/\/primicias2262.com\/noticias\/duki-agoto-dos-fechas-en-river-y-marco-un-record\/","title":{"rendered":"Duki agot\u00f3 dos fechas en River y marc\u00f3 un r\u00e9cord"},"content":{"rendered":"<div class=\"col-12 col-sm-9\">\n<div class=\"nota_content mt-30\">\n<p><strong>Duki, el referente m\u00e1s convocante de la escena urbana argentina, agot\u00f3 en pocas horas todas las entradas para el concierto del 2 de diciembre en el estadio Monumental de River Plate, y al anunciar la segunda fecha para el 3 de diciembre tambi\u00e9n la agot\u00f3 al par de horas.<\/strong><\/p>\n<p>Tras estrenar con gran repercusi\u00f3n la semana pasada su nuevo disco de estudio, titulado \u201cAntes de Ameri\u201d, y con las cuatro funciones que brind\u00f3 en 2022 en la cancha de V\u00e9lez Sarsfield como antecedente, Duki confirma su estatus de artista de estadios.<\/p>\n<p>Es un nuevo hito en la luminosa carrera del cantante, que viene de presentarse en su primera gira estadounidense con recitales en ciudades como Nueva York, Chicago y Miami, y mientras anima diferentes fechas del verano espa\u00f1ol en lugares como Asturias, Bilbao o Madrid.<\/p>\n<hr \/>\n<h5><strong>\u201cAntes de Ameri\u201d, lo nuevo de Duki<\/strong><\/h5>\n<hr \/>\n<p>Duki lanz\u00f3 \u201cAntes de Ameri\u201d, su tercer disco de estudio, enteramente dedicado al g\u00e9nero del trap que lo encumbr\u00f3, del que se conoc\u00edan cortes como \u2018Harakiri\u2019, junto a C.R.O, y \u2018Apollo 13\u2019.<\/p>\n<p>Tras pasar varios a\u00f1os en la exploraci\u00f3n de otros g\u00e9neros, como lo demostraron los EPs \u2018Temporada de Reggaeton\u2019 (2021) y \u2018Temporada de Reggaeton 2\u2019 (2022), el oriundo del barrio porte\u00f1o de Almagro decidi\u00f3 volver al g\u00e9nero con el que lo hizo famoso y con una propuesta conceptual totalizadora que parece querer desafiar la t\u00f3nica actual de la industria, en la que los m\u00fasicos gestan singles en lugar de \u00e1lbumes completos.<\/p>\n<p>\u201cEste disco se escucha entero de principio a fin, est\u00e1 todo conectado, y fue armado con el prop\u00f3sito de que la experiencia sea el disco entero, no canci\u00f3n por canci\u00f3n\u201d, explic\u00f3 Duki.<\/p>\n<p>Sobre aquello que engloba a los 14 tracks de la placa, el m\u00fasico ampli\u00f3: \u201cAmeri para m\u00ed es ese lugar al que todos queremos llegar, en este caso en este momento de mi vida, fue la inspiraci\u00f3n. Para otras personas puede significar el siguiente nivel, personal o laboral. Tiene que ver con la ilusi\u00f3n de llegar a ese lugar que so\u00f1amos. Ameri para m\u00ed son metas a las que uno quiere llegar en la vida\u201d.<\/p>\n<p>Disponibles en las plataformas digitales, las canciones de \u201cAntes de Ameri\u201d contaron con colaboraciones de artistas como Jhayco, Quevedo, Lucho SSJ, WE$T DUBAI, Akapellah, Neutro Shorty, Micro TDH, Salastkbron y el mencionado C.R.O. La producci\u00f3n cuenta con el trabajo de Asan, Yesan y Zecca.<\/p>\n<p>Duki viene de presentarse en su primera gira estadounidense con shows agotados en Nueva York, Chicago y Miami, en un camino que lo tendr\u00e1 tambi\u00e9n girando por el verano espa\u00f1ol por Asturias, Bilbao y Madrid, entre otras ciudades.<\/p>\n<\/div>\n<\/div>\n","protected":false},"excerpt":{"rendered":"<p>Duki, el referente m\u00e1s convocante de la escena urbana argentina, agot\u00f3 en pocas horas todas las entradas para el concierto del 2 de diciembre en el estadio Monumental de River Plate, y al anunciar la segunda fecha para el 3 de diciembre tambi\u00e9n la agot\u00f3 al par de horas. Tras estrenar con gran repercusi\u00f3n la [&hellip;]<\/p>\n","protected":false},"author":3,"featured_media":101401,"comment_status":"open","ping_status":"open","sticky":false,"template":"","format":"standard","meta":{"footnotes":""},"categories":[7],"tags":[],"class_list":{"0":"post-101536","1":"post","2":"type-post","3":"status-publish","4":"format-standard","5":"has-post-thumbnail","7":"category-nac"},"_links":{"self":[{"href":"https:\/\/primicias2262.com\/noticias\/wp-json\/wp\/v2\/posts\/101536","targetHints":{"allow":["GET"]}}],"collection":[{"href":"https:\/\/primicias2262.com\/noticias\/wp-json\/wp\/v2\/posts"}],"about":[{"href":"https:\/\/primicias2262.com\/noticias\/wp-json\/wp\/v2\/types\/post"}],"author":[{"embeddable":true,"href":"https:\/\/primicias2262.com\/noticias\/wp-json\/wp\/v2\/users\/3"}],"replies":[{"embeddable":true,"href":"https:\/\/primicias2262.com\/noticias\/wp-json\/wp\/v2\/comments?post=101536"}],"version-history":[{"count":1,"href":"https:\/\/primicias2262.com\/noticias\/wp-json\/wp\/v2\/posts\/101536\/revisions"}],"predecessor-version":[{"id":101537,"href":"https:\/\/primicias2262.com\/noticias\/wp-json\/wp\/v2\/posts\/101536\/revisions\/101537"}],"wp:featuredmedia":[{"embeddable":true,"href":"https:\/\/primicias2262.com\/noticias\/wp-json\/wp\/v2\/media\/101401"}],"wp:attachment":[{"href":"https:\/\/primicias2262.com\/noticias\/wp-json\/wp\/v2\/media?parent=101536"}],"wp:term":[{"taxonomy":"category","embeddable":true,"href":"https:\/\/primicias2262.com\/noticias\/wp-json\/wp\/v2\/categories?post=101536"},{"taxonomy":"post_tag","embeddable":true,"href":"https:\/\/primicias2262.com\/noticias\/wp-json\/wp\/v2\/tags?post=101536"}],"curies":[{"name":"wp","href":"https:\/\/api.w.org\/{rel}","templated":true}]}}