{"id":101541,"date":"2023-07-04T14:29:01","date_gmt":"2023-07-04T14:29:01","guid":{"rendered":"https:\/\/primicias2262.com\/noticias\/?p=101541"},"modified":"2023-07-04T14:29:01","modified_gmt":"2023-07-04T14:29:01","slug":"threads-el-twitter-de-meta-llega-el-6-de-julio-que-objetivos-se-propone-esta-red-social","status":"publish","type":"post","link":"https:\/\/primicias2262.com\/noticias\/threads-el-twitter-de-meta-llega-el-6-de-julio-que-objetivos-se-propone-esta-red-social\/","title":{"rendered":"Threads, el \u00abTwitter de Meta\u00bb, llega el 6 de julio: qu\u00e9 objetivos se propone esta red social"},"content":{"rendered":"<p>La empresa <a href=\"https:\/\/www.pagina12.com.ar\/547791-meta-presenta-imagebind-una-herramienta-de-inteligencia-arti\">Meta<\/a>, propietaria de Facebook, lanzar\u00e1 el <b>jueves 6 de julio<\/b> su nueva red social: <b>\u00a0Threads<\/b>, que fue\u00a0<b>desarrollada para competir con Twitter<\/b>, la plataforma que compr\u00f3 el magnate <b>Elon Musk<\/b>.<\/p>\n<p>El anuncio de la compa\u00f1\u00eda de <b>Mark Zuckerberg<\/b> se da poco despu\u00e9s del malestar que caus\u00f3 en los usuarios de <b>Twitter <\/b>el aviso de la<b> nueva medida<\/b> del empresario sudafricano, que busca <b>limitar la cantidad de publicaciones que se pueden leer por d\u00eda en esa aplicaci\u00f3n<\/b>.<\/p>\n<p>Mientras las quejas contra la red social del pajarito se multiplican, este lunes\u00a0<b>Threads comenz\u00f3 a estar disponible en las tiendas de aplicaciones m\u00f3viles<\/b> de los sistemas operativos de iPhone y Android, para una compra previa antes de su puesta en marcha.<\/p>\n<p>\u00ab<b>Threads es<\/b> <b>donde las comunidades se juntan para discutir todo<\/b>, desde los temas que nos preocupan hoy a los que ser\u00e1n tendencia ma\u00f1ana\u00bb, afirma la descripci\u00f3n de la aplicaci\u00f3n en estas tiendas.<\/p>\n<p>La matriz de Facebook e Instagram hab\u00eda anunciado a mediados de marzo que estaba trabajando en una nueva red social, y por su descripci\u00f3n, parec\u00eda tener como objetivo convertirse en <b>el competidor potencial de Twitter<\/b>.<\/p>\n<p>En otra descripci\u00f3n de Threads en la app, se especifica que permitir\u00e1 \u00abconectar directamente con tus creadores favoritos y otros que aman las mismas cosas, o construir unos seguidores fieles <b>para compartir tus ideas<\/b>, <b>opiniones y creatividad con el mundo<\/b>\u00ab.<\/p>\n<p>\u00abEstamos pensando en <b>una red social independiente y descentralizada<\/b> <b>para compartir mensajes escritos en tiempo real<\/b>\u00ab, se\u00f1al\u00f3 Meta en un comunicado.<\/p>\n<h2>Threads: \u00bfun riesgo para Twitter en la era de Elon Musk?<\/h2>\n<p>El lanzamiento de esta aplicaci\u00f3n coincide con un per\u00edodo de incertidumbre en Twitter. Desde <b>la compra de Elon Musk en octubre<\/b>, que reestructur\u00f3 la compa\u00f1\u00eda, despidi\u00f3 a miles de trabajadores y puso una barrera de pago a muchas prestaciones de la red.<\/p>\n<p>Justo el fin de semana pasado, el magnate gener\u00f3 fuertes reacciones entre los usuarios de Twitter al anunciar que la plataforma iba a<b> limitar el n\u00famero de mensajes que uno pod\u00eda leer por d\u00eda<\/b>.<\/p>\n<p>Seg\u00fan indic\u00f3 en su cuenta oficial, en un tuit publicado el viernes pasado, \u00ab<b>para abordar los niveles extremos de extracci\u00f3n de datos y manipulaci\u00f3n del sistema<\/b>\u201d comenzar\u00e1 a aplicar \u201cl\u00edmites temporales\u201d en esa red social.<\/p>\n<p>\u201cLas <b>cuentas verificadas<\/b> est\u00e1n limitadas a leer 6000 publicaciones por d\u00eda; las <b>cuentas no verificadas<\/b> a 600 publicaciones por d\u00eda y las<b> nuevas cuentas no verificadas<\/b> a 300 por d\u00eda\u00bb.<\/p>\n<div align=\"center\">\n<figure class=\"caption caption-div embedded-entity\" role=\"group\">\n<div data-embed-button=\"media_image_button\" data-entity-embed-display=\"view_mode:media.single_media_image_460\" data-entity-type=\"media\" data-entity-uuid=\"63d7cbd1-837d-4082-a177-3b4317dd4dea\" data-langcode=\"es\">\n<article class=\"media media--type-image media--view-mode-single-media-image-460\">\n<div class=\"field field--name-field-media-image field--type-image field--label-hidden field__item\"><img loading=\"lazy\" decoding=\"async\" class=\"image-style-width960\" src=\"https:\/\/images.pagina12.com.ar\/styles\/width960\/public\/2023-07\/743511-elon-20musk-20twitter-201.jpg?itok=Bk-2Mj0l\" width=\"475\" height=\"336\" \/><\/div>\n<\/article>\n<\/div><figcaption>El pol\u00e9mico anuncio de Elon Musk en Twitter. (Foto: captura de pantalla Twitter @elonmusk)<\/figcaption><\/figure>\n<\/div>\n<p>Horas m\u00e1s tarde actualiz\u00f3 esos n\u00fameros: \u00ab<b>Los l\u00edmites de tasa aumentar\u00e1n pronto a 8000 para verificados, 800 para no verificados y 400 para nuevos no verificados<\/b>\u00ab.<\/p>\n<p>El anuncio <b>no especifica si ese recuento diario de tuits se aplica al seleccionar publicaciones concretas o abarca todas las publicaciones que aparecen<\/b>, por ejemplo, al descender por la cronolog\u00eda de la pantalla principal, consultar hilos o revisar respuestas de tuits.<\/p>\n<p>El l\u00edmite para la gran mayor\u00eda de usuarios que no pagan la suscripci\u00f3n era de 1.000 tweets diarios.<\/p>\n<p>El supuesto objetivo de esta medida es impedir que terceras empresas, especialmente desarrolladores de modelos de <b>inteligencia artificial<\/b>, usen los datos vertidos en la plataforma.<\/p>\n<h2>Twitter limitar\u00e1 la aplicaci\u00f3n TweetDeck a las cuentas \u00abverificadas\u00bb<\/h2>\n<p><b>TweetDeck<\/b>, la aplicaci\u00f3n de Twitter que permite a los usuarios monitorear cuentas simult\u00e1neamente, <b>ser\u00e1 reservada a usuarios \u00abverificados\u00bb<\/b> <b>a partir del pr\u00f3ximo mes<\/b>, anunci\u00f3 la compa\u00f1\u00eda de Elon Musk.<\/p>\n<p>\u00ab<b>Dentro de 30 d\u00edas los usuarios deber\u00e1n estar verificados para tener acceso a TweetDeck<\/b>\u00ab, inform\u00f3 el mensaje de la red social, que a\u00f1adir\u00e1 nuevas funciones al programa.<\/p>\n<p>Los usuarios que quieren \u00abverificarse\u00bb y contar con la tilde azul a la derecha del nombre de usuario deben pagar un <b>abono de 8 d\u00f3lares<\/b>, excepto los que tengan cuentas ya verificadas como una cuenta aut\u00e9ntica seg\u00fan el r\u00e9gimen anterior, consign\u00f3 la agencia de noticias AFP.<\/p>\n<div align=\"center\">\n<figure class=\"caption caption-div embedded-entity\" role=\"group\">\n<div data-embed-button=\"media_image_button\" data-entity-embed-display=\"view_mode:media.single_media_image_460\" data-entity-type=\"media\" data-entity-uuid=\"978bd4e5-6981-4e8c-86b1-3ec2c0c9c9a8\" data-langcode=\"es\">\n<article class=\"media media--type-image media--view-mode-single-media-image-460\">\n<div class=\"field field--name-field-media-image field--type-image field--label-hidden field__item\"><img loading=\"lazy\" decoding=\"async\" class=\"image-style-width960\" src=\"https:\/\/images.pagina12.com.ar\/styles\/width960\/public\/2023-07\/743511-unnamed-35.jpg?itok=nPI00Xn2\" width=\"640\" height=\"400\" \/><\/div>\n<\/article>\n<\/div><figcaption>Twitter compr\u00f3 TweetDeck en 2011, a un precio de 40 millones de d\u00f3lares en la \u00e9poca. (Foto: Twitter)<\/figcaption><\/figure>\n<\/div>\n<p>TweetDeck fue lanzado hace m\u00e1s de una d\u00e9cada, y <b>permite al usuario ordenar en su computadora las cuentas por temas<\/b>,<b> mediante columnas<\/b>.<\/p>\n<p>El fin de semana anterior numerosos usuarios se quejaron de que no pod\u00edan acceder a TweetDeck, a lo que Twitter respondi\u00f3 que se deb\u00eda a <b>problemas t\u00e9cnicos<\/b>. Esta semana el inconveniente fue resuelto, por lo que se puede acceder normalmente.<\/p>\n","protected":false},"excerpt":{"rendered":"<p>La empresa Meta, propietaria de Facebook, lanzar\u00e1 el jueves 6 de julio su nueva red social: \u00a0Threads, que fue\u00a0desarrollada para competir con Twitter, la plataforma que compr\u00f3 el magnate Elon Musk. El anuncio de la compa\u00f1\u00eda de Mark Zuckerberg se da poco despu\u00e9s del malestar que caus\u00f3 en los usuarios de Twitter el aviso de [&hellip;]<\/p>\n","protected":false},"author":3,"featured_media":101542,"comment_status":"open","ping_status":"open","sticky":false,"template":"","format":"standard","meta":{"footnotes":""},"categories":[7],"tags":[],"class_list":{"0":"post-101541","1":"post","2":"type-post","3":"status-publish","4":"format-standard","5":"has-post-thumbnail","7":"category-nac"},"_links":{"self":[{"href":"https:\/\/primicias2262.com\/noticias\/wp-json\/wp\/v2\/posts\/101541","targetHints":{"allow":["GET"]}}],"collection":[{"href":"https:\/\/primicias2262.com\/noticias\/wp-json\/wp\/v2\/posts"}],"about":[{"href":"https:\/\/primicias2262.com\/noticias\/wp-json\/wp\/v2\/types\/post"}],"author":[{"embeddable":true,"href":"https:\/\/primicias2262.com\/noticias\/wp-json\/wp\/v2\/users\/3"}],"replies":[{"embeddable":true,"href":"https:\/\/primicias2262.com\/noticias\/wp-json\/wp\/v2\/comments?post=101541"}],"version-history":[{"count":1,"href":"https:\/\/primicias2262.com\/noticias\/wp-json\/wp\/v2\/posts\/101541\/revisions"}],"predecessor-version":[{"id":101543,"href":"https:\/\/primicias2262.com\/noticias\/wp-json\/wp\/v2\/posts\/101541\/revisions\/101543"}],"wp:featuredmedia":[{"embeddable":true,"href":"https:\/\/primicias2262.com\/noticias\/wp-json\/wp\/v2\/media\/101542"}],"wp:attachment":[{"href":"https:\/\/primicias2262.com\/noticias\/wp-json\/wp\/v2\/media?parent=101541"}],"wp:term":[{"taxonomy":"category","embeddable":true,"href":"https:\/\/primicias2262.com\/noticias\/wp-json\/wp\/v2\/categories?post=101541"},{"taxonomy":"post_tag","embeddable":true,"href":"https:\/\/primicias2262.com\/noticias\/wp-json\/wp\/v2\/tags?post=101541"}],"curies":[{"name":"wp","href":"https:\/\/api.w.org\/{rel}","templated":true}]}}