{"id":101547,"date":"2023-07-04T16:45:08","date_gmt":"2023-07-04T16:45:08","guid":{"rendered":"https:\/\/primicias2262.com\/noticias\/?p=101547"},"modified":"2023-07-05T17:32:50","modified_gmt":"2023-07-05T17:32:50","slug":"tenemos-un-enorme-equipo-y-en-tiempos-de-crisis-la-experiencia-vale","status":"publish","type":"post","link":"https:\/\/primicias2262.com\/noticias\/tenemos-un-enorme-equipo-y-en-tiempos-de-crisis-la-experiencia-vale\/","title":{"rendered":"\u201cTenemos un enorme equipo y en tiempos de crisis la experiencia vale\u201d"},"content":{"rendered":"<p><strong>As\u00ed lo afirm\u00f3 el intendente de Necochea, Arturo Rojas, quien va por su reelecci\u00f3n y en una visita a \u201cVoces de la Ciudad\u201d no solo repas\u00f3 lo que fue el acto de presentaci\u00f3n de su lista, sino que se refiri\u00f3 al resto de los candidatos, asegurando que \u201cdel otro lado vemos improvisaci\u00f3n\u201d, mientras que \u00e9l dijo tener \u201cel equipo, el conocimiento y la experiencia para seguir transformando la ciudad\u201d.<\/strong><\/p>\n<p>La carrera hacia la intendencia de Necochea ya est\u00e1 en marcha y es casi un hecho que ser\u00e1n 13 los precandidatos a participar de las elecciones primarias del 13 de agosto, entre ellos, quien cuenta con el respaldo de casi cuatro a\u00f1os de una gesti\u00f3n ordenada que busca profundizar un desarrollo, el actual jefe comunal, Arturo Rojas, quien dialog\u00f3 con el periodista Jorge G\u00f3mez acerca de los desaf\u00edos de su Nueva Necochea.<\/p>\n<p>Comenzando por lo que fue el acto de presentaci\u00f3n de su lista el pasado s\u00e1bado en Centro Vasco, Arturo Rojas valor\u00f3 que \u201cfue un gran acto, agradezco a todo el equipo, la militancia de todas las localidades, trabajadores y gremios, all\u00ed marcamos varias de las pautas de por qu\u00e9 entendemos de que Necochea debe tener una continuidad\u2026 para potenciar ciudades se necesita tiempo y\u00a0 yo manifest\u00e9 al inicio de la campa\u00f1a de 2019 que ten\u00edamos toda una planificaci\u00f3n y un trabajo enorme, y para lo que quer\u00edamos hacer \u00edbamos a precisar ocho a\u00f1os\u201d.<\/p>\n<p>En ese aspecto, el Intendente repas\u00f3 que \u201clos primeros a\u00f1os nos iba a llevar un ordenamiento del municipio y tener las herramientas, y por supuesto, dentro de la planificaci\u00f3n no estaba la pandemia, que la pudimos sortear con un gran trabajo del equipo, el personal de salud y los trabajadores municipales\u201d.<\/p>\n<p>Por todo ello es que Rojas marc\u00f3 que \u201cesto reci\u00e9n empieza\u201d. Es decir, \u201ctuvimos que dar los pasos que dimos para sentar bases s\u00f3lidas para generar condiciones de crecimiento y desarrollo\u201d, rememor\u00f3, \u201cteniendo que recuperar al inicio la confianza de proveedores , trabajadores, comerciantes e inversores, haciendo planes de pago para ponernos al d\u00eda, y adem\u00e1s hacer obras de cloaca, agua, pluviales, recuperaci\u00f3n de espacios p\u00fablicos, bacheo e iluminaci\u00f3n, ya que no ten\u00edamos una sola luz led en la ciudad\u201d.<\/p>\n<p><strong>\u00abDel otro lado vemos improvisaci\u00f3n y gente sin experiencia\u00bb<\/strong><\/p>\n<p>Pero a partir de esa base, \u201ccreo que ahora est\u00e1n dadas las condiciones para seguir avanzando y mejorando\u201d, argument\u00f3, y desde ese momento empez\u00f3 a apuntar hacia los opositores: \u201cTenemos un enorme equipo, en tiempo de crisis la experiencia vale, pero del otro lado vemos improvisaci\u00f3n, gente sin experiencia, gente sin gesti\u00f3n que no puede mostrar lo que ha hecho, y es muy dif\u00edcil, por ejemplo, que un comerciante est\u00e9 dispuesto a dejar su negocio a cargo de alguien sin experiencia\u2026 no estar\u00eda dispuesto a arriesgar el esfuerzo de tantos a\u00f1os en manos de un improvisado, entonces c\u00f3mo lo vamos a hacer con la Municipalidad, que es la empresa de servicios m\u00e1s grande que tiene la ciudad\u201d, se pregunt\u00f3.<\/p>\n<p>Por ese moyivo, Arturo diferenci\u00f3 que \u201cuna cosa es ser candidato y enunciar todo lo que falta, cuando todos sabemos lo que falta, pero otra cosa es que nadie dice c\u00f3mo ni con qu\u00e9 recursos lo van a hacer\u201d, y al toque apel\u00f3 a su pasado y experiencia: \u201cPuedo demostrar lo que hice cuando fui concejal y luego presidente del Consorcio de Puerto Quequ\u00e9n, convirti\u00e9ndolo en el m\u00e1s profundo de Argentina\u2026 pero pregunto \u00bflos dem\u00e1s candidatos pueden mostrar lo que han hecho en su pasado, o les conviene no decir nada\u2026?\u201d<\/p>\n<p>Fue all\u00ed cuando enumer\u00f3 que \u201cnosotros hicimos un mont\u00f3n de obras, gestionamos ante Provincia y Naci\u00f3n, demostrando que a pesar de no pertenecer a un mismo espacio pol\u00edtico tuvimos la madurez y gesti\u00f3n suficiente para generar obras, como el CAPS Fucile por ejemplo, finalizamos el centro de Salud Barrio Norte, estamos por finalizar la pista de atletismo, la construcci\u00f3n de un polideportivo en 98 y 67, un Centro de Desarrollo Infantil, obras de pluviales enteros en barrios que se inundaban, obras de urbanizaci\u00f3n de barrios enteros, licitaci\u00f3n por cord\u00f3n cuneta, la obra hist\u00f3rica que se realizar\u00e1 en la Playa Municipal de Camiones, entre muchas otras\u201d.<\/p>\n<p>En tanto, luego del multitudinario acto proselitista del s\u00e1bado, el Intendente se\u00f1al\u00f3 que estar\u00e1n repartiendo folletos desde este mi\u00e9rcoles, explicando que \u201chay dos formas de votarnos, una es metiendo la boleta sola nuestra a nivel local, y la otra es elegir el espacio pol\u00edtico en el cual se siente representados a nivel nacional y provincial y cortar el cuerpo donde est\u00e1 el candidato a intendente de ese espacio pol\u00edtico, e incorporar el nuestro\u201d.<\/p>\n<p>\u201cEs muy importante que la gente nos vote y nos respalde, porque si no nos vamos a encontrar con una minor\u00eda en el Concejo Deliberante y va a significar mayor esfuerzo y di\u00e1logo, y a veces en cuestiones donde nosotros decidimos avanzar, si no hay mayor\u00eda no podemos hacerlo\u201d, alert\u00f3, para insistir enf\u00e1ticamente en que \u201ctengo el equipo, el conocimiento y la experiencia para seguir transformando la ciudad, as\u00ed que le pido a la gente que nos acompa\u00f1e con la boleta corta 895 de Nueva Necochea\u201d.<\/p>\n<p>Finalmente, al pregunt\u00e1rsele qu\u00e9 espera de la campa\u00f1a electoral, se\u00f1al\u00f3 que \u201cen el caso nuestro, nos vamos a focalizar en cada barrio y en llegar al vecino, y espero que del otro lado haya propuestas, no solo enunciando lo que hace falta, sino c\u00f3mo y con qu\u00e9 recursos, de eso se deber\u00eda hablar si se es medianamente responsable\u201d, repiti\u00f3, para concluir que \u201chay candidatos que aparecen ahora y cuando pase agosto y queden afuera, volver\u00e1n a desaparecer por otros cuatro a\u00f1os\u2026 entonces d\u00f3nde est\u00e1 el compromiso. Si uno tiene el compromiso, est\u00e1 con la sociedad durante todo el a\u00f1o desde cualquier lugar con los merenderos, los clubes, los barrios, los comedores, hogares de abuelo, y no solamente en una campa\u00f1a electoral\u201d.<\/p>\n","protected":false},"excerpt":{"rendered":"<p>As\u00ed lo afirm\u00f3 el intendente de Necochea, Arturo Rojas, quien va por su reelecci\u00f3n y en una visita a \u201cVoces de la Ciudad\u201d no solo repas\u00f3 lo que fue el acto de presentaci\u00f3n de su lista, sino que se refiri\u00f3 al resto de los candidatos, asegurando que \u201cdel otro lado vemos improvisaci\u00f3n\u201d, mientras que \u00e9l [&hellip;]<\/p>\n","protected":false},"author":3,"featured_media":101548,"comment_status":"open","ping_status":"open","sticky":false,"template":"","format":"standard","meta":{"footnotes":""},"categories":[3],"tags":[],"class_list":["post-101547","post","type-post","status-publish","format-standard","has-post-thumbnail","category-masnoticias"],"_links":{"self":[{"href":"https:\/\/primicias2262.com\/noticias\/wp-json\/wp\/v2\/posts\/101547","targetHints":{"allow":["GET"]}}],"collection":[{"href":"https:\/\/primicias2262.com\/noticias\/wp-json\/wp\/v2\/posts"}],"about":[{"href":"https:\/\/primicias2262.com\/noticias\/wp-json\/wp\/v2\/types\/post"}],"author":[{"embeddable":true,"href":"https:\/\/primicias2262.com\/noticias\/wp-json\/wp\/v2\/users\/3"}],"replies":[{"embeddable":true,"href":"https:\/\/primicias2262.com\/noticias\/wp-json\/wp\/v2\/comments?post=101547"}],"version-history":[{"count":2,"href":"https:\/\/primicias2262.com\/noticias\/wp-json\/wp\/v2\/posts\/101547\/revisions"}],"predecessor-version":[{"id":101584,"href":"https:\/\/primicias2262.com\/noticias\/wp-json\/wp\/v2\/posts\/101547\/revisions\/101584"}],"wp:featuredmedia":[{"embeddable":true,"href":"https:\/\/primicias2262.com\/noticias\/wp-json\/wp\/v2\/media\/101548"}],"wp:attachment":[{"href":"https:\/\/primicias2262.com\/noticias\/wp-json\/wp\/v2\/media?parent=101547"}],"wp:term":[{"taxonomy":"category","embeddable":true,"href":"https:\/\/primicias2262.com\/noticias\/wp-json\/wp\/v2\/categories?post=101547"},{"taxonomy":"post_tag","embeddable":true,"href":"https:\/\/primicias2262.com\/noticias\/wp-json\/wp\/v2\/tags?post=101547"}],"curies":[{"name":"wp","href":"https:\/\/api.w.org\/{rel}","templated":true}]}}