{"id":101550,"date":"2023-07-06T11:36:51","date_gmt":"2023-07-06T11:36:51","guid":{"rendered":"https:\/\/primicias2262.com\/noticias\/?p=101550"},"modified":"2023-07-07T11:17:26","modified_gmt":"2023-07-07T11:17:26","slug":"estoy-convencido-de-que-el-mayor-esfuerzo-lo-ponemos-en-solucionar-los-problemas-locales","status":"publish","type":"post","link":"https:\/\/primicias2262.com\/noticias\/estoy-convencido-de-que-el-mayor-esfuerzo-lo-ponemos-en-solucionar-los-problemas-locales\/","title":{"rendered":"\u201cEstoy convencido de que el mayor esfuerzo lo ponemos en solucionar los problemas locales\u201d"},"content":{"rendered":"<p><strong>Bancando su postura vecinalista, el intendente Arturo Rojas argument\u00f3 en \u201cVoces de la Ciudad\u201d por qu\u00e9 est\u00e1 m\u00e1s que convencido de volver a participar con boleta corta en las elecciones que se aproximan.<\/strong><\/p>\n<p>Consultado por el periodista Jorge G\u00f3mez acerca de si sigue siendo una buena decisi\u00f3n el tema de la boleta corta, Rojas explic\u00f3 que \u201cestoy convencido de que nosotros el mayor esfuerzo lo ponemos en solucionar los problemas locales\u2026 le planteamos a la gente que miremos la elecci\u00f3n con un acompa\u00f1amiento sobre lo que pasa en nuestra ciudad, porque nosotros no resolvemos lo que pasa a niveles provincial y nacional\u201d.<\/p>\n<p>Asimismo, lo justific\u00f3 marcando que \u201ces una manera tambi\u00e9n de consolidar a un equipo que desde el primer minuto es absolutamente plural, desde la conformaci\u00f3n de la lista en 2019, con integrantes de diferentes espacios pol\u00edticos y vecinos comunes que se han sumado, hasta funcionarios de diferentes ideolog\u00edas a quienes los hemos buscado por su capacidad, idoneidad y lo que tiene para aportar en un \u00e1rea en particular\u201d.<\/p>\n<p>\u201cEsa consolidaci\u00f3n nos ha permitido en el transcurso del tiempo poder gestionar ante Provincia y Naci\u00f3n a pesar de no pertenecer al mismo espacio pol\u00edtico\u201d, asegur\u00f3, para agregar que \u201ca la hora de gobernar es m\u00e1s f\u00e1cil, porque tengo las manos liberadas y puedo ir a gestionar ante el funcionario que sea, del color pol\u00edtico que sea, y del otro lado a su vez podr\u00e1n ver tambi\u00e9n la continuidad de una gesti\u00f3n que la gente elige\u201d.<\/p>\n<p>En cuanto a los roles del Puerto y la Usina en la ciudad, Rojas manifest\u00f3 que \u201csiempre dije que iba a iniciar un proceso de transformaci\u00f3n en el que necesitaba la colaboraci\u00f3n de todas las instituciones, los colegios de profesionales y vecinos, y ni hablar de las instituciones como el Consorcio y la Usina Popular Cooperativa. Me gustar\u00eda que se hicieran muchas m\u00e1s cosas, pero espero que sigamos trabajando en conjunto Y que esas dos instituciones puedan ir mejorando y ponerse a la par nuestra y empujar juntos\u201d.<\/p>\n<p>En tal sentido, compar\u00f3 que \u201ccuando estuve en el Consorcio parec\u00eda que la Municipalidad era inviable y que el \u00fanico que pod\u00eda hacer cosas era el Puerto, pero hoy la Municipalidad empuja, va para adelante y genera cosas, y lo que preciso es un acompa\u00f1amiento de los sectores. Hoy creo y apuesto que las dos autoridades (en referencia a Jorge \u00c1lvaro y Pilar Vitale) puedan ir mejorando sus instituciones para que en el segundo mandato nuestro tengamos un trabajo mucho m\u00e1s articulado y avanzar en los temas que lo requieren\u201d.<\/p>\n","protected":false},"excerpt":{"rendered":"<p>Bancando su postura vecinalista, el intendente Arturo Rojas argument\u00f3 en \u201cVoces de la Ciudad\u201d por qu\u00e9 est\u00e1 m\u00e1s que convencido de volver a participar con boleta corta en las elecciones que se aproximan. Consultado por el periodista Jorge G\u00f3mez acerca de si sigue siendo una buena decisi\u00f3n el tema de la boleta corta, Rojas explic\u00f3 [&hellip;]<\/p>\n","protected":false},"author":3,"featured_media":101548,"comment_status":"open","ping_status":"open","sticky":false,"template":"","format":"standard","meta":{"footnotes":""},"categories":[3],"tags":[],"class_list":["post-101550","post","type-post","status-publish","format-standard","has-post-thumbnail","category-masnoticias"],"_links":{"self":[{"href":"https:\/\/primicias2262.com\/noticias\/wp-json\/wp\/v2\/posts\/101550","targetHints":{"allow":["GET"]}}],"collection":[{"href":"https:\/\/primicias2262.com\/noticias\/wp-json\/wp\/v2\/posts"}],"about":[{"href":"https:\/\/primicias2262.com\/noticias\/wp-json\/wp\/v2\/types\/post"}],"author":[{"embeddable":true,"href":"https:\/\/primicias2262.com\/noticias\/wp-json\/wp\/v2\/users\/3"}],"replies":[{"embeddable":true,"href":"https:\/\/primicias2262.com\/noticias\/wp-json\/wp\/v2\/comments?post=101550"}],"version-history":[{"count":2,"href":"https:\/\/primicias2262.com\/noticias\/wp-json\/wp\/v2\/posts\/101550\/revisions"}],"predecessor-version":[{"id":101600,"href":"https:\/\/primicias2262.com\/noticias\/wp-json\/wp\/v2\/posts\/101550\/revisions\/101600"}],"wp:featuredmedia":[{"embeddable":true,"href":"https:\/\/primicias2262.com\/noticias\/wp-json\/wp\/v2\/media\/101548"}],"wp:attachment":[{"href":"https:\/\/primicias2262.com\/noticias\/wp-json\/wp\/v2\/media?parent=101550"}],"wp:term":[{"taxonomy":"category","embeddable":true,"href":"https:\/\/primicias2262.com\/noticias\/wp-json\/wp\/v2\/categories?post=101550"},{"taxonomy":"post_tag","embeddable":true,"href":"https:\/\/primicias2262.com\/noticias\/wp-json\/wp\/v2\/tags?post=101550"}],"curies":[{"name":"wp","href":"https:\/\/api.w.org\/{rel}","templated":true}]}}