{"id":101552,"date":"2023-07-04T17:11:50","date_gmt":"2023-07-04T17:11:50","guid":{"rendered":"https:\/\/primicias2262.com\/noticias\/?p=101552"},"modified":"2023-07-05T17:30:41","modified_gmt":"2023-07-05T17:30:41","slug":"la-boleta-local-de-la-ucr-es-el-resultado-de-un-gran-proceso-partidario-de-mucha-maduracion-y-consenso","status":"publish","type":"post","link":"https:\/\/primicias2262.com\/noticias\/la-boleta-local-de-la-ucr-es-el-resultado-de-un-gran-proceso-partidario-de-mucha-maduracion-y-consenso\/","title":{"rendered":"\u201cLa boleta local de la UCR es el resultado de un gran proceso partidario, de mucha maduraci\u00f3n y consenso\u201d"},"content":{"rendered":"<p><strong>As\u00ed lo enfatiz\u00f3 Dami\u00e1n Unibaso en la ma\u00f1ana de \u201cVoces de la Ciudad\u201d, durante un an\u00e1lisis de las semanas previas a la presentaci\u00f3n de listas y ya con la mente puesta en la campa\u00f1a de cara al 13 de agosto, donde competir\u00e1 en la coalici\u00f3n Juntos contra otras tres listas.<\/strong><\/p>\n<p>Poniendo la lupa en puja radical a nivel local, primeramente el abogado mencion\u00f3 en tercera persona que \u201cDami\u00e1n Unibaso en la boleta local es el resultado de un gran proceso partidario, de mucha maduraci\u00f3n y consenso, donde los radicales decidimos tener una sola alternativa con un propio candidato a intendente en las PASO\u201d.<\/p>\n<p>Si bien \u201calgunos otros prefer\u00edan no llevar una alternativa radical, muchos nos pusimos de pie y estamos representando una alternativa dentro de Juntos\u201d, se jact\u00f3, y al respecto habl\u00f3 del involucramiento de \u201ctodos los sectores partidarios, a tal punto que tenemos a la primera candidata a concejal, y actual presidenta del partido, Carola Bertoldi, y a la primera candidata a concejal suplente, Graciana Maizzani, es decir, confluyen la competencia de las elecciones del partido de noviembre\u201d.<\/p>\n<p>\u201cVaya si no tenemos en la misma lista la competencia de noviembre reflejada ac\u00e1, as\u00ed que los radicales podemos estar contentos que tenemos nuestra lista, nuestros candidatos y la posibilidad de elegir la alternativa radical dentro de Juntos\u201d, insisti\u00f3.<\/p>\n<p><a href=\"https:\/\/primicias2262.com\/noticias\/wp-content\/uploads\/2023\/07\/unibaso2.jpeg\"><img loading=\"lazy\" decoding=\"async\" class=\"aligncenter size-full wp-image-101556\" src=\"https:\/\/primicias2262.com\/noticias\/wp-content\/uploads\/2023\/07\/unibaso2.jpeg\" alt=\"\" width=\"1024\" height=\"768\" srcset=\"https:\/\/primicias2262.com\/noticias\/wp-content\/uploads\/2023\/07\/unibaso2.jpeg 1024w, https:\/\/primicias2262.com\/noticias\/wp-content\/uploads\/2023\/07\/unibaso2-300x225.jpeg 300w, https:\/\/primicias2262.com\/noticias\/wp-content\/uploads\/2023\/07\/unibaso2-768x576.jpeg 768w, https:\/\/primicias2262.com\/noticias\/wp-content\/uploads\/2023\/07\/unibaso2-150x113.jpeg 150w, https:\/\/primicias2262.com\/noticias\/wp-content\/uploads\/2023\/07\/unibaso2-696x522.jpeg 696w\" sizes=\"auto, (max-width: 1024px) 100vw, 1024px\" \/><\/a>En cuanto a presentaciones, inform\u00f3 que \u201clos radicales vamos a dar a conocer nuestra lista este domingo 9 de julio desde nuestro Comit\u00e9 Emiliano Ab\u00e1solo, donde haremos un gran almuerzo al mediod\u00eda\u201d, y afirm\u00f3 que el lanzamiento debe ser 100% radical, argumentando que \u201ctenemos que ir a buscar r\u00e1pidamente a toda la ciudadan\u00eda y quienes integramos la lista no solo participamos de la vida pol\u00edtica partidaria, sino que tambi\u00e9n tenemos nuestra intervenci\u00f3n en distintas instituciones de la ciudad\u201d.<\/p>\n<p>Cuando se le pregunt\u00f3 qu\u00e9 tipo de elecciones primarias imagina, analiz\u00f3 que \u201chay 60 mil votos dando vueltas de la clase media y hay un gran n\u00famero del electorado que generalmente se apega a elegir Juntos por el Cambio en Necochea, por lo tanto es importante tener esa referencia, y sabido es que los radicales tenemos un piso hist\u00f3rico, pero de una buena vez por todas debemos correr la barrera partidaria y empezar a pensar en la gente, que le acusa la gran problem\u00e1tica econ\u00f3mica sin fin, y padecemos c\u00edclicamente la inflaci\u00f3n e inseguridad, pero Necochea de una vez por todas debe empezar a trabajar con una planificaci\u00f3n estrat\u00e9gica, consenso y transparencia\u201d.<\/p>\n<p>Avis\u00f3 a la pasada que no hay que dejar de desatender los grandes polos productivos de Necochea, como el sector agroexportador y la promoci\u00f3n del turismo, \u201cque desde hace un tiempo no se mira con una funci\u00f3n estrat\u00e9gica ni visi\u00f3n a futuro\u201d, critic\u00f3, para completar en materia de seguridad que \u201choy tenemos una herramienta como el centro de monitoreo (COM), que no hay que usarlo como un Gran Hermano p\u00fablico, sino como parte de un plan estrat\u00e9gico de seguridad donde se articule con el privado, la polic\u00eda y la justicia para armar un gran mapa del delito, para perseguirlo y disuadirlo\u201d.<\/p>\n<p>Asimismo, dedic\u00f3 un p\u00e1rrafo a los dos radicales en la lista del precandidato del PRO que compite contra el propio Unibaso, Mart\u00edn Migueles, como lo son Rodrigo Irigoyen y Dolores Souto: \u201cQuien participa ah\u00ed lo hace a t\u00edtulo personal y uno no puede privar a nadie de que haga lo que le parezca, pero a los que se sientan radicales y se quieran sumar a este hist\u00f3rico espacio, desde el partido tendremos la vocaci\u00f3n de abrir los brazos y abrazarlos\u201d, respondi\u00f3 con cintura.<\/p>\n","protected":false},"excerpt":{"rendered":"<p>As\u00ed lo enfatiz\u00f3 Dami\u00e1n Unibaso en la ma\u00f1ana de \u201cVoces de la Ciudad\u201d, durante un an\u00e1lisis de las semanas previas a la presentaci\u00f3n de listas y ya con la mente puesta en la campa\u00f1a de cara al 13 de agosto, donde competir\u00e1 en la coalici\u00f3n Juntos contra otras tres listas. Poniendo la lupa en puja [&hellip;]<\/p>\n","protected":false},"author":3,"featured_media":101553,"comment_status":"open","ping_status":"open","sticky":false,"template":"","format":"standard","meta":{"footnotes":""},"categories":[3],"tags":[],"class_list":["post-101552","post","type-post","status-publish","format-standard","has-post-thumbnail","category-masnoticias"],"_links":{"self":[{"href":"https:\/\/primicias2262.com\/noticias\/wp-json\/wp\/v2\/posts\/101552","targetHints":{"allow":["GET"]}}],"collection":[{"href":"https:\/\/primicias2262.com\/noticias\/wp-json\/wp\/v2\/posts"}],"about":[{"href":"https:\/\/primicias2262.com\/noticias\/wp-json\/wp\/v2\/types\/post"}],"author":[{"embeddable":true,"href":"https:\/\/primicias2262.com\/noticias\/wp-json\/wp\/v2\/users\/3"}],"replies":[{"embeddable":true,"href":"https:\/\/primicias2262.com\/noticias\/wp-json\/wp\/v2\/comments?post=101552"}],"version-history":[{"count":3,"href":"https:\/\/primicias2262.com\/noticias\/wp-json\/wp\/v2\/posts\/101552\/revisions"}],"predecessor-version":[{"id":101557,"href":"https:\/\/primicias2262.com\/noticias\/wp-json\/wp\/v2\/posts\/101552\/revisions\/101557"}],"wp:featuredmedia":[{"embeddable":true,"href":"https:\/\/primicias2262.com\/noticias\/wp-json\/wp\/v2\/media\/101553"}],"wp:attachment":[{"href":"https:\/\/primicias2262.com\/noticias\/wp-json\/wp\/v2\/media?parent=101552"}],"wp:term":[{"taxonomy":"category","embeddable":true,"href":"https:\/\/primicias2262.com\/noticias\/wp-json\/wp\/v2\/categories?post=101552"},{"taxonomy":"post_tag","embeddable":true,"href":"https:\/\/primicias2262.com\/noticias\/wp-json\/wp\/v2\/tags?post=101552"}],"curies":[{"name":"wp","href":"https:\/\/api.w.org\/{rel}","templated":true}]}}