{"id":101558,"date":"2023-07-04T11:50:58","date_gmt":"2023-07-04T11:50:58","guid":{"rendered":"https:\/\/primicias2262.com\/noticias\/?p=101558"},"modified":"2023-07-05T17:28:22","modified_gmt":"2023-07-05T17:28:22","slug":"abren-nueva-convocatoria-de-necodescuentos-a-comercios-locales","status":"publish","type":"post","link":"https:\/\/primicias2262.com\/noticias\/abren-nueva-convocatoria-de-necodescuentos-a-comercios-locales\/","title":{"rendered":"Abren nueva convocatoria de NecoDescuentos a comercios locales"},"content":{"rendered":"<p><strong>La Secretar\u00eda de Turismo y Desarrollo Productivo de la Municipalidad de Necochea, en articulaci\u00f3n con la C\u00e1mara Comercial e Industrial, abri\u00f3 nuevamente la convocatoria para los comercios que se quieran adherir a la pr\u00f3xima edici\u00f3n del programa de beneficios \u201cNecoDescuentos\u201d, la quinta entrega del ciclo que se realizar\u00e1 entre los pr\u00f3ximos jueves 13 y s\u00e1bado 15 de julio.<\/strong><\/p>\n<p>Como ya es costumbre cada vez que se organiza la actividad, los vecinos y turistas que visiten Necochea y Quequ\u00e9n se van a encontrar con tres d\u00edas de promociones y rebajas en una gran cantidad de locales y en los m\u00e1s variados rubros.<\/p>\n<p>Seg\u00fan explicaron desde la Direcci\u00f3n de Desarrollo Comercial, Industrial y Agropecuario de la comuna, las promociones depender\u00e1n de cada comercio, pudiendo transformarse en un porcentaje de quita en el precio final de la compra, regalos, men\u00fas promocionales o la entrega de dos productos al valor de uno, entre cualquier otra forma de beneficio que sirva para impulsar la actividad del sector y brindar un beneficio al bolsillo de los consumidores.<\/p>\n<p>Los comercios que tengan intenci\u00f3n de sumarse a esta nueva edici\u00f3n para promocionar su negocio pueden formar parte de la iniciativa inscribi\u00e9ndose en el link https:\/\/bit.ly\/Incentivo_Comercios, donde deber\u00e1n completar un peque\u00f1o formulario especificando la propuesta para esos d\u00edas de rebaja.<\/p>\n","protected":false},"excerpt":{"rendered":"<p>La Secretar\u00eda de Turismo y Desarrollo Productivo de la Municipalidad de Necochea, en articulaci\u00f3n con la C\u00e1mara Comercial e Industrial, abri\u00f3 nuevamente la convocatoria para los comercios que se quieran adherir a la pr\u00f3xima edici\u00f3n del programa de beneficios \u201cNecoDescuentos\u201d, la quinta entrega del ciclo que se realizar\u00e1 entre los pr\u00f3ximos jueves 13 y s\u00e1bado [&hellip;]<\/p>\n","protected":false},"author":3,"featured_media":101559,"comment_status":"open","ping_status":"open","sticky":false,"template":"","format":"standard","meta":{"footnotes":""},"categories":[3],"tags":[],"class_list":["post-101558","post","type-post","status-publish","format-standard","has-post-thumbnail","category-masnoticias"],"_links":{"self":[{"href":"https:\/\/primicias2262.com\/noticias\/wp-json\/wp\/v2\/posts\/101558","targetHints":{"allow":["GET"]}}],"collection":[{"href":"https:\/\/primicias2262.com\/noticias\/wp-json\/wp\/v2\/posts"}],"about":[{"href":"https:\/\/primicias2262.com\/noticias\/wp-json\/wp\/v2\/types\/post"}],"author":[{"embeddable":true,"href":"https:\/\/primicias2262.com\/noticias\/wp-json\/wp\/v2\/users\/3"}],"replies":[{"embeddable":true,"href":"https:\/\/primicias2262.com\/noticias\/wp-json\/wp\/v2\/comments?post=101558"}],"version-history":[{"count":2,"href":"https:\/\/primicias2262.com\/noticias\/wp-json\/wp\/v2\/posts\/101558\/revisions"}],"predecessor-version":[{"id":101585,"href":"https:\/\/primicias2262.com\/noticias\/wp-json\/wp\/v2\/posts\/101558\/revisions\/101585"}],"wp:featuredmedia":[{"embeddable":true,"href":"https:\/\/primicias2262.com\/noticias\/wp-json\/wp\/v2\/media\/101559"}],"wp:attachment":[{"href":"https:\/\/primicias2262.com\/noticias\/wp-json\/wp\/v2\/media?parent=101558"}],"wp:term":[{"taxonomy":"category","embeddable":true,"href":"https:\/\/primicias2262.com\/noticias\/wp-json\/wp\/v2\/categories?post=101558"},{"taxonomy":"post_tag","embeddable":true,"href":"https:\/\/primicias2262.com\/noticias\/wp-json\/wp\/v2\/tags?post=101558"}],"curies":[{"name":"wp","href":"https:\/\/api.w.org\/{rel}","templated":true}]}}