{"id":101561,"date":"2023-07-05T13:39:22","date_gmt":"2023-07-05T13:39:22","guid":{"rendered":"https:\/\/primicias2262.com\/noticias\/?p=101561"},"modified":"2023-07-06T11:28:39","modified_gmt":"2023-07-06T11:28:39","slug":"este-sabado-sera-la-apertura-del-local-partidario-de-mauro-velazquez","status":"publish","type":"post","link":"https:\/\/primicias2262.com\/noticias\/este-sabado-sera-la-apertura-del-local-partidario-de-mauro-velazquez\/","title":{"rendered":"Este s\u00e1bado ser\u00e1 la apertura del local partidario de Mauro Vel\u00e1zquez"},"content":{"rendered":"<p><strong>Uno de los precandidatos a intendentes de Uni\u00f3n por la Patria, Mauro Vel\u00e1zquez, encabezar\u00e1 la ceremonia a partir de las 17 en el bunker de calle 60 entre 63 y 65, donde contar\u00e1 con el acompa\u00f1amiento de la c\u00fapula dirigencial del Frente Renovador local y se invita a los vecinos a formar parte del lanzamiento.<\/strong><\/p>\n<p>En la ma\u00f1ana de \u201cVoces de la Ciudad\u201d, durante el contacto telef\u00f3nico con el periodista Jorge G\u00f3mez, el concejal del interbloque del (todav\u00eda) Frente de Todos y precandidato a intendente, Mauro Vel\u00e1zquez, anunci\u00f3 que se presenta p\u00fablicamente este s\u00e1bado a partir de las 17 el local partidario, ubicado en la calle 60 N\u00ba 3175 entre 63 y 65.<\/p>\n<p>Quien encabeza la Lista n\u00famero 4 de cara a las elecciones, asegur\u00f3 que \u201cestamos organizando todo para el s\u00e1bado, tenemos el local donde haremos la presentaci\u00f3n y queremos que vayan todos los vecinos, vecinas y p\u00fablico en general a que conozcan mi lista y a aquellas personas que me van a acompa\u00f1ar en este proceso\u201d.<\/p>\n<p>Vel\u00e1zquez avis\u00f3 que el local es de grandes dimensiones, pero en simult\u00e1neo el lanzamiento se podr\u00e1 seguir tambi\u00e9n por redes sociales y streaming: \u201cHay que aggiornarse y la idea es que llegue a la mayor cantidad de vecinos a trav\u00e9s de las diferentes plataformas\u201d, manifest\u00f3.<\/p>\n<p>Por supuesto, el acto proselitista contar\u00e1 con la presencia de \u201ccompa\u00f1eros y compa\u00f1eras, tendremos saludos y visitas de referentes de la pol\u00edtica provincial y nacional, as\u00ed que estamos armando todos los detalles de la parte t\u00e9cnica\u201d, agreg\u00f3.<\/p>\n<p>En ese sentido, Vel\u00e1zquez asegur\u00f3 que \u201cestamos acostumbrados a trabajar sobre la planificaci\u00f3n, no improvisamos y por eso no nos apur\u00e1bamos para presentar el local, ahora ya estamos en la cancha y queremos convocar a los vecinos\u201d.<\/p>\n<p><a href=\"https:\/\/primicias2262.com\/noticias\/wp-content\/uploads\/2023\/07\/WhatsApp-Image-2023-07-05-at-10.23.02-AM.jpeg\"><img loading=\"lazy\" decoding=\"async\" class=\"aligncenter size-full wp-image-101564\" src=\"https:\/\/primicias2262.com\/noticias\/wp-content\/uploads\/2023\/07\/WhatsApp-Image-2023-07-05-at-10.23.02-AM.jpeg\" alt=\"\" width=\"738\" height=\"1024\" srcset=\"https:\/\/primicias2262.com\/noticias\/wp-content\/uploads\/2023\/07\/WhatsApp-Image-2023-07-05-at-10.23.02-AM.jpeg 738w, https:\/\/primicias2262.com\/noticias\/wp-content\/uploads\/2023\/07\/WhatsApp-Image-2023-07-05-at-10.23.02-AM-216x300.jpeg 216w, https:\/\/primicias2262.com\/noticias\/wp-content\/uploads\/2023\/07\/WhatsApp-Image-2023-07-05-at-10.23.02-AM-150x208.jpeg 150w, https:\/\/primicias2262.com\/noticias\/wp-content\/uploads\/2023\/07\/WhatsApp-Image-2023-07-05-at-10.23.02-AM-300x416.jpeg 300w, https:\/\/primicias2262.com\/noticias\/wp-content\/uploads\/2023\/07\/WhatsApp-Image-2023-07-05-at-10.23.02-AM-696x966.jpeg 696w\" sizes=\"auto, (max-width: 738px) 100vw, 738px\" \/><\/a><\/p>\n","protected":false},"excerpt":{"rendered":"<p>Uno de los precandidatos a intendentes de Uni\u00f3n por la Patria, Mauro Vel\u00e1zquez, encabezar\u00e1 la ceremonia a partir de las 17 en el bunker de calle 60 entre 63 y 65, donde contar\u00e1 con el acompa\u00f1amiento de la c\u00fapula dirigencial del Frente Renovador local y se invita a los vecinos a formar parte del lanzamiento. [&hellip;]<\/p>\n","protected":false},"author":3,"featured_media":100474,"comment_status":"open","ping_status":"open","sticky":false,"template":"","format":"standard","meta":{"footnotes":""},"categories":[3],"tags":[],"class_list":["post-101561","post","type-post","status-publish","format-standard","has-post-thumbnail","category-masnoticias"],"_links":{"self":[{"href":"https:\/\/primicias2262.com\/noticias\/wp-json\/wp\/v2\/posts\/101561","targetHints":{"allow":["GET"]}}],"collection":[{"href":"https:\/\/primicias2262.com\/noticias\/wp-json\/wp\/v2\/posts"}],"about":[{"href":"https:\/\/primicias2262.com\/noticias\/wp-json\/wp\/v2\/types\/post"}],"author":[{"embeddable":true,"href":"https:\/\/primicias2262.com\/noticias\/wp-json\/wp\/v2\/users\/3"}],"replies":[{"embeddable":true,"href":"https:\/\/primicias2262.com\/noticias\/wp-json\/wp\/v2\/comments?post=101561"}],"version-history":[{"count":1,"href":"https:\/\/primicias2262.com\/noticias\/wp-json\/wp\/v2\/posts\/101561\/revisions"}],"predecessor-version":[{"id":101565,"href":"https:\/\/primicias2262.com\/noticias\/wp-json\/wp\/v2\/posts\/101561\/revisions\/101565"}],"wp:featuredmedia":[{"embeddable":true,"href":"https:\/\/primicias2262.com\/noticias\/wp-json\/wp\/v2\/media\/100474"}],"wp:attachment":[{"href":"https:\/\/primicias2262.com\/noticias\/wp-json\/wp\/v2\/media?parent=101561"}],"wp:term":[{"taxonomy":"category","embeddable":true,"href":"https:\/\/primicias2262.com\/noticias\/wp-json\/wp\/v2\/categories?post=101561"},{"taxonomy":"post_tag","embeddable":true,"href":"https:\/\/primicias2262.com\/noticias\/wp-json\/wp\/v2\/tags?post=101561"}],"curies":[{"name":"wp","href":"https:\/\/api.w.org\/{rel}","templated":true}]}}