{"id":101570,"date":"2023-07-05T14:40:57","date_gmt":"2023-07-05T14:40:57","guid":{"rendered":"https:\/\/primicias2262.com\/noticias\/?p=101570"},"modified":"2023-07-05T14:40:57","modified_gmt":"2023-07-05T14:40:57","slug":"batakis-la-inflacion-comenzo-un-camino-de-descenso","status":"publish","type":"post","link":"https:\/\/primicias2262.com\/noticias\/batakis-la-inflacion-comenzo-un-camino-de-descenso\/","title":{"rendered":"Batakis: \u201cLa inflaci\u00f3n comenz\u00f3 un camino de descenso\u201d"},"content":{"rendered":"<div class=\"col-12 col-sm-9\">\n<div class=\"nota_content mt-30\">\n<p><strong>La presidenta del Banco Naci\u00f3n (BNA), Silvina Batakis, afirm\u00f3 que la inflaci\u00f3n comenz\u00f3 \u201cun camino de descenso\u201d, aunque admiti\u00f3 que es \u201cdif\u00edcil dominarla\u201d.<\/strong><\/p>\n<p>\u201c<strong>La inflaci\u00f3n es alta, nos gustar\u00eda tener niveles m\u00e1s bajos. No permite planificar ni a las familias, ni a las empresas ni al Estado.<\/strong> Ahora vemos que puede estar comenzando un camino de descenso y la actividad sigue muy productiva, con trabajo. Es dif\u00edcil dominarla, pero estamos en ese camino\u201d, se\u00f1al\u00f3.<\/p>\n<p>La titular del Naci\u00f3n, adem\u00e1s, destac\u00f3 la necesidad de \u201cpensar en un Estado eficiente, sin ajustes, con mejores servicios a la poblaci\u00f3n\u201d, y afirm\u00f3 que \u201chay que calibrar, no ajustar\u201d.<\/p>\n<p>Respecto al avance de las negociaciones con el Fondo Monetario Internacional (FMI), record\u00f3 que al organismo lo \u201csacamos en el 2006 (durante el gobierno de N\u00e9stor Kirchner) y la gesti\u00f3n de Cambiemos lo volvi\u00f3 a introducir\u201d.<\/p>\n<p>\u201cEl objetivo es que no est\u00e9 en la Argentina, porque perdemos la autodeterminaci\u00f3n de las pol\u00edticas p\u00fablicas. Por ejemplo, la construcci\u00f3n del gasoducto (Presidente N\u00e9stor Kirchner) para ellos generaba d\u00e9ficit fiscal\u201d, explic\u00f3 la funcionaria, quien remarc\u00f3: \u201cNecesitamos recuperar soberan\u00eda\u201d.<\/p>\n<p>Para Batakis, la magnitud de la deuda con el FMI \u201ces enorme\u201d, aunque es \u201cposible sacarlo de Argentina a mediano plazo con un cronograma\u201d, y evalu\u00f3 que eso \u201cdepender\u00e1 de los d\u00f3lares que generemos\u201d.<\/p>\n<\/div>\n<\/div>\n","protected":false},"excerpt":{"rendered":"<p>La presidenta del Banco Naci\u00f3n (BNA), Silvina Batakis, afirm\u00f3 que la inflaci\u00f3n comenz\u00f3 \u201cun camino de descenso\u201d, aunque admiti\u00f3 que es \u201cdif\u00edcil dominarla\u201d. \u201cLa inflaci\u00f3n es alta, nos gustar\u00eda tener niveles m\u00e1s bajos. No permite planificar ni a las familias, ni a las empresas ni al Estado. Ahora vemos que puede estar comenzando un camino [&hellip;]<\/p>\n","protected":false},"author":3,"featured_media":101571,"comment_status":"open","ping_status":"open","sticky":false,"template":"","format":"standard","meta":{"footnotes":""},"categories":[7],"tags":[],"class_list":{"0":"post-101570","1":"post","2":"type-post","3":"status-publish","4":"format-standard","5":"has-post-thumbnail","7":"category-nac"},"_links":{"self":[{"href":"https:\/\/primicias2262.com\/noticias\/wp-json\/wp\/v2\/posts\/101570","targetHints":{"allow":["GET"]}}],"collection":[{"href":"https:\/\/primicias2262.com\/noticias\/wp-json\/wp\/v2\/posts"}],"about":[{"href":"https:\/\/primicias2262.com\/noticias\/wp-json\/wp\/v2\/types\/post"}],"author":[{"embeddable":true,"href":"https:\/\/primicias2262.com\/noticias\/wp-json\/wp\/v2\/users\/3"}],"replies":[{"embeddable":true,"href":"https:\/\/primicias2262.com\/noticias\/wp-json\/wp\/v2\/comments?post=101570"}],"version-history":[{"count":1,"href":"https:\/\/primicias2262.com\/noticias\/wp-json\/wp\/v2\/posts\/101570\/revisions"}],"predecessor-version":[{"id":101572,"href":"https:\/\/primicias2262.com\/noticias\/wp-json\/wp\/v2\/posts\/101570\/revisions\/101572"}],"wp:featuredmedia":[{"embeddable":true,"href":"https:\/\/primicias2262.com\/noticias\/wp-json\/wp\/v2\/media\/101571"}],"wp:attachment":[{"href":"https:\/\/primicias2262.com\/noticias\/wp-json\/wp\/v2\/media?parent=101570"}],"wp:term":[{"taxonomy":"category","embeddable":true,"href":"https:\/\/primicias2262.com\/noticias\/wp-json\/wp\/v2\/categories?post=101570"},{"taxonomy":"post_tag","embeddable":true,"href":"https:\/\/primicias2262.com\/noticias\/wp-json\/wp\/v2\/tags?post=101570"}],"curies":[{"name":"wp","href":"https:\/\/api.w.org\/{rel}","templated":true}]}}