{"id":101574,"date":"2023-07-05T10:45:52","date_gmt":"2023-07-05T10:45:52","guid":{"rendered":"https:\/\/primicias2262.com\/noticias\/?p=101574"},"modified":"2023-07-05T15:45:59","modified_gmt":"2023-07-05T15:45:59","slug":"milei-afirmo-que-demandara-a-blumberg-por-acusarlo-de-vender-candidaturas","status":"publish","type":"post","link":"https:\/\/primicias2262.com\/noticias\/milei-afirmo-que-demandara-a-blumberg-por-acusarlo-de-vender-candidaturas\/","title":{"rendered":"Milei afirm\u00f3 que demandar\u00e1 a Blumberg por acusarlo de vender candidaturas"},"content":{"rendered":"<div class=\"col-12 col-sm-9\">\n<div class=\"nota_content mt-30\">\n<p><strong>El precandidato presidencial y diputado nacional por La Libertad Avanza (LLA), Javier Milei, asegur\u00f3 hoy que va a \u201cdenunciar\u201d a aquellos que han acusado a su agrupaci\u00f3n de vender candidaturas en d\u00f3lares, y reiter\u00f3 que si un simpatizante desea ocupar un lugar en las listas del espacio \u201cdebe cubrir el financiamiento\u201d de la fuerza pol\u00edtica.<\/strong><\/p>\n<p>\u201cLos pol\u00edticos tradicionales desv\u00edan el dinero de los impuestos a la campa\u00f1a, nosotros los cubrimos con nuestros propios gastos.<strong> Para cubrir una posici\u00f3n hay que contar con financiamiento. Nosotros no disponemos de otros recursos\u201d,<\/strong> sostuvo Milei en declaraciones para Radio Continental.<\/p>\n<p>Ayer, el empresario Juan Carlos Blumberg afirm\u00f3 que hay gente que \u201cpag\u00f3\u201d para integrar las listas de LLA y acus\u00f3 Carlos Kikuchi, Sebasti\u00e1n Pareja y Karina Milei, \u201carmadores\u201d de este espacio,<strong> de pedir \u201cdinero\u201d para conformar las n\u00f3minas electorales.<\/strong><\/p>\n<p><strong>\u201cHay gente que pag\u00f3 por un cargo de concejal 50.000 d\u00f3lares. Lo m\u00e1s grave es que han hecho un negocio con la pol\u00edtica\u201d,<\/strong> asegur\u00f3 Blumberg en declaraciones a la radio La Red.<\/p>\n<p>Milei asegur\u00f3 que Blumberg <strong>\u201cno tiene ninguna prueba\u201d<\/strong> sobre la ilegalidad de esta forma de financiamiento, y asegur\u00f3 que LLA demandar\u00e1 a Juan Carlos Blumberg <strong>\u201cpor propagar mentiras\u201d.<\/strong><\/p>\n<p>\u201cVamos a iniciar acciones legales contra Blumberg y sobre quienes propagaron estas mentiras. No tienen ninguna prueba y los vamos a denunciar\u201d, asever\u00f3 el l\u00edder de LLA.<\/p>\n<p>Asimismo, Milei replic\u00f3 que Blumberg pretend\u00eda <strong>\u201cser candidato a gobernador de la provincia de Buenos Aires por haber ido a una charla en la Feria del Libro\u201d.<\/strong><\/p>\n<p>Las acusaciones de venta de candidaturas en LLA no son nuevas, ya que el a\u00f1o pasado el abogado Carlos Maslat\u00f3n -quien se reivindica como cofundador de esta fuerza pol\u00edtica- hab\u00eda advertido sobre el desplazamiento de varios militantes porque <strong>carec\u00edan de los recursos necesarios para participar de este mecanismo de financiaci\u00f3n.<\/strong><\/p>\n<p>\u201cMilei, ustedes arrancaron bien en 2021. Ten\u00edan cientos de miles de militantes, genuinos y capaces.<strong> Los volaste a todos y hoy queda claro por qu\u00e9: para vender candidaturas y levantarla en pala para vos. Muy ingenuo, cre\u00edas que ten\u00edas impunidad y que esto no se iba a saber\u201d,<\/strong> expres\u00f3 ayer el abogado liberal a trav\u00e9s de su cuenta de Twitter.<\/p>\n<p>Tras la difusi\u00f3n del video de Blumberg, Milei respondi\u00f3 por Twitter que en el espacio <strong>\u201cse queda al que viene a poner (aqu\u00ed cada uno se banca con la propia)\u201d<\/strong> y agreg\u00f3 \u201c<strong>el que quiere venir a ver si roba un carguito sale eyectado\u201d.<\/strong><\/p>\n<p>A esto, su exaliado Maslat\u00f3n respondi\u00f3 que el problema es <strong>\u201cel franquiciado pol\u00edtico\u201d<\/strong> que estableci\u00f3 con su hermana Karina Milei, hermana del legislador que se autodefine como \u201clibertario\u201d.<\/p>\n<p>\u201cEl problema es que el franquiciado pol\u00edtico que estableciste con tu hermana (Karina), por uso de tu nombre y boleta,\u00a0<strong>es a cambio de plata para tu bolsillo, no para campa\u00f1a\u201d,<\/strong> concluy\u00f3 el letrado en un mensaje dirigido a Milei.<\/p>\n<\/div>\n<\/div>\n","protected":false},"excerpt":{"rendered":"<p>El precandidato presidencial y diputado nacional por La Libertad Avanza (LLA), Javier Milei, asegur\u00f3 hoy que va a \u201cdenunciar\u201d a aquellos que han acusado a su agrupaci\u00f3n de vender candidaturas en d\u00f3lares, y reiter\u00f3 que si un simpatizante desea ocupar un lugar en las listas del espacio \u201cdebe cubrir el financiamiento\u201d de la fuerza pol\u00edtica. [&hellip;]<\/p>\n","protected":false},"author":3,"featured_media":101575,"comment_status":"open","ping_status":"open","sticky":false,"template":"","format":"standard","meta":{"footnotes":""},"categories":[7],"tags":[],"class_list":{"0":"post-101574","1":"post","2":"type-post","3":"status-publish","4":"format-standard","5":"has-post-thumbnail","7":"category-nac"},"_links":{"self":[{"href":"https:\/\/primicias2262.com\/noticias\/wp-json\/wp\/v2\/posts\/101574","targetHints":{"allow":["GET"]}}],"collection":[{"href":"https:\/\/primicias2262.com\/noticias\/wp-json\/wp\/v2\/posts"}],"about":[{"href":"https:\/\/primicias2262.com\/noticias\/wp-json\/wp\/v2\/types\/post"}],"author":[{"embeddable":true,"href":"https:\/\/primicias2262.com\/noticias\/wp-json\/wp\/v2\/users\/3"}],"replies":[{"embeddable":true,"href":"https:\/\/primicias2262.com\/noticias\/wp-json\/wp\/v2\/comments?post=101574"}],"version-history":[{"count":1,"href":"https:\/\/primicias2262.com\/noticias\/wp-json\/wp\/v2\/posts\/101574\/revisions"}],"predecessor-version":[{"id":101576,"href":"https:\/\/primicias2262.com\/noticias\/wp-json\/wp\/v2\/posts\/101574\/revisions\/101576"}],"wp:featuredmedia":[{"embeddable":true,"href":"https:\/\/primicias2262.com\/noticias\/wp-json\/wp\/v2\/media\/101575"}],"wp:attachment":[{"href":"https:\/\/primicias2262.com\/noticias\/wp-json\/wp\/v2\/media?parent=101574"}],"wp:term":[{"taxonomy":"category","embeddable":true,"href":"https:\/\/primicias2262.com\/noticias\/wp-json\/wp\/v2\/categories?post=101574"},{"taxonomy":"post_tag","embeddable":true,"href":"https:\/\/primicias2262.com\/noticias\/wp-json\/wp\/v2\/tags?post=101574"}],"curies":[{"name":"wp","href":"https:\/\/api.w.org\/{rel}","templated":true}]}}