{"id":101580,"date":"2023-07-05T17:25:22","date_gmt":"2023-07-05T17:25:22","guid":{"rendered":"https:\/\/primicias2262.com\/noticias\/?p=101580"},"modified":"2023-07-06T14:54:16","modified_gmt":"2023-07-06T14:54:16","slug":"comienza-un-trabajo-para-hacer-casi-100-cuadras-de-cordon-cuneta","status":"publish","type":"post","link":"https:\/\/primicias2262.com\/noticias\/comienza-un-trabajo-para-hacer-casi-100-cuadras-de-cordon-cuneta\/","title":{"rendered":"\u201cComienza un trabajo para hacer casi 100 cuadras de cord\u00f3n cuneta\u201d"},"content":{"rendered":"<p><strong>As\u00ed lo anticip\u00f3 el secretario de Obras P\u00fablicas, Adri\u00e1n Furno, durante una visita a los estudios de \u201cVoces de la Ciudad\u201d, donde brind\u00f3 detalles de la millonaria licitaci\u00f3n que fue ganada por la empresa Kosko y en la que el municipio debi\u00f3 cubrir una diferencia cercana a los 90 millones, y que ya est\u00e1 pr\u00f3xima a comenzar.<\/strong><\/p>\n<p>En charla sobre variados temas con el periodista Jorge G\u00f3mez, el funcionario enfatiz\u00f3 en las obras de cord\u00f3n cuneta, algo sumamente reclamado por muchos vecinos de los barrios m\u00e1s postergados.<\/p>\n<p>\u201cLa licitaci\u00f3n millonaria de cord\u00f3n cuneta ya est\u00e1 adjudicada, es por el FIM 2023 (Fondo de Infraestructura Municipal), que ahora es Municipios a la obra, se trata de coparticipaci\u00f3n provincial que este a\u00f1o nos toc\u00f3 306 millones de pesos y al sentarnos con el intendente para la planificaci\u00f3n de las cosas m\u00e1s necesarias nos pusimos de acuerdo en que lo que la gente m\u00e1s nos est\u00e1 reclamando es cord\u00f3n cuneta y asfalto\u201d, revel\u00f3 Furno.<\/p>\n<p>Por tal motivo, el funcionario asegur\u00f3 que \u201cla idea en primera instancia es ir hacia el cord\u00f3n cuneta de las avenidas principales y puntos donde hay establecimientos educativos en calles de tierra\u2026 son varios lugares que est\u00e1n pensados a futuro -una vez con cord\u00f3n cuneta- ir tambi\u00e9n por la vereda y asfalto\u201d, e incluso, \u201cla idea tambi\u00e9n es mejorar la circulaci\u00f3n del agua, por lo que en algunos lugares habr\u00e1 que hacer algunas obras de pluviales previo a los cordones, por ejemplo en Barrio Norte\u201d.<\/p>\n<p>Acerca de la licitaci\u00f3n y los fondos de la obra, Furno revel\u00f3 que \u201cel municipio licit\u00f3 y la obra qued\u00f3 en 394 millones, la gan\u00f3 Kosko Group y ya est\u00e1 adjudicado: se firm\u00f3 contrato y est\u00e1 pronto a comenzar este trabajo que nos va a llevar cerca de un a\u00f1o para hacer casi 100 cuadras de cord\u00f3n cuneta\u201d, para acotar que \u201cde los 306 millones a los 394, la Municipalidad va a poner la diferencia porque el FIM no tiene reajuste\u201d.<\/p>\n<p>En cuanto a puntos a cubrir con este servicio esencial en Necochea y Quequ\u00e9n, vale destacar que se contempla Av. 74 de 75 a 91; \u00a0Barrio Norte en Av. 43 de 74 a 86; 45, 41 y las transversales 86, 84, 82, 78 y 76 de 45 a 41 o 39 en algunos casos; accesos a colegios y clubes de barrio; la calle 517 de Quequ\u00e9n de Almirante Brown a 510; la 510 de 517 a 523; 510 a 508; Av. 531 de 586 a 554; Av 566 de 545 a 521; como as\u00ed en calles aleda\u00f1as a establecimientos educativos, como por ejemplo la Primaria N\u00ba 9 o los jardines Pichi Huinca y N\u00ba 919, en inmediaciones del Hospital Municipal.<\/p>\n","protected":false},"excerpt":{"rendered":"<p>As\u00ed lo anticip\u00f3 el secretario de Obras P\u00fablicas, Adri\u00e1n Furno, durante una visita a los estudios de \u201cVoces de la Ciudad\u201d, donde brind\u00f3 detalles de la millonaria licitaci\u00f3n que fue ganada por la empresa Kosko y en la que el municipio debi\u00f3 cubrir una diferencia cercana a los 90 millones, y que ya est\u00e1 pr\u00f3xima [&hellip;]<\/p>\n","protected":false},"author":3,"featured_media":100290,"comment_status":"open","ping_status":"open","sticky":false,"template":"","format":"standard","meta":{"footnotes":""},"categories":[3],"tags":[],"class_list":["post-101580","post","type-post","status-publish","format-standard","has-post-thumbnail","category-masnoticias"],"_links":{"self":[{"href":"https:\/\/primicias2262.com\/noticias\/wp-json\/wp\/v2\/posts\/101580","targetHints":{"allow":["GET"]}}],"collection":[{"href":"https:\/\/primicias2262.com\/noticias\/wp-json\/wp\/v2\/posts"}],"about":[{"href":"https:\/\/primicias2262.com\/noticias\/wp-json\/wp\/v2\/types\/post"}],"author":[{"embeddable":true,"href":"https:\/\/primicias2262.com\/noticias\/wp-json\/wp\/v2\/users\/3"}],"replies":[{"embeddable":true,"href":"https:\/\/primicias2262.com\/noticias\/wp-json\/wp\/v2\/comments?post=101580"}],"version-history":[{"count":2,"href":"https:\/\/primicias2262.com\/noticias\/wp-json\/wp\/v2\/posts\/101580\/revisions"}],"predecessor-version":[{"id":101608,"href":"https:\/\/primicias2262.com\/noticias\/wp-json\/wp\/v2\/posts\/101580\/revisions\/101608"}],"wp:featuredmedia":[{"embeddable":true,"href":"https:\/\/primicias2262.com\/noticias\/wp-json\/wp\/v2\/media\/100290"}],"wp:attachment":[{"href":"https:\/\/primicias2262.com\/noticias\/wp-json\/wp\/v2\/media?parent=101580"}],"wp:term":[{"taxonomy":"category","embeddable":true,"href":"https:\/\/primicias2262.com\/noticias\/wp-json\/wp\/v2\/categories?post=101580"},{"taxonomy":"post_tag","embeddable":true,"href":"https:\/\/primicias2262.com\/noticias\/wp-json\/wp\/v2\/tags?post=101580"}],"curies":[{"name":"wp","href":"https:\/\/api.w.org\/{rel}","templated":true}]}}