{"id":101583,"date":"2023-07-05T17:30:34","date_gmt":"2023-07-05T17:30:34","guid":{"rendered":"https:\/\/primicias2262.com\/noticias\/?p=101583"},"modified":"2023-07-06T11:37:56","modified_gmt":"2023-07-06T11:37:56","slug":"marcada-presencia-juvenil-en-el-taller-de-curriculum-vitae","status":"publish","type":"post","link":"https:\/\/primicias2262.com\/noticias\/marcada-presencia-juvenil-en-el-taller-de-curriculum-vitae\/","title":{"rendered":"Marcada presencia juvenil en el taller de Curr\u00edculum Vitae"},"content":{"rendered":"<p><strong>Con la organizaci\u00f3n de la Direcci\u00f3n de Desarrollo Comercial, Industrial y Agropecuario de la comuna, y la bienvenida a la jornada por parte del intendente Arturo Rojas, se desarroll\u00f3 en el Sal\u00f3n de Actos \u201cDomingo J. Taraborelli\u201d un taller intensivo de Armado de Curr\u00edculum Vitae, dictado por la Consultora Astorgano \u2013 De Benedictis, y del que participaron alrededor de 200 personas.<\/strong><\/p>\n<p>En la apertura del evento, el intendente de Necochea resalt\u00f3 el trabajo que su equipo de Producci\u00f3n y Empleo (bajo el ala de la Secretar\u00eda que encabeza Mat\u00edas Sierra) viene realizando en materia de capacitaci\u00f3n y diferentes pol\u00edticas para generar empleo, \u201cy principalmente para poder unir a quienes est\u00e1n buscando trabajo con el sector empresarial y comercial, de acuerdo a las demandas\u201d.<\/p>\n<p>Este taller \u201ces una herramienta que permitir\u00e1 no solo el armado de curr\u00edculum en un contexto donde lo laboral demanda cada vez m\u00e1s capacitaci\u00f3n y formaci\u00f3n, sino que tambi\u00e9n nos va a permitir a nosotros tener en la p\u00e1gina una base de datos actualizada, donde cada uno tenga acceso y la posibilidad de armar y actualizar su CV, y que a su vez eso nos permita seleccionar una b\u00fasqueda r\u00e1pida cuando haya alguna demanda de un sector en particular que nos pida alg\u00fan perfil determinado\u201d, recalc\u00f3 Rojas.<\/p>\n<p>El Intendente subray\u00f3 tambi\u00e9n la serie de reuniones que viene manteniendo el Departamento Ejecutivo con los diferentes gremios, los actores de la educaci\u00f3n y de Formaci\u00f3n Profesional y los sectores comerciales y empresariales con el fin de ir trabajando a\u00f1o a a\u00f1o la demanda y oferta educativa y la demanda de capacitaci\u00f3n.<\/p>\n<p>\u201cLa idea es que podamos potenciar esto a lo largo del tiempo, aunque sabemos que todav\u00eda hay mucho por hacer y conociendo el contexto econ\u00f3mico en el que estamos, donde se hace un esfuerzo enorme por parte de cada una de las familias para que los j\u00f3venes se puedan capacitar, estudiar y prepararse\u201d, acot\u00f3, para concluir dirigi\u00e9ndose a los j\u00f3venes que \u201clo que a ustedes les guste y elijan es lo que va dar la libertad para llevar adelante sus proyectos de vida, y es muy importante la participaci\u00f3n de tanta juventud que se ve hoy ac\u00e1, porque son los actores del presente y del futuro\u201d.<\/p>\n<p><a href=\"https:\/\/primicias2262.com\/noticias\/wp-content\/uploads\/2023\/07\/05-07-FOTO-Taller-CV.jpeg\"><img loading=\"lazy\" decoding=\"async\" class=\"aligncenter size-full wp-image-101587\" src=\"https:\/\/primicias2262.com\/noticias\/wp-content\/uploads\/2023\/07\/05-07-FOTO-Taller-CV.jpeg\" alt=\"\" width=\"1600\" height=\"1066\" srcset=\"https:\/\/primicias2262.com\/noticias\/wp-content\/uploads\/2023\/07\/05-07-FOTO-Taller-CV.jpeg 1600w, https:\/\/primicias2262.com\/noticias\/wp-content\/uploads\/2023\/07\/05-07-FOTO-Taller-CV-300x200.jpeg 300w, https:\/\/primicias2262.com\/noticias\/wp-content\/uploads\/2023\/07\/05-07-FOTO-Taller-CV-1024x682.jpeg 1024w, https:\/\/primicias2262.com\/noticias\/wp-content\/uploads\/2023\/07\/05-07-FOTO-Taller-CV-768x512.jpeg 768w, https:\/\/primicias2262.com\/noticias\/wp-content\/uploads\/2023\/07\/05-07-FOTO-Taller-CV-1536x1023.jpeg 1536w, https:\/\/primicias2262.com\/noticias\/wp-content\/uploads\/2023\/07\/05-07-FOTO-Taller-CV-150x100.jpeg 150w, https:\/\/primicias2262.com\/noticias\/wp-content\/uploads\/2023\/07\/05-07-FOTO-Taller-CV-696x464.jpeg 696w, https:\/\/primicias2262.com\/noticias\/wp-content\/uploads\/2023\/07\/05-07-FOTO-Taller-CV-1068x712.jpeg 1068w\" sizes=\"auto, (max-width: 1600px) 100vw, 1600px\" \/><\/a>Por su parte, Roc\u00edo Zabalj\u00e1uregui del \u00e1rea organizadora, puntualiz\u00f3 en la bienvenida que \u201cuna de las primeras cuestiones que surge cuando van a presentarse para la b\u00fasqueda de empleo o fuente laboral es la necesidad de armar un CV para llegar a la entrevista laboral, y en este proceso quer\u00edamos acompa\u00f1arlos para pensarse, buscar el perfil y c\u00f3mo plasmar lo que queremos que quede reflejado all\u00ed\u201d.<\/p>\n<p>El taller es brindado por la Consultora especializada en la Gesti\u00f3n de Recursos Humanos Astorgano \u2013 De Benedictis, conformada por Vanina Astorgano y Magal\u00ed De Benedictis: \u201cEllas forman parte de un equipo que se encarga de reclutar personas para insertar laboralmente, est\u00e1n articulando constantemente con empresas en ese sentido y ellas ven estas dificultades que surgen cuando se presentan para la b\u00fasqueda de empleo, entonces la idea del taller es acercarle a ustedes esta herramienta para poder romper con esta primera traba del armado de CV, de c\u00f3mo presentarse y aplicar para llegar a una entrevista\u201d, referenci\u00f3 la funcionaria.<\/p>\n<p>Asimismo, en relaci\u00f3n a lo que marcaba el Intendente, la jornada fue propicia para que Zabalj\u00e1uregui anunciara la presentaci\u00f3n de una herramienta \u201cque hemos generado con recursos municipales para que puedan cargar sus CV de manera online, con el fin de agilizar las b\u00fasquedas laborales y facilitarle a aquellos que no tienen herramientas para armar su CV\u201d.<\/p>\n<p>Mientras tanto, desde la \u00f3ptica de la consultora, se\u00f1alaron que \u201cmuchas veces pasa que cuando le preguntamos a las personas que mandan su curr\u00edculum qu\u00e9 les gustar\u00eda hacer de ac\u00e1 a unos a\u00f1os o c\u00f3mo le gustar\u00eda verse, de repente se encuentran un poco perdidas, sin un rumbo fijo, por eso nos parece que est\u00e1 bueno este espacio, sobre todo para aquellos que todav\u00eda est\u00e1n en la instancia del secundario, para que puedan profundizar y conocerse un poco m\u00e1s y tener m\u00e1s claro hacia d\u00f3nde ir. Si uno tiene un rumbo, probablemente sea m\u00e1s f\u00e1cil lograr los objetivos y establecerse objetivos, a eso apuntamos y seguramente van a dar lo mejor de s\u00ed si realizan tareas que los motivan y les gustan\u201d.<\/p>\n<p><strong>Durante la jornada se brindaron nociones sobre los siguientes puntos:<\/strong><\/p>\n<ul>\n<li>Definir el perfil laboral, la misi\u00f3n y la visi\u00f3n personal y laboral.<\/li>\n<li>\u00bfQu\u00e9 es un curr\u00edculum y cu\u00e1l genera m\u00e1s impacto? Los contenidos a incluir, formatos, errores m\u00e1s frecuentes y d\u00f3nde y c\u00f3mo enviarlo.<\/li>\n<li>\u00bfC\u00f3mo responder a la llamada previa a la entrevista? \u00bfC\u00f3mo prepararse para la entrevista?<\/li>\n<li>\u00bfQu\u00e9 buscan las empresas al momento de contratar personas? \u00bfC\u00f3mo responder a un anuncio?<\/li>\n<\/ul>\n","protected":false},"excerpt":{"rendered":"<p>Con la organizaci\u00f3n de la Direcci\u00f3n de Desarrollo Comercial, Industrial y Agropecuario de la comuna, y la bienvenida a la jornada por parte del intendente Arturo Rojas, se desarroll\u00f3 en el Sal\u00f3n de Actos \u201cDomingo J. Taraborelli\u201d un taller intensivo de Armado de Curr\u00edculum Vitae, dictado por la Consultora Astorgano \u2013 De Benedictis, y del [&hellip;]<\/p>\n","protected":false},"author":3,"featured_media":101586,"comment_status":"open","ping_status":"open","sticky":false,"template":"","format":"standard","meta":{"footnotes":""},"categories":[3],"tags":[],"class_list":["post-101583","post","type-post","status-publish","format-standard","has-post-thumbnail","category-masnoticias"],"_links":{"self":[{"href":"https:\/\/primicias2262.com\/noticias\/wp-json\/wp\/v2\/posts\/101583","targetHints":{"allow":["GET"]}}],"collection":[{"href":"https:\/\/primicias2262.com\/noticias\/wp-json\/wp\/v2\/posts"}],"about":[{"href":"https:\/\/primicias2262.com\/noticias\/wp-json\/wp\/v2\/types\/post"}],"author":[{"embeddable":true,"href":"https:\/\/primicias2262.com\/noticias\/wp-json\/wp\/v2\/users\/3"}],"replies":[{"embeddable":true,"href":"https:\/\/primicias2262.com\/noticias\/wp-json\/wp\/v2\/comments?post=101583"}],"version-history":[{"count":2,"href":"https:\/\/primicias2262.com\/noticias\/wp-json\/wp\/v2\/posts\/101583\/revisions"}],"predecessor-version":[{"id":101596,"href":"https:\/\/primicias2262.com\/noticias\/wp-json\/wp\/v2\/posts\/101583\/revisions\/101596"}],"wp:featuredmedia":[{"embeddable":true,"href":"https:\/\/primicias2262.com\/noticias\/wp-json\/wp\/v2\/media\/101586"}],"wp:attachment":[{"href":"https:\/\/primicias2262.com\/noticias\/wp-json\/wp\/v2\/media?parent=101583"}],"wp:term":[{"taxonomy":"category","embeddable":true,"href":"https:\/\/primicias2262.com\/noticias\/wp-json\/wp\/v2\/categories?post=101583"},{"taxonomy":"post_tag","embeddable":true,"href":"https:\/\/primicias2262.com\/noticias\/wp-json\/wp\/v2\/tags?post=101583"}],"curies":[{"name":"wp","href":"https:\/\/api.w.org\/{rel}","templated":true}]}}