{"id":101589,"date":"2023-07-05T17:32:44","date_gmt":"2023-07-05T17:32:44","guid":{"rendered":"https:\/\/primicias2262.com\/noticias\/?p=101589"},"modified":"2023-07-06T13:33:51","modified_gmt":"2023-07-06T13:33:51","slug":"estudiantes-convierten-una-combi-a-energia-solar-para-la-delegacion-de-claraz","status":"publish","type":"post","link":"https:\/\/primicias2262.com\/noticias\/estudiantes-convierten-una-combi-a-energia-solar-para-la-delegacion-de-claraz\/","title":{"rendered":"Estudiantes convierten una combi a energ\u00eda solar para la delegaci\u00f3n de Claraz"},"content":{"rendered":"<p><strong>Alumnos del Centro de Formaci\u00f3n Profesional 402 de Necochea trabajan en la transformaci\u00f3n de una combi a energ\u00eda solar, que destinar\u00e1n a la delegaci\u00f3n de Claraz. El veh\u00edculo, adaptado para transportar personas con discapacidad motriz y ancianos, tendr\u00e1 un motor totalmente el\u00e9ctrico.<\/strong><\/p>\n<p>Se est\u00e1 consolidando un proyecto fascinante y solidario en el Centro de Formaci\u00f3n Profesional (CFP) 402, relacionado con la transformaci\u00f3n de una combi que, en vez de combustible, funcionar\u00e1 con un motor completamente el\u00e9ctrico. Este notable veh\u00edculo ser\u00e1 donado a la delegaci\u00f3n de Claraz, cuyo desarrollo est\u00e1 a cargo de los alumnos del curso de Energ\u00edas Renovables bajo la supervisi\u00f3n de su profesor, Norberto Cafiel, conocido como \u201cEl Tano\u201d. Este grupo ya realiz\u00f3 un viaje de 21.000 kil\u00f3metros instalando energ\u00eda solar en diversas comunidades de varias provincias.<\/p>\n<p>Esta combi poseer\u00e1 una caracter\u00edstica muy peculiar y \u00fatil: estar\u00e1 equipada con una rampa y un malacate en la parte posterior, ambos operando con energ\u00eda solar. De la misma forma, toda la secci\u00f3n el\u00e9ctrica del veh\u00edculo funcionar\u00e1 con este tipo de energ\u00eda renovable.<\/p>\n<p>\u201cEl Tano\u201d comparti\u00f3 detalles sobre este proyecto en una entrevista con Diario Necochea. Seg\u00fan Cafiel, la combi se est\u00e1 adaptando espec\u00edficamente para transportar personas con discapacidad motriz y personas mayores. \u201cEsa combi se va a la delegaci\u00f3n de Claraz ni bien la terminemos\u201d, explic\u00f3 el profesor.<\/p>\n<p>El veh\u00edculo contar\u00e1 con un port\u00f3n trasero que se operar\u00e1 a trav\u00e9s de energ\u00eda sostenible, y la iluminaci\u00f3n interna del veh\u00edculo tambi\u00e9n se beneficiar\u00e1 de esta fuente de energ\u00eda. Probablemente habr\u00e1 una pantalla peque\u00f1a para entretenimiento, seis asientos, y espacio para guardar sillas de ruedas. Estas \u00faltimas se cargar\u00e1n en el veh\u00edculo a trav\u00e9s del malacate, que tambi\u00e9n ser\u00e1 alimentado por energ\u00eda solar.<\/p>\n<p>La transmisi\u00f3n del veh\u00edculo est\u00e1 siendo facilitada a trav\u00e9s de la Direcci\u00f3n Provincial de Formaci\u00f3n Profesional, y se espera que la donaci\u00f3n del motor el\u00e9ctrico provenga de YPF y de la Fundaci\u00f3n INPF. \u201cPor lo menos as\u00ed est\u00e1 iniciada la gesti\u00f3n con ellos, a fin de poder contar con ese motor y que sea directamente el\u00e9ctrico\u201d, indic\u00f3 Cafiel.<\/p>\n<p>Una vez finalizada, la combi ser\u00e1 capaz de recorrer 100 km a 80 km\/h con una \u00fanica carga. Simplemente se enchufar\u00e1, recargar\u00e1 las bater\u00edas y continuar\u00e1 funcionando. Mientras tanto, dos talleres locales est\u00e1n prestando asistencia con el motor convencional para poder finalizar y entregar el veh\u00edculo. Cuando llegue el motor el\u00e9ctrico, despu\u00e9s o durante las vacaciones de invierno, se retirar\u00e1 el motor convencional y se instalar\u00e1 el nuevo.<\/p>\n<p>\u201cEs un proyecto que se empez\u00f3 hace un tiempo con ex alumnos y alumnos del curso de Sustentabilidad Energ\u00e9tica del CFP 402\u201d, afirm\u00f3 \u201cEl Tano\u201d. Sin duda, un esfuerzo notable que est\u00e1 configurando un futuro m\u00e1s verde y accesible.<\/p>\n","protected":false},"excerpt":{"rendered":"<p>Alumnos del Centro de Formaci\u00f3n Profesional 402 de Necochea trabajan en la transformaci\u00f3n de una combi a energ\u00eda solar, que destinar\u00e1n a la delegaci\u00f3n de Claraz. El veh\u00edculo, adaptado para transportar personas con discapacidad motriz y ancianos, tendr\u00e1 un motor totalmente el\u00e9ctrico. Se est\u00e1 consolidando un proyecto fascinante y solidario en el Centro de Formaci\u00f3n [&hellip;]<\/p>\n","protected":false},"author":3,"featured_media":101590,"comment_status":"open","ping_status":"open","sticky":false,"template":"","format":"standard","meta":{"footnotes":""},"categories":[3],"tags":[],"class_list":["post-101589","post","type-post","status-publish","format-standard","has-post-thumbnail","category-masnoticias"],"_links":{"self":[{"href":"https:\/\/primicias2262.com\/noticias\/wp-json\/wp\/v2\/posts\/101589","targetHints":{"allow":["GET"]}}],"collection":[{"href":"https:\/\/primicias2262.com\/noticias\/wp-json\/wp\/v2\/posts"}],"about":[{"href":"https:\/\/primicias2262.com\/noticias\/wp-json\/wp\/v2\/types\/post"}],"author":[{"embeddable":true,"href":"https:\/\/primicias2262.com\/noticias\/wp-json\/wp\/v2\/users\/3"}],"replies":[{"embeddable":true,"href":"https:\/\/primicias2262.com\/noticias\/wp-json\/wp\/v2\/comments?post=101589"}],"version-history":[{"count":1,"href":"https:\/\/primicias2262.com\/noticias\/wp-json\/wp\/v2\/posts\/101589\/revisions"}],"predecessor-version":[{"id":101591,"href":"https:\/\/primicias2262.com\/noticias\/wp-json\/wp\/v2\/posts\/101589\/revisions\/101591"}],"wp:featuredmedia":[{"embeddable":true,"href":"https:\/\/primicias2262.com\/noticias\/wp-json\/wp\/v2\/media\/101590"}],"wp:attachment":[{"href":"https:\/\/primicias2262.com\/noticias\/wp-json\/wp\/v2\/media?parent=101589"}],"wp:term":[{"taxonomy":"category","embeddable":true,"href":"https:\/\/primicias2262.com\/noticias\/wp-json\/wp\/v2\/categories?post=101589"},{"taxonomy":"post_tag","embeddable":true,"href":"https:\/\/primicias2262.com\/noticias\/wp-json\/wp\/v2\/tags?post=101589"}],"curies":[{"name":"wp","href":"https:\/\/api.w.org\/{rel}","templated":true}]}}