{"id":101592,"date":"2023-07-06T11:27:58","date_gmt":"2023-07-06T11:27:58","guid":{"rendered":"https:\/\/primicias2262.com\/noticias\/?p=101592"},"modified":"2023-07-06T15:57:14","modified_gmt":"2023-07-06T15:57:14","slug":"la-lista-del-doctor-delfino-no-participara-de-las-primarias-de-juntos-en-necochea","status":"publish","type":"post","link":"https:\/\/primicias2262.com\/noticias\/la-lista-del-doctor-delfino-no-participara-de-las-primarias-de-juntos-en-necochea\/","title":{"rendered":"La lista del doctor Delfino no participar\u00e1 de las primarias de Juntos en Necochea"},"content":{"rendered":"<p><strong>Lo confirm\u00f3 el propio m\u00e9dico, actual concejal del Espacio Abierto Juntos, tras un pedido realizado por uno de los precandidatos a gobernador por este espacio, el diputado nacional Diego Santilli, quien estar\u00e1 localmente representado s\u00f3lo por la n\u00f3mina que encabeza el doctor Mart\u00edn Migueles. En Necochea este \u00faltimo competir\u00e1 en la interna de Juntos, en las PASO del 13 de agosto, frente a las propuestas del radical Dami\u00e1n Unibaso y de la dirigente del PRO, Mar\u00eda Eugenia Vallota.<\/strong><\/p>\n<p><strong>Por Jorge G\u00f3mez<\/strong><\/p>\n<p>Finalmente, y tras varios d\u00edas de no conocerse la situaci\u00f3n del sector, el doctor Maximiliano Delfino (actual concejal del bloque unipersonal del Espacio Abierto Juntos) dio cuenta en la noche de este mi\u00e9rcoles 5 de julio, ante una consulta de este cronista, que \u201cnuestro sector no participar\u00e1 electoralmente de las primarias en Necochea del espacio de Juntos\u201d, dando a entender que la lista que se conoci\u00f3 d\u00edas pasados, y que fuera presentada ante la Junta Electoral del frente Juntos en la Provincia de Buenos Aires, \u201cse baja de la competencia de las PASO locales\u201d, competencia anunciada para el domingo 13 de agosto.<\/p>\n<p>Trascendi\u00f3 que el actual diputado provincial Mart\u00edn Dom\u00ednguez Yelpo, quien tambi\u00e9n es precandidato a renovar su banca en la Legislatura por una de las listas de Juntos en la Quinta Secci\u00f3n Electoral, y asimismo conductor del espacio donde se encuentra, entre otros, el doctor Delfino, habr\u00eda mantenido una charla en las \u00faltimas horas con uno de los precandidatos a gobernador por este espacio, el diputado nacional Diego Santilli, tras lo cual -se supone a pedido de este \u00faltimo-, se habr\u00eda avanzado en \u201cdar de baja la lista de Delfino en el distrito\u201d, quedando representado en Necochea s\u00f3lo por la n\u00f3mina que postula como aspirante a la Intendencia local al doctor Mart\u00edn Migueles.<\/p>\n<p>Se recuerda que Santilli est\u00e1 acompa\u00f1ado en la f\u00f3rmula a la gobernaci\u00f3n por Gustavo Posse, mientras que la lista a nivel nacional propone como precandidatos a presidente y vice a Horacio Rodr\u00edguez Larreta y a Gerardo Morales, respectivamente.<\/p>\n<p>En las primarias de Juntos en todos los niveles -nacional, provincial y local- se encuentran adem\u00e1s las f\u00f3rmulas de Patricia Bullrich-Luis Petri (precandidatos a presidente y vice), la de N\u00e9stor Grindetti-Miguel Fern\u00e1ndez (precandidatos a gobernador y vice); y en Necochea tendr\u00e1, por lo tanto, a dos sectores que estar\u00e1n vinculados a esta \u00faltima corriente interna: la del precandidato a intendente por Juntos-UCR, doctor Dami\u00e1n Unibaso; y la aspirante al mismo cargo, por el PRO, Mar\u00eda Eugenia Vallota.<\/p>\n<p>En consecuencia, ser\u00e1n tres las listas que participar\u00e1n de las primarias en Necochea de Juntos, las encabezadas por Migueles, Unibaso y Vallota.<\/p>\n","protected":false},"excerpt":{"rendered":"<p>Lo confirm\u00f3 el propio m\u00e9dico, actual concejal del Espacio Abierto Juntos, tras un pedido realizado por uno de los precandidatos a gobernador por este espacio, el diputado nacional Diego Santilli, quien estar\u00e1 localmente representado s\u00f3lo por la n\u00f3mina que encabeza el doctor Mart\u00edn Migueles. En Necochea este \u00faltimo competir\u00e1 en la interna de Juntos, en [&hellip;]<\/p>\n","protected":false},"author":3,"featured_media":101593,"comment_status":"open","ping_status":"open","sticky":false,"template":"","format":"standard","meta":{"footnotes":""},"categories":[3],"tags":[],"class_list":["post-101592","post","type-post","status-publish","format-standard","has-post-thumbnail","category-masnoticias"],"_links":{"self":[{"href":"https:\/\/primicias2262.com\/noticias\/wp-json\/wp\/v2\/posts\/101592","targetHints":{"allow":["GET"]}}],"collection":[{"href":"https:\/\/primicias2262.com\/noticias\/wp-json\/wp\/v2\/posts"}],"about":[{"href":"https:\/\/primicias2262.com\/noticias\/wp-json\/wp\/v2\/types\/post"}],"author":[{"embeddable":true,"href":"https:\/\/primicias2262.com\/noticias\/wp-json\/wp\/v2\/users\/3"}],"replies":[{"embeddable":true,"href":"https:\/\/primicias2262.com\/noticias\/wp-json\/wp\/v2\/comments?post=101592"}],"version-history":[{"count":2,"href":"https:\/\/primicias2262.com\/noticias\/wp-json\/wp\/v2\/posts\/101592\/revisions"}],"predecessor-version":[{"id":101595,"href":"https:\/\/primicias2262.com\/noticias\/wp-json\/wp\/v2\/posts\/101592\/revisions\/101595"}],"wp:featuredmedia":[{"embeddable":true,"href":"https:\/\/primicias2262.com\/noticias\/wp-json\/wp\/v2\/media\/101593"}],"wp:attachment":[{"href":"https:\/\/primicias2262.com\/noticias\/wp-json\/wp\/v2\/media?parent=101592"}],"wp:term":[{"taxonomy":"category","embeddable":true,"href":"https:\/\/primicias2262.com\/noticias\/wp-json\/wp\/v2\/categories?post=101592"},{"taxonomy":"post_tag","embeddable":true,"href":"https:\/\/primicias2262.com\/noticias\/wp-json\/wp\/v2\/tags?post=101592"}],"curies":[{"name":"wp","href":"https:\/\/api.w.org\/{rel}","templated":true}]}}