{"id":101597,"date":"2023-07-06T13:33:29","date_gmt":"2023-07-06T13:33:29","guid":{"rendered":"https:\/\/primicias2262.com\/noticias\/?p=101597"},"modified":"2023-07-07T11:18:14","modified_gmt":"2023-07-07T11:18:14","slug":"tenemos-claro-que-corremos-de-atras-contra-dos-aparatos-como-los-de-los-hermanos-lopez-y-el-pj","status":"publish","type":"post","link":"https:\/\/primicias2262.com\/noticias\/tenemos-claro-que-corremos-de-atras-contra-dos-aparatos-como-los-de-los-hermanos-lopez-y-el-pj\/","title":{"rendered":"\u201cTenemos claro que corremos de atr\u00e1s contra dos aparatos como los de los hermanos L\u00f3pez y el PJ\u201d"},"content":{"rendered":"<p><strong>As\u00ed lo referenci\u00f3 el profesor e historiador Alejandro Andersen, primero en la lista de precandidatos a concejales de Uni\u00f3n por la Patria en el espacio que promueve a Daniel \u201cYanqui\u201d L\u00f3pez como intendente y a Juan Grabois como presidente. En \u201cVoces de la Ciudad\u201d, apunt\u00f3 con altura contra sus contrincantes en las PASO, argumentando que \u201crecientemente Facundo L\u00f3pez dej\u00f3 el gobierno con los yuyos de las plazoletas lleg\u00e1ndonos a la cintura\u201d, y \u201cel PJ en Necochea me suena a viejo y se me viene Duhalde a la cabeza\u201d.<\/strong><\/p>\n<p>En di\u00e1logo con el periodista Jorge G\u00f3mez, primeramente Andersen entreg\u00f3 una mirada macro de c\u00f3mo est\u00e1n planteadas las listas, para luego puntualizar en lo local. Manifest\u00f3 al inicio que \u201cnosotros tenemos una condici\u00f3n particular al ser la \u00fanica lista de Necochea que acompa\u00f1a a Juan Grabois como candidato a presidente, y se da una cuesti\u00f3n interesante que no ha pasado desde que existen las PASO: en esta coalici\u00f3n que se llama Uni\u00f3n por la Patria, y que es continuidad del Frente de Todos, al ser una coalici\u00f3n no todos son iguales y en el marco de esa coalici\u00f3n se confrontan dos proyectos opuestos, el de Sergio Massa, que est\u00e1 a la derecha de la coalici\u00f3n, en una mezcla con Rodr\u00edguez Larreta; y el de Juan Grabois, que se posiciona en el sector m\u00e1s a la izquierda de la coalici\u00f3n, y eso es interesante porque se define en las urnas\u201d.<\/p>\n<p>Seguidamente, se\u00f1al\u00f3 que \u201ca nivel local la precandidatura de Mauro Vel\u00e1zquez est\u00e1 claramente en el espacio de Massa y en la reciente gesti\u00f3n de Facundo L\u00f3pez, que permanece en la retina de los necochenses, sobre todo la parte final de la misma, que debi\u00f3 dejar el gobierno con los yuyos de las plazoletas que nos llegaban a la cintura\u201d, mientras que por otra parte \u201cest\u00e1 la candidatura de Marcelo Rivero, anclada expl\u00edcitamente en el Partido Justicialista, que a m\u00ed me suena algo viejo\u2026 me viene Duhalde a la cabeza cuando pienso en el PJ de Necochea\u201d, sentenci\u00f3.<\/p>\n<p>En ese contexto, \u201cestamos nosotros, que nos encontramos establecidos f\u00e9rreamente a la candidatura de Juan Grabois a la presidencia de la Naci\u00f3n, como un espacio que pretende mantener la trayectoria en 2003 iniciada por N\u00e9stor Kirchner y continuada por Cristina\u201d, especific\u00f3, para recordar a la pasada que \u201ctanto el Frente Renovador como el PJ han sido en este trayecto muy cr\u00edticos de lo que significa el kirchnerismo, m\u00e1s all\u00e1 de que en un momento u otro han tenido que guardar silencio o acomodarse a las circunstancias\u201d.<\/p>\n<p>Por ejemplo, trajo a colaci\u00f3n que \u201cen el Frente Renovador hay montones de referencias del propio Sergio Massa muy cr\u00edticas con Cristina y el kirchnerismo, incluso en la lista local que en esta oportunidad presenta el Frente Renovador incorpora a una candidata del Movimiento Evita (Violeta P\u00e9rez Rosso), que tambi\u00e9n ha sido muy contrario al kirchnerismo, y lo que m\u00e1s se recuerda al respecto es la experiencia frustrada de Florencio Randazzo, que con los poquitos votos que obtuvo facilit\u00f3 que Esteban Bullrich le gane una elecci\u00f3n en la provincia de Buenos Aires a Cristina Kirchner\u201d, .<\/p>\n<p><strong>Continuidad del kirchnerismo y la figura del \u00abYanqui\u00bb L\u00f3pez<\/strong><\/p>\n<p>De esa forma, Andersen defini\u00f3 que los escenarios pol\u00edticos est\u00e1n m\u00e1s que planteados: \u201cNo es una cuesti\u00f3n de voluntad nuestra solamente referenciarnos en la continuidad del espacio kirchnerista, sino que se ve en los contrincantes tambi\u00e9n\u201d, sintetiz\u00f3.<\/p>\n<p>En ese an\u00e1lisis, el Prof. reconoci\u00f3 que \u201ca nivel local tenemos muy claro que corremos de atr\u00e1s\u2026 nos enfrentamos a dos aparatos importantes. Los hermanos L\u00f3pez (Facundo y Jimena) han construido un aparato, y el PJ tambi\u00e9n, acompa\u00f1ado con un mont\u00f3n de sindicatos\u201d, y agreg\u00f3 inclusive que \u201csabemos que partimos de atr\u00e1s con Juan Grabois, pero tenemos algo que aportar a la ciudad desde nuestra trayectoria como ciudadanos y militantes\u201d.<\/p>\n<p>A t\u00edtulo personal, testimoni\u00f3 que ten\u00eda 17 a\u00f1os cuando empez\u00f3 a militar y hoy tiene 47 a\u00f1os, pero es apenas la primera vez en esas tres d\u00e9cadas que compone una lista. Al respecto, explic\u00f3 que \u201ces la primera vez que pongo en juego mi apellido y mi rostro, si bien siempre participaba en las campa\u00f1as la verdad es que soy un poco celoso de mi privacidad, pero lo que me convenci\u00f3 y me dio entusiasmo para esta vez jugar fuerte con mi nombre y apellido es el \u201cYanqui\u201d (Daniel L\u00f3pez), quien es una persona extraordinaria a la que respeto y admiro much\u00edsimo\u201d.<\/p>\n<p>Hablando de quien es precandidato a Intendente, mencion\u00f3 que \u201cviene sorprendiendo, pocos conocen su trayectoria de vida y porqu\u00e9 se le dice \u201cYanqui\u201d&#8230; \u00e9l naci\u00f3 en Nueva York, hijo de un padre argentino y una madre colombiana que tuvieron que emigrar econ\u00f3micamente, se encontraron en Estados Unidos y tuvieron dos hijos, entre ellos Daniel L\u00f3pez, quien naci\u00f3 en Nueva York pero se siente quequenense, \u00e9l decidi\u00f3 retornar y desarrollar su vida en Quequ\u00e9n y Necochea\u201d.<\/p>\n<p>\u201cEs una persona que si alguien necesita algo a las 3 o 4 de la ma\u00f1ana, \u00e9l est\u00e1 ah\u00ed\u2026 dedic\u00f3 su vida a la militancia comunitaria, a los sectores m\u00e1s desprotegidos de la sociedad y a los que peor la pasan, pero adem\u00e1s de su condici\u00f3n humana, tiene en la cabeza un proyecto de ciudad que lo hemos desarrollado y lo vamos a dar a conocer, con ideas muy claras\u2026 es probable que nuestro proyecto no sea mayoritario, pero es lo que pensamos y es con lo que tratamos de convencer a los ciudadanos\u201d, culmin\u00f3 Andersen.<\/p>\n","protected":false},"excerpt":{"rendered":"<p>As\u00ed lo referenci\u00f3 el profesor e historiador Alejandro Andersen, primero en la lista de precandidatos a concejales de Uni\u00f3n por la Patria en el espacio que promueve a Daniel \u201cYanqui\u201d L\u00f3pez como intendente y a Juan Grabois como presidente. En \u201cVoces de la Ciudad\u201d, apunt\u00f3 con altura contra sus contrincantes en las PASO, argumentando que [&hellip;]<\/p>\n","protected":false},"author":3,"featured_media":101598,"comment_status":"open","ping_status":"open","sticky":false,"template":"","format":"standard","meta":{"footnotes":""},"categories":[3],"tags":[],"class_list":["post-101597","post","type-post","status-publish","format-standard","has-post-thumbnail","category-masnoticias"],"_links":{"self":[{"href":"https:\/\/primicias2262.com\/noticias\/wp-json\/wp\/v2\/posts\/101597","targetHints":{"allow":["GET"]}}],"collection":[{"href":"https:\/\/primicias2262.com\/noticias\/wp-json\/wp\/v2\/posts"}],"about":[{"href":"https:\/\/primicias2262.com\/noticias\/wp-json\/wp\/v2\/types\/post"}],"author":[{"embeddable":true,"href":"https:\/\/primicias2262.com\/noticias\/wp-json\/wp\/v2\/users\/3"}],"replies":[{"embeddable":true,"href":"https:\/\/primicias2262.com\/noticias\/wp-json\/wp\/v2\/comments?post=101597"}],"version-history":[{"count":1,"href":"https:\/\/primicias2262.com\/noticias\/wp-json\/wp\/v2\/posts\/101597\/revisions"}],"predecessor-version":[{"id":101599,"href":"https:\/\/primicias2262.com\/noticias\/wp-json\/wp\/v2\/posts\/101597\/revisions\/101599"}],"wp:featuredmedia":[{"embeddable":true,"href":"https:\/\/primicias2262.com\/noticias\/wp-json\/wp\/v2\/media\/101598"}],"wp:attachment":[{"href":"https:\/\/primicias2262.com\/noticias\/wp-json\/wp\/v2\/media?parent=101597"}],"wp:term":[{"taxonomy":"category","embeddable":true,"href":"https:\/\/primicias2262.com\/noticias\/wp-json\/wp\/v2\/categories?post=101597"},{"taxonomy":"post_tag","embeddable":true,"href":"https:\/\/primicias2262.com\/noticias\/wp-json\/wp\/v2\/tags?post=101597"}],"curies":[{"name":"wp","href":"https:\/\/api.w.org\/{rel}","templated":true}]}}