{"id":101601,"date":"2023-07-06T14:54:06","date_gmt":"2023-07-06T14:54:06","guid":{"rendered":"https:\/\/primicias2262.com\/noticias\/?p=101601"},"modified":"2023-07-07T11:27:06","modified_gmt":"2023-07-07T11:27:06","slug":"la-agrupacion-tradicionalista-el-ombu-festeja-sus-60-anos-este-sabado","status":"publish","type":"post","link":"https:\/\/primicias2262.com\/noticias\/la-agrupacion-tradicionalista-el-ombu-festeja-sus-60-anos-este-sabado\/","title":{"rendered":"La Agrupaci\u00f3n tradicionalista \u201cEl Omb\u00fa\u201d festeja sus 60 a\u00f1os este s\u00e1bado"},"content":{"rendered":"<p><strong>Habiendo sido fundada el 8 de julio de 1963 por Abundio Lezcano, se trata de la juntada folcl\u00f3rica m\u00e1s antigua de la ciudad, y que en la actualidad est\u00e1 a cargo de Emilio Cajaravilla y Silvina Corval\u00e1n, quienes visitaron \u201cVoces de la Ciudad\u201d y dialogaron en el marco de una nota realizada por el periodista Jorge G\u00f3mez.<\/strong><\/p>\n<p>Este s\u00e1bado 8 de julio, la Agrupaci\u00f3n tradicionalista pe\u00f1a \u201cEl Omb\u00fa\u201d celebra 60 a\u00f1os desde su fundaci\u00f3n, all\u00e1 por 1963 por obra de Abundio Lezcano, y sus actuales integrantes est\u00e1n de fiesta en el Centro Asturiano, en 63 entre 60 y 62. Al respecto, Silvina Corval\u00e1n aclar\u00f3 que la celebraci\u00f3n de este fin de semana ser\u00e1 algo exclusivamente para la pe\u00f1a.<\/p>\n<div id='gallery-1' class='gallery galleryid-101601 gallery-columns-2 gallery-size-medium'><figure class='gallery-item'>\n\t\t\t<div class='gallery-icon landscape'>\n\t\t\t\t<a href='https:\/\/primicias2262.com\/noticias\/la-agrupacion-tradicionalista-el-ombu-festeja-sus-60-anos-este-sabado\/silvina-corvalan\/'><img loading=\"lazy\" decoding=\"async\" width=\"300\" height=\"225\" src=\"https:\/\/primicias2262.com\/noticias\/wp-content\/uploads\/2023\/07\/silvina-corvalan-300x225.jpeg\" class=\"attachment-medium size-medium\" alt=\"\" srcset=\"https:\/\/primicias2262.com\/noticias\/wp-content\/uploads\/2023\/07\/silvina-corvalan-300x225.jpeg 300w, https:\/\/primicias2262.com\/noticias\/wp-content\/uploads\/2023\/07\/silvina-corvalan-768x576.jpeg 768w, https:\/\/primicias2262.com\/noticias\/wp-content\/uploads\/2023\/07\/silvina-corvalan-150x113.jpeg 150w, https:\/\/primicias2262.com\/noticias\/wp-content\/uploads\/2023\/07\/silvina-corvalan-696x522.jpeg 696w, https:\/\/primicias2262.com\/noticias\/wp-content\/uploads\/2023\/07\/silvina-corvalan.jpeg 1024w\" sizes=\"auto, (max-width: 300px) 100vw, 300px\" \/><\/a>\n\t\t\t<\/div><\/figure><figure class='gallery-item'>\n\t\t\t<div class='gallery-icon landscape'>\n\t\t\t\t<a href='https:\/\/primicias2262.com\/noticias\/la-agrupacion-tradicionalista-el-ombu-festeja-sus-60-anos-este-sabado\/emilio-cajaravilla\/'><img loading=\"lazy\" decoding=\"async\" width=\"300\" height=\"225\" src=\"https:\/\/primicias2262.com\/noticias\/wp-content\/uploads\/2023\/07\/emilio-cajaravilla-300x225.jpeg\" class=\"attachment-medium size-medium\" alt=\"\" srcset=\"https:\/\/primicias2262.com\/noticias\/wp-content\/uploads\/2023\/07\/emilio-cajaravilla-300x225.jpeg 300w, https:\/\/primicias2262.com\/noticias\/wp-content\/uploads\/2023\/07\/emilio-cajaravilla-768x576.jpeg 768w, https:\/\/primicias2262.com\/noticias\/wp-content\/uploads\/2023\/07\/emilio-cajaravilla-150x113.jpeg 150w, https:\/\/primicias2262.com\/noticias\/wp-content\/uploads\/2023\/07\/emilio-cajaravilla-696x522.jpeg 696w, https:\/\/primicias2262.com\/noticias\/wp-content\/uploads\/2023\/07\/emilio-cajaravilla.jpeg 1024w\" sizes=\"auto, (max-width: 300px) 100vw, 300px\" \/><\/a>\n\t\t\t<\/div><\/figure>\n\t\t<\/div>\n\n<p>\u201cEste s\u00e1bado festejamos puntualmente los 60 a\u00f1os, hacemos un bingo a las 14.30 para juntar plata para comprar ropa y participa la familia de \u201cEl Omb\u00fa\u201d, que se compone por 82 bailarines actualmente, y despu\u00e9s que termine el bingo los bailarines y las familias que van los viernes (d\u00eda de la semana que se juntan a ensayar) nos vamos a juntar a cenar\u201d.<\/p>\n<p>\u201cEste a\u00f1o festejamos en el Centro Asturiano, que es donde nosotros damos clases, es un festejo solo para la agrupaci\u00f3n\u201d, aclar\u00f3 Silvina, agregando que \u201cdespu\u00e9s festejaremos el 16 de septiembre en el Centro Vasco, donde ah\u00ed s\u00ed haremos la pe\u00f1a tradicional de todos los a\u00f1os\u201d.<\/p>\n<div id='gallery-2' class='gallery galleryid-101601 gallery-columns-2 gallery-size-medium'><figure class='gallery-item'>\n\t\t\t<div class='gallery-icon landscape'>\n\t\t\t\t<a href='https:\/\/primicias2262.com\/noticias\/la-agrupacion-tradicionalista-el-ombu-festeja-sus-60-anos-este-sabado\/corvalan-cajaravilla\/'><img loading=\"lazy\" decoding=\"async\" width=\"300\" height=\"294\" src=\"https:\/\/primicias2262.com\/noticias\/wp-content\/uploads\/2023\/07\/corvalan-cajaravilla-300x294.jpeg\" class=\"attachment-medium size-medium\" alt=\"\" srcset=\"https:\/\/primicias2262.com\/noticias\/wp-content\/uploads\/2023\/07\/corvalan-cajaravilla-300x294.jpeg 300w, https:\/\/primicias2262.com\/noticias\/wp-content\/uploads\/2023\/07\/corvalan-cajaravilla-768x752.jpeg 768w, https:\/\/primicias2262.com\/noticias\/wp-content\/uploads\/2023\/07\/corvalan-cajaravilla-150x147.jpeg 150w, https:\/\/primicias2262.com\/noticias\/wp-content\/uploads\/2023\/07\/corvalan-cajaravilla-696x681.jpeg 696w, https:\/\/primicias2262.com\/noticias\/wp-content\/uploads\/2023\/07\/corvalan-cajaravilla.jpeg 1024w\" sizes=\"auto, (max-width: 300px) 100vw, 300px\" \/><\/a>\n\t\t\t<\/div><\/figure><figure class='gallery-item'>\n\t\t\t<div class='gallery-icon landscape'>\n\t\t\t\t<a href='https:\/\/primicias2262.com\/noticias\/la-agrupacion-tradicionalista-el-ombu-festeja-sus-60-anos-este-sabado\/pena-el-ombu3\/'><img loading=\"lazy\" decoding=\"async\" width=\"300\" height=\"214\" src=\"https:\/\/primicias2262.com\/noticias\/wp-content\/uploads\/2023\/07\/pena-el-ombu3-300x214.jpg\" class=\"attachment-medium size-medium\" alt=\"\" srcset=\"https:\/\/primicias2262.com\/noticias\/wp-content\/uploads\/2023\/07\/pena-el-ombu3-300x214.jpg 300w, https:\/\/primicias2262.com\/noticias\/wp-content\/uploads\/2023\/07\/pena-el-ombu3-1024x731.jpg 1024w, https:\/\/primicias2262.com\/noticias\/wp-content\/uploads\/2023\/07\/pena-el-ombu3-768x548.jpg 768w, https:\/\/primicias2262.com\/noticias\/wp-content\/uploads\/2023\/07\/pena-el-ombu3-150x107.jpg 150w, https:\/\/primicias2262.com\/noticias\/wp-content\/uploads\/2023\/07\/pena-el-ombu3-696x497.jpg 696w, https:\/\/primicias2262.com\/noticias\/wp-content\/uploads\/2023\/07\/pena-el-ombu3-1068x763.jpg 1068w, https:\/\/primicias2262.com\/noticias\/wp-content\/uploads\/2023\/07\/pena-el-ombu3.jpg 1200w\" sizes=\"auto, (max-width: 300px) 100vw, 300px\" \/><\/a>\n\t\t\t<\/div><\/figure>\n\t\t<\/div>\n\n<p>Por su parte, Emilio cont\u00f3 desde lo personal que \u201cen El Omb\u00fa arranqu\u00e9 con 5 a\u00f1os, hoy tengo 51, y la verdad es que en Necochea hay muchas agrupaciones, han pasado unas cuantas y se han hecho muchas nuevas, pero la nuestra es una de las m\u00e1s antiguas\u201d.<\/p>\n<p>Como inform\u00f3 Silvina Corval\u00e1n, las clases son los viernes en el Centro Asturiano, a partir de las 19 con los m\u00e1s chicos, luego adolescentes y finalmente los m\u00e1s grandes. \u201cTenemos un mont\u00f3n de chicos muy chiquitos, arrancando desde los dos a\u00f1os\u201d, destacarpn, para agregar que \u201ctambi\u00e9n tenemos preadolescentes de 11 a 14 a\u00f1os, que a veces les ten\u00e9s que decir que dejen el celular, pero son como 14 parejas de preadolescentes; y despu\u00e9s adolescentes hasta 20 a\u00f1os, y de ah\u00ed en adelante los adultos\u201d.<\/p>\n<p><a href=\"https:\/\/primicias2262.com\/noticias\/wp-content\/uploads\/2023\/07\/pena-el-ombu2.jpg\"><img loading=\"lazy\" decoding=\"async\" class=\"aligncenter size-full wp-image-101603\" src=\"https:\/\/primicias2262.com\/noticias\/wp-content\/uploads\/2023\/07\/pena-el-ombu2.jpg\" alt=\"\" width=\"1600\" height=\"1062\" srcset=\"https:\/\/primicias2262.com\/noticias\/wp-content\/uploads\/2023\/07\/pena-el-ombu2.jpg 1600w, https:\/\/primicias2262.com\/noticias\/wp-content\/uploads\/2023\/07\/pena-el-ombu2-300x199.jpg 300w, https:\/\/primicias2262.com\/noticias\/wp-content\/uploads\/2023\/07\/pena-el-ombu2-1024x680.jpg 1024w, https:\/\/primicias2262.com\/noticias\/wp-content\/uploads\/2023\/07\/pena-el-ombu2-768x510.jpg 768w, https:\/\/primicias2262.com\/noticias\/wp-content\/uploads\/2023\/07\/pena-el-ombu2-1536x1020.jpg 1536w, https:\/\/primicias2262.com\/noticias\/wp-content\/uploads\/2023\/07\/pena-el-ombu2-150x100.jpg 150w, https:\/\/primicias2262.com\/noticias\/wp-content\/uploads\/2023\/07\/pena-el-ombu2-696x462.jpg 696w, https:\/\/primicias2262.com\/noticias\/wp-content\/uploads\/2023\/07\/pena-el-ombu2-1068x709.jpg 1068w\" sizes=\"auto, (max-width: 1600px) 100vw, 1600px\" \/><\/a>La agrupaci\u00f3n folcl\u00f3rica \u201cEl Omb\u00fa\u201d fue fundada el 8 de julio de 1963 por el profesor Abundio Lezcano, quien la dirigi\u00f3 durante cuatro a\u00f1os y ten\u00eda como sede el Club Independiente de Necochea en Barrio Norte. Tiempo despu\u00e9s, su creador le cedi\u00f3 a Miguel Trobo, quien la dirigi\u00f3 durante 44 a\u00f1os y desde hace poco menos que una d\u00e9cada est\u00e1 a cargo de Emilio y su esposa Silvina, que aprendieron a bailar en la pe\u00f1a y lograron transmitir su pasi\u00f3n por el folclore a sus hijas, Milagros y Candela, de 21 y 16 a\u00f1os.<\/p>\n","protected":false},"excerpt":{"rendered":"<p>Habiendo sido fundada el 8 de julio de 1963 por Abundio Lezcano, se trata de la juntada folcl\u00f3rica m\u00e1s antigua de la ciudad, y que en la actualidad est\u00e1 a cargo de Emilio Cajaravilla y Silvina Corval\u00e1n, quienes visitaron \u201cVoces de la Ciudad\u201d y dialogaron en el marco de una nota realizada por el periodista [&hellip;]<\/p>\n","protected":false},"author":3,"featured_media":101602,"comment_status":"open","ping_status":"open","sticky":false,"template":"","format":"standard","meta":{"footnotes":""},"categories":[3],"tags":[],"class_list":["post-101601","post","type-post","status-publish","format-standard","has-post-thumbnail","category-masnoticias"],"_links":{"self":[{"href":"https:\/\/primicias2262.com\/noticias\/wp-json\/wp\/v2\/posts\/101601","targetHints":{"allow":["GET"]}}],"collection":[{"href":"https:\/\/primicias2262.com\/noticias\/wp-json\/wp\/v2\/posts"}],"about":[{"href":"https:\/\/primicias2262.com\/noticias\/wp-json\/wp\/v2\/types\/post"}],"author":[{"embeddable":true,"href":"https:\/\/primicias2262.com\/noticias\/wp-json\/wp\/v2\/users\/3"}],"replies":[{"embeddable":true,"href":"https:\/\/primicias2262.com\/noticias\/wp-json\/wp\/v2\/comments?post=101601"}],"version-history":[{"count":3,"href":"https:\/\/primicias2262.com\/noticias\/wp-json\/wp\/v2\/posts\/101601\/revisions"}],"predecessor-version":[{"id":101648,"href":"https:\/\/primicias2262.com\/noticias\/wp-json\/wp\/v2\/posts\/101601\/revisions\/101648"}],"wp:featuredmedia":[{"embeddable":true,"href":"https:\/\/primicias2262.com\/noticias\/wp-json\/wp\/v2\/media\/101602"}],"wp:attachment":[{"href":"https:\/\/primicias2262.com\/noticias\/wp-json\/wp\/v2\/media?parent=101601"}],"wp:term":[{"taxonomy":"category","embeddable":true,"href":"https:\/\/primicias2262.com\/noticias\/wp-json\/wp\/v2\/categories?post=101601"},{"taxonomy":"post_tag","embeddable":true,"href":"https:\/\/primicias2262.com\/noticias\/wp-json\/wp\/v2\/tags?post=101601"}],"curies":[{"name":"wp","href":"https:\/\/api.w.org\/{rel}","templated":true}]}}