{"id":101609,"date":"2023-07-06T15:57:09","date_gmt":"2023-07-06T15:57:09","guid":{"rendered":"https:\/\/primicias2262.com\/noticias\/?p=101609"},"modified":"2023-07-07T11:15:56","modified_gmt":"2023-07-07T11:15:56","slug":"obvio-que-estoy-dolido-pero-hay-que-ser-organicos-dejar-el-orgullo-de-lado-y-tratar-de-funcionar-juntos","status":"publish","type":"post","link":"https:\/\/primicias2262.com\/noticias\/obvio-que-estoy-dolido-pero-hay-que-ser-organicos-dejar-el-orgullo-de-lado-y-tratar-de-funcionar-juntos\/","title":{"rendered":"\u201cObvio que estoy dolido, pero hay que ser org\u00e1nicos, dejar el orgullo de lado y tratar de funcionar juntos\u201d"},"content":{"rendered":"<p><strong>As\u00ed se expres\u00f3 el Dr. Maximiliano Delfino, el d\u00eda siguiente de que se diera de baja su lista en el espacio de Juntos que lidera el precandidato a gobernador, Diego Santilli, cuyo apoyo se centraliz\u00f3 finalmente en Mart\u00edn Migueles. Al respecto, Delfino asegur\u00f3 que seguir\u00e1n apoyando firmemente y si recibe un llamado de Migueles se sumar\u00e1 gustosamente a colaborar.<\/strong><\/p>\n<p>Durante una comunicaci\u00f3n telef\u00f3nica con el periodista Jorge G\u00f3mez en \u201cVoces de la Ciudad\u201d, el d\u00eda despu\u00e9s a darse de baja su precandidatura a intendente, Maxi Delfino revel\u00f3 que \u201cDiego Santilli ya ven\u00eda trabajando hace unos meses con el candidato Mart\u00edn Migueles y por eso mismo \u00e9l prefiri\u00f3 presentar una sola lista y no dos\u201d, tras lo que cont\u00f3 que \u201cSantilli lament\u00f3 mucho el habernos dejado de lado a nosotros, que venimos trabajando en el espacio con Mart\u00edn Dom\u00ednguez Yelpo ya hace un tiempo y aparte estamos de la mano del precandidato a vicegobernador, Gustavo Posse, pero nos dijo que no pod\u00edan darla de alta cuando ya hab\u00eda dado la palabra con Migueles\u201d.<\/p>\n<p>Al instante, el concejal Delfino dej\u00f3 bien en claro que \u201cnosotros entendimos la situaci\u00f3n y apoyamos lo que el candidato a gobernador nos propuso y nos corrimos para no embarrar la cancha, al rev\u00e9s, sino que hay que seguir trabajando dentro del espacio de Santilli para m\u00e1s adelante, ya que nos va a seguir teniendo en cuenta\u201d.<\/p>\n<p>De todas formas, el m\u00e9dico reconoci\u00f3 que \u201ctengo un amor propio y un orgullo como toda persona, y obviamente que esto es un golpe duro para uno, por supuesto\u2026 pero no por eso vamos a bajar los brazos, ni dejar de ayudar a la gente o apoyar a los que est\u00e1n en nuestro propio espacio, siempre hay que respetar al que est\u00e1 m\u00e1s arriba, que es el que manda\u201d.<\/p>\n<p>\u201cObvio que estoy muy dolido, pero tenemos que ser org\u00e1nicos y tratar de funcionar juntos, dejar el orgullo de lado y nuestras ambiciones personales por un bien en com\u00fan\u201d, expres\u00f3 con sinceridad, para contar que anoche con Dom\u00ednguez Yelpo \u201cfue una charla totalmente amena, obviamente con cierta pesadumbre y tristeza, pero nosotros sabiendo que pusimos todo de s\u00ed hasta \u00faltimo momento para poder estar presentes y reci\u00e9n ayer mismo nos dijeron la noticia, pero sab\u00edamos que pod\u00eda estar esta posibilidad de que nos dejaran de lado para presentar una sola lista\u201d.<\/p>\n<p>Al aceptar las reglas de juego, asegur\u00f3 Delfino que \u201centendemos que esta es la mejor manera de no dividir, dejamos nuestras ambiciones personales de lado para darle lugar al espacio del Partido\u201d, y si bien revel\u00f3 que Santilli le permit\u00eda ir con lista corta, prioriz\u00f3 el proyecto colectivo. \u201cYo no me enojo si van con lista corta\u201d, nos dijo Diego, pero dijimos que no, que no era una cuesti\u00f3n personal, sino del espacio y de respetarnos, y por eso mismo damos un paso al costado\u201d.<\/p>\n<p>En ese sentido, asegur\u00f3 que \u201cnosotros respetamos el lugar que le han dado a Mart\u00edn Migueles, respetamos la lista de Mart\u00edn y si necesita nuestro apoyo lo va a tener, pero lo dejaremos trabajar tranquilo por supuesto, estamos para eso, para tratar de apoyar desde afuera\u201d, para confirmar que \u201cpor ahora no estaremos participando en ninguna lista, pero si Mart\u00edn Migueles y su equipo nos convocan a trabajar y presentar nuestras ideas y proyectos, por supuesto que vamos a estar. No estamos en el bando contrario, sino que estamos juntos, entendemos la situaci\u00f3n y hay que apoyar\u201d.<\/p>\n<p>Por consiguiente, Delfino dej\u00f3 en claro que esto no fue una despedida, sino todo lo contario. \u201cPor supuesto seguiremos participando en el equipo del candidato a gobernador, \u00e9l nos dijo que nos va a seguir teniendo en cuenta y que est\u00e1 en deuda con nosotros, reconoce el esfuerzo que hemos hecho y sabe que vamos a estar y seguir trabajando para \u00e9l\u201d.<\/p>\n","protected":false},"excerpt":{"rendered":"<p>As\u00ed se expres\u00f3 el Dr. Maximiliano Delfino, el d\u00eda siguiente de que se diera de baja su lista en el espacio de Juntos que lidera el precandidato a gobernador, Diego Santilli, cuyo apoyo se centraliz\u00f3 finalmente en Mart\u00edn Migueles. Al respecto, Delfino asegur\u00f3 que seguir\u00e1n apoyando firmemente y si recibe un llamado de Migueles se [&hellip;]<\/p>\n","protected":false},"author":3,"featured_media":101610,"comment_status":"open","ping_status":"open","sticky":false,"template":"","format":"standard","meta":{"footnotes":""},"categories":[3],"tags":[],"class_list":["post-101609","post","type-post","status-publish","format-standard","has-post-thumbnail","category-masnoticias"],"_links":{"self":[{"href":"https:\/\/primicias2262.com\/noticias\/wp-json\/wp\/v2\/posts\/101609","targetHints":{"allow":["GET"]}}],"collection":[{"href":"https:\/\/primicias2262.com\/noticias\/wp-json\/wp\/v2\/posts"}],"about":[{"href":"https:\/\/primicias2262.com\/noticias\/wp-json\/wp\/v2\/types\/post"}],"author":[{"embeddable":true,"href":"https:\/\/primicias2262.com\/noticias\/wp-json\/wp\/v2\/users\/3"}],"replies":[{"embeddable":true,"href":"https:\/\/primicias2262.com\/noticias\/wp-json\/wp\/v2\/comments?post=101609"}],"version-history":[{"count":1,"href":"https:\/\/primicias2262.com\/noticias\/wp-json\/wp\/v2\/posts\/101609\/revisions"}],"predecessor-version":[{"id":101611,"href":"https:\/\/primicias2262.com\/noticias\/wp-json\/wp\/v2\/posts\/101609\/revisions\/101611"}],"wp:featuredmedia":[{"embeddable":true,"href":"https:\/\/primicias2262.com\/noticias\/wp-json\/wp\/v2\/media\/101610"}],"wp:attachment":[{"href":"https:\/\/primicias2262.com\/noticias\/wp-json\/wp\/v2\/media?parent=101609"}],"wp:term":[{"taxonomy":"category","embeddable":true,"href":"https:\/\/primicias2262.com\/noticias\/wp-json\/wp\/v2\/categories?post=101609"},{"taxonomy":"post_tag","embeddable":true,"href":"https:\/\/primicias2262.com\/noticias\/wp-json\/wp\/v2\/tags?post=101609"}],"curies":[{"name":"wp","href":"https:\/\/api.w.org\/{rel}","templated":true}]}}