{"id":101612,"date":"2023-07-07T08:35:27","date_gmt":"2023-07-07T08:35:27","guid":{"rendered":"https:\/\/primicias2262.com\/noticias\/?p=101612"},"modified":"2023-07-08T19:54:57","modified_gmt":"2023-07-08T19:54:57","slug":"perez-rosso-de-cara-a-la-interna-estamos-muy-confiados-logramos-conformar-una-lista-de-mucha-militancia-y-trabajo","status":"publish","type":"post","link":"https:\/\/primicias2262.com\/noticias\/perez-rosso-de-cara-a-la-interna-estamos-muy-confiados-logramos-conformar-una-lista-de-mucha-militancia-y-trabajo\/","title":{"rendered":"P\u00e9rez Rosso de cara a la interna: \u201cEstamos muy confiados, logramos conformar una lista de mucha militancia y trabajo\u201d"},"content":{"rendered":"<p><strong>El eslab\u00f3n del Movimiento Evita en la lista del precandidato a intendente de Uni\u00f3n por la Patria, Mauro Vel\u00e1zquez, lleva el nombre de la joven Violeta P\u00e9rez Rosso, activa militante social que cont\u00f3 un poco de su historia en \u201cVoces de la Ciudad\u201d y de c\u00f3mo palpita la presentaci\u00f3n del local partidario de Vel\u00e1zquez en 60 entre 63 y 65 para el venidero s\u00e1bado a partir de las 17, donde ser\u00e1 una de las oradoras.<\/strong><\/p>\n<p>En nota con el periodista Jorge G\u00f3mez, Violeta defini\u00f3 que el hecho de estar en la lista \u201ces un desaf\u00edo enorme, implica una gran responsabilidad, y estoy muy contenta porque fue una decisi\u00f3n de todo el Movimiento Evita ponerme a m\u00ed en ese lugar y se los agradezco, dice mucho del lugar donde ellos me tienen, as\u00ed que muy agradecida\u201d.<\/p>\n<p>Actualmente, P\u00e9rez Rosso es responsable del Frente de Mujeres de dicho movimiento y adem\u00e1s coordinadora de las postas sociocomunitarias que arrancaron en la pandemia recorriendo los barrios de Necochea y Quequ\u00e9n.<\/p>\n<p>Asegur\u00f3 en ese sentido que \u201chemos caminado todos los barrios de Necochea y Quequ\u00e9n con todos los compa\u00f1eros y compa\u00f1eras que trabajan ah\u00ed, tenemos las postas de salud, prevenci\u00f3n de violencia de g\u00e9nero y educaci\u00f3n, hemos llevado informaci\u00f3n y hecho encuestas, tenemos datos de la ciudad y hemos hecho un trabajo muy grande de 2020 en adelante, y seguimos actualmente\u201d.<\/p>\n<p>Al ser consultada por sobre c\u00f3mo ve la interna frente al referente del PJ, Marcelo Rivero; y el candidato de Juan Grabois, Daniel \u201cYanqui\u201d L\u00f3pez, Violeta expres\u00f3 que \u201cestamos muy confiados, creo que logramos conformar una lista de mucha militancia y trabajo\u201d, tras lo cual afirm\u00f3 que \u201cestamos todo el a\u00f1o trabajando, no solamente en a\u00f1o de elecciones, militamos constantemente, tanto el Frente Renovador como el Movimiento Evita y Pueblo Unido\u201d.<\/p>\n<p>Por ende, no dud\u00f3 en enfatizar que \u201chemos dado sobradas muestras de que estamos siempre trabajando y nuestra militancia es constante, no es solamente para ganar unas elecciones y no esperamos a estar en el municipio para hacer cosas por la ciudad, sino que en la medida que podemos y con los recursos que tenemos aportamos cosas para mejorar la calidad de vida de la gente\u201d.<\/p>\n<p>De su recorrida barrial, Violeta dej\u00f3 entrever que \u201clos barrios de Necochea y Quequ\u00e9n est\u00e1n llenos de trabajadores y trabajadoras, gente que se levanta muy temprano y siempre a contracorriente, porque se hace muy dif\u00edcil el trabajo de alguien que no tiene ning\u00fan derecho laboral garantizado y eso hay que ponerlo en valor, porque tampoco tienen servicios b\u00e1sicos, como cloaca, agua y conexiones el\u00e9ctricas seguras, y esa es la situaci\u00f3n de varios barrios de Necochea, y la verdad es que no hay una planificaci\u00f3n para ese lado de la ciudad, y salen a trabajar todos los d\u00edas en condiciones tremendas, con lagunas en las calles, pero como est\u00e1n en situaci\u00f3n de informalidad y si no salen a trabajar no tienen plata, no les queda otra\u201d.<\/p>\n<p><strong>Reconocimiento a Lescano y el trabajo junto a Mauro Vel\u00e1zquez<\/strong><\/p>\n<p>Finalmente, P\u00e9rez Rosso se refiri\u00f3 a Luciano Lescano como referente de su espacio y a Mauro Vel\u00e1zquez como figura principal del acuerdo que han hecho. Respecto al primero, destac\u00f3 que \u201cno es la primera vez que Luciano hace esto de dar un paso al costado, pas\u00f3 en las elecciones pasadas, que resign\u00f3 su lugar para que nuestra compa\u00f1era Roc\u00edo Mateo pudiera ser parte de la lista en ese momento del Frente de Todos, ahora lo vuelve a hacer y eso demuestra grandeza de Luciano, porque no busca ser \u00e9l la figura del Movimiento Evita, sino que esto nos permite crecer a todos y que haya distintas figuras dentro del Movimiento que podamos llevar al Concejo o donde sea la voz de los movimientos sociales y las luchas.\u201d<\/p>\n<p><a href=\"https:\/\/primicias2262.com\/noticias\/wp-content\/uploads\/2023\/06\/lescano-perez-rosso.jpg\"><img loading=\"lazy\" decoding=\"async\" class=\"aligncenter size-full wp-image-100502\" src=\"https:\/\/primicias2262.com\/noticias\/wp-content\/uploads\/2023\/06\/lescano-perez-rosso.jpg\" alt=\"\" width=\"2048\" height=\"1257\" srcset=\"https:\/\/primicias2262.com\/noticias\/wp-content\/uploads\/2023\/06\/lescano-perez-rosso.jpg 2048w, https:\/\/primicias2262.com\/noticias\/wp-content\/uploads\/2023\/06\/lescano-perez-rosso-300x184.jpg 300w, https:\/\/primicias2262.com\/noticias\/wp-content\/uploads\/2023\/06\/lescano-perez-rosso-1024x629.jpg 1024w, https:\/\/primicias2262.com\/noticias\/wp-content\/uploads\/2023\/06\/lescano-perez-rosso-768x471.jpg 768w, https:\/\/primicias2262.com\/noticias\/wp-content\/uploads\/2023\/06\/lescano-perez-rosso-1536x943.jpg 1536w, https:\/\/primicias2262.com\/noticias\/wp-content\/uploads\/2023\/06\/lescano-perez-rosso-150x92.jpg 150w, https:\/\/primicias2262.com\/noticias\/wp-content\/uploads\/2023\/06\/lescano-perez-rosso-696x427.jpg 696w, https:\/\/primicias2262.com\/noticias\/wp-content\/uploads\/2023\/06\/lescano-perez-rosso-1068x656.jpg 1068w, https:\/\/primicias2262.com\/noticias\/wp-content\/uploads\/2023\/06\/lescano-perez-rosso-1920x1178.jpg 1920w\" sizes=\"auto, (max-width: 2048px) 100vw, 2048px\" \/><\/a>En tanto, respecto a Vel\u00e1zquez se\u00f1al\u00f3 que \u201ccon Mauro y el Frente Renovador hemos trabajado un mont\u00f3n, no es una cuesti\u00f3n reciente porque se form\u00f3 la lista, sino que ya ven\u00edamos construyendo y siempre hubo respecto mutuo, y mi lugar en la lista habla del reconocimiento de ellos hacia nosotros, y del trabajo que saben que tenemos, as\u00ed que estamos muy contentos por el acuerdo que se logr\u00f3\u201d.<\/p>\n<p>A partir de ahora, \u201chay que escuchar a los vecinos y vecinas, y cu\u00e1les son las verdaderas problem\u00e1ticas que tienen, porque uno puede presuponer un mont\u00f3n de cosas pero la realidad est\u00e1 en el ciudadano de todos los d\u00edas\u201d, concluy\u00f3.<\/p>\n","protected":false},"excerpt":{"rendered":"<p>El eslab\u00f3n del Movimiento Evita en la lista del precandidato a intendente de Uni\u00f3n por la Patria, Mauro Vel\u00e1zquez, lleva el nombre de la joven Violeta P\u00e9rez Rosso, activa militante social que cont\u00f3 un poco de su historia en \u201cVoces de la Ciudad\u201d y de c\u00f3mo palpita la presentaci\u00f3n del local partidario de Vel\u00e1zquez en [&hellip;]<\/p>\n","protected":false},"author":3,"featured_media":101614,"comment_status":"open","ping_status":"open","sticky":false,"template":"","format":"standard","meta":{"footnotes":""},"categories":[3],"tags":[],"class_list":["post-101612","post","type-post","status-publish","format-standard","has-post-thumbnail","category-masnoticias"],"_links":{"self":[{"href":"https:\/\/primicias2262.com\/noticias\/wp-json\/wp\/v2\/posts\/101612","targetHints":{"allow":["GET"]}}],"collection":[{"href":"https:\/\/primicias2262.com\/noticias\/wp-json\/wp\/v2\/posts"}],"about":[{"href":"https:\/\/primicias2262.com\/noticias\/wp-json\/wp\/v2\/types\/post"}],"author":[{"embeddable":true,"href":"https:\/\/primicias2262.com\/noticias\/wp-json\/wp\/v2\/users\/3"}],"replies":[{"embeddable":true,"href":"https:\/\/primicias2262.com\/noticias\/wp-json\/wp\/v2\/comments?post=101612"}],"version-history":[{"count":1,"href":"https:\/\/primicias2262.com\/noticias\/wp-json\/wp\/v2\/posts\/101612\/revisions"}],"predecessor-version":[{"id":101618,"href":"https:\/\/primicias2262.com\/noticias\/wp-json\/wp\/v2\/posts\/101612\/revisions\/101618"}],"wp:featuredmedia":[{"embeddable":true,"href":"https:\/\/primicias2262.com\/noticias\/wp-json\/wp\/v2\/media\/101614"}],"wp:attachment":[{"href":"https:\/\/primicias2262.com\/noticias\/wp-json\/wp\/v2\/media?parent=101612"}],"wp:term":[{"taxonomy":"category","embeddable":true,"href":"https:\/\/primicias2262.com\/noticias\/wp-json\/wp\/v2\/categories?post=101612"},{"taxonomy":"post_tag","embeddable":true,"href":"https:\/\/primicias2262.com\/noticias\/wp-json\/wp\/v2\/tags?post=101612"}],"curies":[{"name":"wp","href":"https:\/\/api.w.org\/{rel}","templated":true}]}}