{"id":101613,"date":"2023-07-08T16:36:57","date_gmt":"2023-07-08T16:36:57","guid":{"rendered":"https:\/\/primicias2262.com\/noticias\/?p=101613"},"modified":"2023-07-08T19:42:45","modified_gmt":"2023-07-08T19:42:45","slug":"en-necochea-vamos-juntos-por-el-triunfo","status":"publish","type":"post","link":"https:\/\/primicias2262.com\/noticias\/en-necochea-vamos-juntos-por-el-triunfo\/","title":{"rendered":"\u201cEn Necochea, vamos juntos por el triunfo\u201d"},"content":{"rendered":"<p><strong>Lo dijo el Diputado Mart\u00edn Dom\u00ednguez\u00a0 Yelpo, referente del possismo en la quinta secci\u00f3n electoral, luego de una reuni\u00f3n mantenido con el precandidato a Gobernador de Juntos por el Cambio, Diego Santilli.<\/strong><\/p>\n<p>Dejar de lado los personalismos en tiempos de crisis tambi\u00e9n es un acto de grandeza. As\u00ed lo entendi\u00f3 el diputado provincial Mart\u00edn Dom\u00ednguez Yelpo quien, en una reuni\u00f3n mantenida este mi\u00e9rcoles en la ciudad de Buenos Aires con el precandidato a gobernador Diego Santilli, acord\u00f3 que, en Necochea, habr\u00e1 una \u00fanica lista de unidad que promueva las candidaturas de Santilli y Posse en la Provincia y de Larreta y Morales en Naci\u00f3n.<\/p>\n<p>\u201cEste mi\u00e9rcoles nos reunimos con Diego Santilli y acordamos que, para lograr el verdadero cambio que necesitamos en la Provincia, en la Secci\u00f3n y en el Distrito, es necesario primero lograr el triunfo en la elecci\u00f3n, y para eso es fundamental demostrar unidad en nuestro espacio. Sabemos, m\u00e1s que nunca, que no es tiempo de ego\u00edsmos ni personalismos, y que las divisiones solo nos han llevado al fracaso\u201d.<\/p>\n<p>\u201cEntendemos que estamos ante una oportunidad hist\u00f3rica. Tanto en Necochea como en cada rinc\u00f3n de nuestra provincia, los ciudadanos esperan que afrontemos este momento con altura, entendiendo que vivimos una realidad grav\u00edsima a causa de la continuidad del kirchnerismo en el poder: la tarea ser\u00e1 generar el desarrollo de nuestros municipios, y volver a nuestra provincia una regi\u00f3n viable, que ofrezca oportunidades y perspectivas de futuro a millones de familias. Vamos Juntos por el triunfo en Necochea, y vamos, junto a Diego Santilli y Gustavo Posse, por el triunfo que nos permita volver a poner nuestra provincia de pie\u201d, afirm\u00f3 el legislador bonaerense de Juntos por el Cambio, luego del encuentro mantenido este mi\u00e9rcoles con el candidato a Gobernador Diego Santilli.<\/p>\n<p>El espacio que conduce Yelpo trabajar\u00e1 en unidad con todos los grupos que apoyan la boleta que encabezan\u00a0 Santilli-Posse en Necochea, para asegurar el triunfo en las PASO del 13 de agosto.<\/p>\n","protected":false},"excerpt":{"rendered":"<p>Lo dijo el Diputado Mart\u00edn Dom\u00ednguez\u00a0 Yelpo, referente del possismo en la quinta secci\u00f3n electoral, luego de una reuni\u00f3n mantenido con el precandidato a Gobernador de Juntos por el Cambio, Diego Santilli. Dejar de lado los personalismos en tiempos de crisis tambi\u00e9n es un acto de grandeza. As\u00ed lo entendi\u00f3 el diputado provincial Mart\u00edn Dom\u00ednguez [&hellip;]<\/p>\n","protected":false},"author":3,"featured_media":101616,"comment_status":"open","ping_status":"open","sticky":false,"template":"","format":"standard","meta":{"footnotes":""},"categories":[5],"tags":[],"class_list":{"0":"post-101613","1":"post","2":"type-post","3":"status-publish","4":"format-standard","5":"has-post-thumbnail","7":"category-neco"},"_links":{"self":[{"href":"https:\/\/primicias2262.com\/noticias\/wp-json\/wp\/v2\/posts\/101613","targetHints":{"allow":["GET"]}}],"collection":[{"href":"https:\/\/primicias2262.com\/noticias\/wp-json\/wp\/v2\/posts"}],"about":[{"href":"https:\/\/primicias2262.com\/noticias\/wp-json\/wp\/v2\/types\/post"}],"author":[{"embeddable":true,"href":"https:\/\/primicias2262.com\/noticias\/wp-json\/wp\/v2\/users\/3"}],"replies":[{"embeddable":true,"href":"https:\/\/primicias2262.com\/noticias\/wp-json\/wp\/v2\/comments?post=101613"}],"version-history":[{"count":1,"href":"https:\/\/primicias2262.com\/noticias\/wp-json\/wp\/v2\/posts\/101613\/revisions"}],"predecessor-version":[{"id":101617,"href":"https:\/\/primicias2262.com\/noticias\/wp-json\/wp\/v2\/posts\/101613\/revisions\/101617"}],"wp:featuredmedia":[{"embeddable":true,"href":"https:\/\/primicias2262.com\/noticias\/wp-json\/wp\/v2\/media\/101616"}],"wp:attachment":[{"href":"https:\/\/primicias2262.com\/noticias\/wp-json\/wp\/v2\/media?parent=101613"}],"wp:term":[{"taxonomy":"category","embeddable":true,"href":"https:\/\/primicias2262.com\/noticias\/wp-json\/wp\/v2\/categories?post=101613"},{"taxonomy":"post_tag","embeddable":true,"href":"https:\/\/primicias2262.com\/noticias\/wp-json\/wp\/v2\/tags?post=101613"}],"curies":[{"name":"wp","href":"https:\/\/api.w.org\/{rel}","templated":true}]}}