{"id":101625,"date":"2023-07-06T17:14:52","date_gmt":"2023-07-06T17:14:52","guid":{"rendered":"https:\/\/primicias2262.com\/noticias\/?p=101625"},"modified":"2023-07-06T17:14:52","modified_gmt":"2023-07-06T17:14:52","slug":"lo-que-los-gobernadores-le-pidieron-a-sergio-massa","status":"publish","type":"post","link":"https:\/\/primicias2262.com\/noticias\/lo-que-los-gobernadores-le-pidieron-a-sergio-massa\/","title":{"rendered":"Lo que los gobernadores le pidieron a Sergio Massa"},"content":{"rendered":"<div class=\"col 2-col\">\n<div class=\"article-main-content article-text \">\n<p>El gobernador de La Rioja, Ricardo Quintela, revel\u00f3 que durante <a href=\"https:\/\/www.pagina12.com.ar\/565384-los-gobernadores-dieron-todo-el-apoyo-a-massa-rossi\">la reuni\u00f3n de ayer con el precandidato a presidente Sergio Massa, <b>los gobernadores peronistas<\/b><\/a><b><\/b> en su conjunto le <b>pidieron participar de la elaboraci\u00f3n del programa de gobierno<\/b> que propondr\u00e1 Uni\u00f3n por la Patria (UxP), es decir un asiento en la mesa chica de decisiones. Tambi\u00e9n confirm\u00f3 que <a href=\"https:\/\/www.pagina12.com.ar\/565381-expectativa-por-la-foto-de-unidad-en-union-por-la-patria\">a la inauguraci\u00f3n del gasoducto N\u00e9stor Kirchner asistir\u00e1n <b>Massa, Alberto Fern\u00e1ndez y Cristina Kirchner<\/b>.<\/a><\/p>\n<p><b>\u201cPedimos que queremos colaborar en el escrito del programa de gobierno para que la propuesta sea m\u00e1s s\u00f3lida\u201d<\/b>, revel\u00f3 Quintela al referirse al punto central que ayer se discuti\u00f3 en el encuentro que tuvo lugar en el Consejo Federal de Inversiones (CFI) y en el que la f\u00f3rmula Massa-Rossi recibi\u00f3 todo el respaldo de los mandatarios provinciales.<\/p>\n<p>Tal como lo confirm\u00f3 este diario, en esa reuni\u00f3n Massa y Rossi presentaron al ministro del Interior, <b>Eduardo Wado de Pedro<\/b>, como jefe de campa\u00f1a en el armado nacional. Es decir, articular con los gobernadores el dise\u00f1o del programa electoral.<\/p>\n<p><b>\u201cLa idea es primero ordenarnos y luego definir un equipo de campa\u00f1a para desplegar en las provincias\u201d<\/b>, tambi\u00e9n dise\u00f1ar \u201cel camino comunicacional, la log\u00edstica y todo lo que hace al comando de campa\u00f1a\u201d, enumer\u00f3 Quintela durante una entrevista por FM La Patriada.<\/p>\n<h2>La lapicera<\/h2>\n<p>Pero la clave ser\u00e1 <b>tener una de las lapiceras<\/b> con las que se escribir\u00e1 el programa de gobierno. Para esto, apunt\u00f3, \u201cya hay equipos profesionales, t\u00e9cnicos y acad\u00e9micos\u201d que le est\u00e1n \u201cdando forma a la idea\u201d.<\/p>\n<p>La \u201ccolaboraci\u00f3n en el escrito del programa\u201d del que habl\u00f3 Quintela tiene varios ejes: industrializaci\u00f3n del sector primario, crecimiento, salarios dignos, trabajo formal y vigencia de los derechos conseguidos. Pero uno de ellos refiere un factor clave: c\u00f3mo debe ser la relaci\u00f3n con el Fondo Monetario Internacional.<\/p>\n<p><b>\u201cCon las condiciones que exige el Fondo es imposible pensar que vamos a sacar el pa\u00eds adelante. Entrar\u00edamos en default sin querer entrar en default\u201d<\/b>, defini\u00f3.<\/p>\n<p>En este tema, el riojano dej\u00f3 claro que \u201c<b>queremos honrar el compromiso con esa deuda<\/b> que no hemos contra\u00eddo ni sabemos d\u00f3nde est\u00e1n esos recursos, pero para cumplir tenemos que tener la posibilidad de poder cumplir\u201d.<\/p>\n<p>Por eso, puntualiz\u00f3, el objetivo es tener \u201c<b>un programa de gobierno viable y visible<\/b> en el que la gente se sienta contenida y representada, y que sepa que hay una defensa irrestricta de los derechos conseguidos\u201d.<\/p>\n<h2>Foto de unidad<\/h2>\n<p>La reuni\u00f3n de ayer en el CFI fue para definir c\u00f3mo y cu\u00e1l ser\u00e1 el rol de cada mandatario provincial. Pero tambi\u00e9n para <b>dar garant\u00edas de que cada uno trabajar\u00e1 en su provincia para la victoria nacional<\/b>.<\/p>\n<p>\u201c<b>Nos hicimos responsables de garantizar un triunfo importante en cada provincia<\/b> y colaborar con los compa\u00f1eros que lo precisen o que est\u00e9n pasando por una situaci\u00f3n dif\u00edcil\u201d, agreg\u00f3. Sobre este \u00faltimo punto, el gobernador riojano cit\u00f3 como ejemplo la situaci\u00f3n en San Juan, donde tras el fallo de la Corte Suprema contra Sergio U\u00f1ac y con un peronismo dividido gan\u00f3 el candidato de Juntos por el Cambio.<\/p>\n<p>En esa provincia a\u00fan resta elegir cargos a senadores y diputados nacionales y el objetivo es no volver a perder. U\u00f1ac aspira a una banca en el Senado, por eso el trabajo al que se comprometieron los gobernadores en la mesa encabezada por Massa fue <b>trabajar \u201cpor la unidad del peronismo\u201d<\/b> sanjuanino a fin de que los sectores de <b>U\u00f1ac<\/b> y de <b>Jos\u00e9 Luis Gioja<\/b> \u201cse puedan sentar a dialogar y llegar a un acuerdo\u201d.<\/p>\n<p>El visto bueno final a este planteo podr\u00eda cerrarse el pr\u00f3ximo 9 de julio antes o despu\u00e9s del acto de <b>inauguraci\u00f3n del gasoducto N\u00e9stor Kirchner<\/b>, al que asistir\u00e1n el presidente <b>Alberto Fern\u00e1ndez<\/b>, la vicepresidenta <b>Cristina Kirchner<\/b> y el ministro y candidato <b>Sergio Massa<\/b>. <b>\u201cTenemos la informaci\u00f3n de que vienen los tres\u201d<\/b>, asegur\u00f3 Quintela.<\/p>\n<p>En ese acto tambi\u00e9n <b>estar\u00e1n varios de los gobernadores peronistas<\/b>. No todos, aclar\u00f3 el riojano, porque vario de ellos ten\u00edan agendas establecidas desde antes del anuncio del acto en Salliquel\u00f3.<\/p>\n<\/div>\n<\/div>\n","protected":false},"excerpt":{"rendered":"<p>El gobernador de La Rioja, Ricardo Quintela, revel\u00f3 que durante la reuni\u00f3n de ayer con el precandidato a presidente Sergio Massa, los gobernadores peronistas en su conjunto le pidieron participar de la elaboraci\u00f3n del programa de gobierno que propondr\u00e1 Uni\u00f3n por la Patria (UxP), es decir un asiento en la mesa chica de decisiones. Tambi\u00e9n [&hellip;]<\/p>\n","protected":false},"author":3,"featured_media":101626,"comment_status":"open","ping_status":"open","sticky":false,"template":"","format":"standard","meta":{"footnotes":""},"categories":[7],"tags":[],"class_list":{"0":"post-101625","1":"post","2":"type-post","3":"status-publish","4":"format-standard","5":"has-post-thumbnail","7":"category-nac"},"_links":{"self":[{"href":"https:\/\/primicias2262.com\/noticias\/wp-json\/wp\/v2\/posts\/101625","targetHints":{"allow":["GET"]}}],"collection":[{"href":"https:\/\/primicias2262.com\/noticias\/wp-json\/wp\/v2\/posts"}],"about":[{"href":"https:\/\/primicias2262.com\/noticias\/wp-json\/wp\/v2\/types\/post"}],"author":[{"embeddable":true,"href":"https:\/\/primicias2262.com\/noticias\/wp-json\/wp\/v2\/users\/3"}],"replies":[{"embeddable":true,"href":"https:\/\/primicias2262.com\/noticias\/wp-json\/wp\/v2\/comments?post=101625"}],"version-history":[{"count":1,"href":"https:\/\/primicias2262.com\/noticias\/wp-json\/wp\/v2\/posts\/101625\/revisions"}],"predecessor-version":[{"id":101627,"href":"https:\/\/primicias2262.com\/noticias\/wp-json\/wp\/v2\/posts\/101625\/revisions\/101627"}],"wp:featuredmedia":[{"embeddable":true,"href":"https:\/\/primicias2262.com\/noticias\/wp-json\/wp\/v2\/media\/101626"}],"wp:attachment":[{"href":"https:\/\/primicias2262.com\/noticias\/wp-json\/wp\/v2\/media?parent=101625"}],"wp:term":[{"taxonomy":"category","embeddable":true,"href":"https:\/\/primicias2262.com\/noticias\/wp-json\/wp\/v2\/categories?post=101625"},{"taxonomy":"post_tag","embeddable":true,"href":"https:\/\/primicias2262.com\/noticias\/wp-json\/wp\/v2\/tags?post=101625"}],"curies":[{"name":"wp","href":"https:\/\/api.w.org\/{rel}","templated":true}]}}