{"id":101631,"date":"2023-07-06T07:17:41","date_gmt":"2023-07-06T07:17:41","guid":{"rendered":"https:\/\/primicias2262.com\/noticias\/?p=101631"},"modified":"2023-07-06T17:18:24","modified_gmt":"2023-07-06T17:18:24","slug":"grabois-pidio-no-anticipar-los-resultados-de-la-interna-que-mantendra-con-massa-en-uxp","status":"publish","type":"post","link":"https:\/\/primicias2262.com\/noticias\/grabois-pidio-no-anticipar-los-resultados-de-la-interna-que-mantendra-con-massa-en-uxp\/","title":{"rendered":"Grabois pidi\u00f3 \u201cno anticipar\u201d los resultados de la interna que mantendr\u00e1 con Massa en UxP"},"content":{"rendered":"<div class=\"col-12 col-sm-9\">\n<div class=\"nota_content mt-30\">\n<p><strong>El precandidato presidencial de Uni\u00f3n por la Patria (UxP), Juan Grabois, consider\u00f3 hoy que su rival en la interna de la coalici\u00f3n, el ministro de Econom\u00eda, Sergio Massa, \u201cno representa los valores esenciales\u201d que sostiene su sector y estim\u00f3 que \u201cno habr\u00eda que anticipar un resultado\u201d sobre las primarias abiertas, simult\u00e1neas y obligatorias (PASO) que se celebrar\u00e1n el pr\u00f3ximo 13 de agosto, porque \u201chay lugares de la patria donde los encuestadores no llegan\u201d.<\/strong><\/p>\n<p>\u201cDesde nuestro punto de vista, Massa no representa los valores esenciales que tiene que representar el movimiento nacional y popular. Si somos o no competitivos se ver\u00e1, no hay que anticiparse tanto. Existen lugares en la Patria d\u00f3nde los encuestadores no llegan\u201d, afirm\u00f3 Grabois en declaraciones a la radio Urbana Play.<\/p>\n<p>El dirigente social estuvo esta semana a Jujuy, donde inici\u00f3 a su agenda de actividades proselitistas con encuentros con comunidades originarias y docentes de esa provincia que se oponen a la reforma constitucional que impuls\u00f3 el Gobierno de Gerardo Morales.<\/p>\n<p>\u201cEn provincia de Buenos Aires, nosotros vamos a estar compartiendo la lista con (el gobernador de la provincia de Buenos Aires y candidato a la reelecci\u00f3n) Axel Kicillof, con (el ministro del interior y precandidato a senador por UxP) Eduardo \u201cWado\u201d De Pedro, y con el (diputado nacional) M\u00e1ximo Kirchner. Puedo decir que son mis candidatos, y Massa puede decir lo mismo\u201d, sostuvo Grabois.<\/p>\n<p>El dirigente social consign\u00f3 que las provincias de de Salta, Santiago del Estero, Formosa y Misiones, su espacio se presentar\u00e1 con lista corta.<\/p>\n<p>\u201cPeleamos contra los molinos de viento, es el terreno en el que me siento m\u00e1s c\u00f3modo\u201d, expres\u00f3 el precandidato.<\/p>\n<p>Por otro lado, Grabois quit\u00f3 importancia a la falta de apoyo del Movimiento Evita, a se\u00f1alar que \u201ces una organizaci\u00f3n que tiene su autonom\u00eda\u201d y lo importante es que sostenga en la coalici\u00f3n \u201cel desarrollo de la econom\u00eda popular\u201d.<\/p>\n<p>Por \u00faltimo, el dirigente social expres\u00f3 que su precandidatura \u201ccondiciona al espacio pol\u00edtico\u201d de UxP y demuestra que \u201cno todo vir\u00f3 todo a la derecha\u201d.<\/p>\n<p>\u201cEl 75% del electorado est\u00e1 obligado a votar a la derecha. El problema es en el partido que tiene que representar los otros valores, se corre a la derecha\u201d, concluy\u00f3.<\/p>\n<\/div>\n<\/div>\n","protected":false},"excerpt":{"rendered":"<p>El precandidato presidencial de Uni\u00f3n por la Patria (UxP), Juan Grabois, consider\u00f3 hoy que su rival en la interna de la coalici\u00f3n, el ministro de Econom\u00eda, Sergio Massa, \u201cno representa los valores esenciales\u201d que sostiene su sector y estim\u00f3 que \u201cno habr\u00eda que anticipar un resultado\u201d sobre las primarias abiertas, simult\u00e1neas y obligatorias (PASO) que [&hellip;]<\/p>\n","protected":false},"author":3,"featured_media":101420,"comment_status":"open","ping_status":"open","sticky":false,"template":"","format":"standard","meta":{"footnotes":""},"categories":[7],"tags":[],"class_list":{"0":"post-101631","1":"post","2":"type-post","3":"status-publish","4":"format-standard","5":"has-post-thumbnail","7":"category-nac"},"_links":{"self":[{"href":"https:\/\/primicias2262.com\/noticias\/wp-json\/wp\/v2\/posts\/101631","targetHints":{"allow":["GET"]}}],"collection":[{"href":"https:\/\/primicias2262.com\/noticias\/wp-json\/wp\/v2\/posts"}],"about":[{"href":"https:\/\/primicias2262.com\/noticias\/wp-json\/wp\/v2\/types\/post"}],"author":[{"embeddable":true,"href":"https:\/\/primicias2262.com\/noticias\/wp-json\/wp\/v2\/users\/3"}],"replies":[{"embeddable":true,"href":"https:\/\/primicias2262.com\/noticias\/wp-json\/wp\/v2\/comments?post=101631"}],"version-history":[{"count":1,"href":"https:\/\/primicias2262.com\/noticias\/wp-json\/wp\/v2\/posts\/101631\/revisions"}],"predecessor-version":[{"id":101632,"href":"https:\/\/primicias2262.com\/noticias\/wp-json\/wp\/v2\/posts\/101631\/revisions\/101632"}],"wp:featuredmedia":[{"embeddable":true,"href":"https:\/\/primicias2262.com\/noticias\/wp-json\/wp\/v2\/media\/101420"}],"wp:attachment":[{"href":"https:\/\/primicias2262.com\/noticias\/wp-json\/wp\/v2\/media?parent=101631"}],"wp:term":[{"taxonomy":"category","embeddable":true,"href":"https:\/\/primicias2262.com\/noticias\/wp-json\/wp\/v2\/categories?post=101631"},{"taxonomy":"post_tag","embeddable":true,"href":"https:\/\/primicias2262.com\/noticias\/wp-json\/wp\/v2\/tags?post=101631"}],"curies":[{"name":"wp","href":"https:\/\/api.w.org\/{rel}","templated":true}]}}