{"id":101633,"date":"2023-07-06T17:20:30","date_gmt":"2023-07-06T17:20:30","guid":{"rendered":"https:\/\/primicias2262.com\/noticias\/?p=101633"},"modified":"2023-07-06T17:20:30","modified_gmt":"2023-07-06T17:20:30","slug":"diputados-aprobo-un-proyecto-para-atender-la-situacion-de-los-tomadores-de-creditos-hipotecarios-uva","status":"publish","type":"post","link":"https:\/\/primicias2262.com\/noticias\/diputados-aprobo-un-proyecto-para-atender-la-situacion-de-los-tomadores-de-creditos-hipotecarios-uva\/","title":{"rendered":"Diputados aprob\u00f3 un proyecto para atender la situaci\u00f3n de los tomadores de cr\u00e9ditos hipotecarios UVA"},"content":{"rendered":"<div class=\"col-12 col-sm-9\">\n<div class=\"nota_content mt-30\">\n<p>La C\u00e1mara de Diputados aprob\u00f3 y gir\u00f3 en revisi\u00f3n al Senado el proyecto de ley que promueve atender la situaci\u00f3n de los tomadores de cr\u00e9ditos hipotecarios UVA, en el que se plantea que la cuota a abonar <strong>no debe superar el 30% de los ingresos de los deudores y se suspenden por un a\u00f1o los desalojos.<\/strong><\/p>\n<p>La iniciativa fue aprobada con 134 votos que fueron aportados por el Frente de Todos, Interbloque Federal y Provincias y la UCR, mientras que fue rechazado por 40 diputados del Pro, los libertarios y la izquierda, mientras que 18 se abstuvieron, del Interbloque Federal y diputados de la UCR, Evoluci\u00f3n Radical y Coalici\u00f3n C\u00edvica.<\/p>\n<p>Uno de los principales puntos del proyecto es que <strong>modifica el sistema de actualizaci\u00f3n de los cr\u00e9ditos hipotecarios UVA,<\/strong> definido durante el gobierno de Mauricio Macri, que establece a la evoluci\u00f3n de la inflaci\u00f3n como par\u00e1metro de ajuste de las cuotas.<\/p>\n<p>Adem\u00e1s establece la suspensi\u00f3n por un a\u00f1o de los juicios de desalojo, lanzamientos, embargos o cualquier tipo de medidas preventivas o cautelares en tr\u00e1mite sobre aquellas viviendas adquiridas a trav\u00e9s de este tipo de cr\u00e9dito.<\/p>\n<p>El proyecto contempla que, al momento de ejercer la opci\u00f3n, <strong>la cuota a abonar por los tomadores de ese tipo de cr\u00e9dito no deber\u00e1 superar el 30% de los ingresos de los deudores.<\/strong><\/p>\n<p>Asimismo, quienes est\u00e9n alcanzados por el impuesto a las Ganancias podr\u00e1n deducir anualmente hasta tres salarios m\u00ednimos, mientras que los deudores podr\u00e1n vender su propiedad y el cr\u00e9dito existente.<\/p>\n<p>Adem\u00e1s, el proyecto prev\u00e9 que, en caso de que el deudor se encuentre en cese laboral, <strong>el Fondo se har\u00e1 cargo de hasta tres cuotas.<\/strong><\/p>\n<p>La presidenta de la comisi\u00f3n de Finanzas, Alicia Aparicio, explic\u00f3 los detalles del dictamen de mayor\u00eda sobre el nuevo sistema de actualizaci\u00f3n de los cr\u00e9ditos UVA que tendr\u00e1n los tomadores de esos pr\u00e9stamos.<\/p>\n<p>En ese sentido detall\u00f3 que \u201cel valor de la cuota a pagar por el deudor <strong>ser\u00e1 determinado en funci\u00f3n de la actualizaci\u00f3n mensual del saldo de capital por el \u00edndice actualizable por remuneraci\u00f3n imponible promedio de los trabajadores estables (IAR)<\/strong> determinado en la presente ley, u otra variante que se establezca en funci\u00f3n de la remuneraci\u00f3n imponible promedio de los trabajadores estables (RIPTE)\u201d<\/p>\n<p>Agreg\u00f3 que \u201cla diferencia contempor\u00e1nea entre la cuota pagada por el deudor y la que debiera percibir la entidad financiera seg\u00fan las condiciones originales del cr\u00e9dito <strong>dar\u00e1 lugar a una compensaci\u00f3n monetaria que ser\u00e1 cubierta por el Fondo Fiduciario de Compensaci\u00f3n y Promoci\u00f3n Hipotecario (FFCPH)\u201d.<\/strong><\/p>\n<p>En el cierre del debate, el presidente de la comisi\u00f3n de Presupuesto y Hacienda, Carlos Heller asegur\u00f3 que <strong>\u201clos cr\u00e9ditos UVA se hubiesen otorgado con la f\u00f3rmula que hoy estamos aprobando no tendr\u00edamos el problema que existe\u201d<\/strong> y dijo que <strong>\u201cesto no resuelve pero lo morigera y una expectativa positiva hacia adelante\u201d.<\/strong><\/p>\n<p>El diputado de Evoluci\u00f3n Radical Martin Tetaz justific\u00f3 el rechazo al proyecto al afirmar que <strong>\u201cel UVA es un muy buen mecanismo para permitir la existencia de cr\u00e9ditos de largo plazo en pa\u00edses de alta inflaci\u00f3n\u201d<\/strong> y \u201cpor eso el planteo nuestro fue no crear un problema donde no donde no existe\u201d y por eso \u201cla preocupaci\u00f3n es que cuidemos mucho el sistema de cr\u00e9ditos UVA, pero podemos trabajar para mejorarlo\u201d.<\/p>\n<p><strong>\u201cSi nosotros rompemos el mecanismo UVA ahora, lo que vamos a hacer es condicionar el futuro de millones de familias argentinas,<\/strong> que tienen la \u00fanica herramienta de acceso a la vivienda como lo es el cr\u00e9dito hipotecario\u201d, agreg\u00f3.<\/p>\n<p>El radical Julio Cobos dijo que \u201ccuando escuchamos que el problema no est\u00e1 porque no hay morosidad, pero no existe porque tuvimos mucho tiempo la cuota congelada y porque <strong>lo \u00faltimo que deja de pagar una persona es su vivienda\u201d.<\/strong><\/p>\n<p>Defendi\u00f3 el dictamen de mayor\u00eda al afirmar que \u201clo construimos en base a once proyectos donde todos tuvimos que ceder algo\u201d para alcanzar un acuerdo y dijo que<strong> \u201cla magnitud del problema son 95 mil cr\u00e9ditos, donde se pasa a la cuota hogar y se crea un fondo compensador con recursos de la secretaria de Vivienda, ac\u00e1 no est\u00e1 poniendo dinero el estado sino lo est\u00e1 poniendo el sistema bancario\u201d.<\/strong><\/p>\n<p>La diputada del Frente de Todos Paula Penacca se\u00f1al\u00f3 que \u201cestamos aqu\u00ed intentando resolver un gran problema que nuestra gesti\u00f3n no gener\u00f3, que se cre\u00f3 en el 2016 cuando el macrismo decidi\u00f3 romper el acceso a la vivienda que se implementaba desde el 2012 que fue el Procrear\u201d y dijo que en el 2015 <strong>\u201cdejamos una pol\u00edtica con bajo nivel de endeudamiento\u201d.<\/strong><\/p>\n<p>El diputado de Republicanos Ricardo L\u00f3pez Murphy se\u00f1al\u00f3 que <strong>\u201clos cr\u00e9ditos UVA no funcionan en el pa\u00eds, no por la inflaci\u00f3n, sino porque el nivel de vida en la Argentina est\u00e1 bajando, fomentando as\u00ed actividades que nos empobrecen e informalizando el mercado de trabajo\u201d.<\/strong><\/p>\n<p>El legislador de izquierda Nicol\u00e1s del Ca\u00f1o dijo que la cuota <strong>\u201cya se hace impagable para los trabajadores y este gobierno no resolvi\u00f3 absolutamente nada de este problema que afecta a m\u00e1s de 100 mil familias\u201d<\/strong> y destac\u00f3 que \u201cclaramente los bancos est\u00e1n haciendo un enorme negocio\u201d y dijo que \u201cesta ley no va resolver y vamos a seguir en la pelea\u201d.<\/p>\n<p>Por su parte, el diputado de Avanza La Libertad y precandidato de JXC, Jos\u00e9 Luis Espert, critic\u00f3 el dictamen de mayor\u00eda al afirmar que <strong>\u201cser\u00eda m\u00e1s cristalino de cara a la sociedad asignar una partida presupuestaria que diga: \u2018vamos a subsidiar por este monto con los pagadores de impuestos\u2019, para que los pr\u00e9stamos UVA tengan menos problemas de irregularidad\u201d.<\/strong><\/p>\n<\/div>\n<\/div>\n","protected":false},"excerpt":{"rendered":"<p>La C\u00e1mara de Diputados aprob\u00f3 y gir\u00f3 en revisi\u00f3n al Senado el proyecto de ley que promueve atender la situaci\u00f3n de los tomadores de cr\u00e9ditos hipotecarios UVA, en el que se plantea que la cuota a abonar no debe superar el 30% de los ingresos de los deudores y se suspenden por un a\u00f1o los [&hellip;]<\/p>\n","protected":false},"author":3,"featured_media":101634,"comment_status":"open","ping_status":"open","sticky":false,"template":"","format":"standard","meta":{"footnotes":""},"categories":[7],"tags":[],"class_list":{"0":"post-101633","1":"post","2":"type-post","3":"status-publish","4":"format-standard","5":"has-post-thumbnail","7":"category-nac"},"_links":{"self":[{"href":"https:\/\/primicias2262.com\/noticias\/wp-json\/wp\/v2\/posts\/101633","targetHints":{"allow":["GET"]}}],"collection":[{"href":"https:\/\/primicias2262.com\/noticias\/wp-json\/wp\/v2\/posts"}],"about":[{"href":"https:\/\/primicias2262.com\/noticias\/wp-json\/wp\/v2\/types\/post"}],"author":[{"embeddable":true,"href":"https:\/\/primicias2262.com\/noticias\/wp-json\/wp\/v2\/users\/3"}],"replies":[{"embeddable":true,"href":"https:\/\/primicias2262.com\/noticias\/wp-json\/wp\/v2\/comments?post=101633"}],"version-history":[{"count":2,"href":"https:\/\/primicias2262.com\/noticias\/wp-json\/wp\/v2\/posts\/101633\/revisions"}],"predecessor-version":[{"id":101636,"href":"https:\/\/primicias2262.com\/noticias\/wp-json\/wp\/v2\/posts\/101633\/revisions\/101636"}],"wp:featuredmedia":[{"embeddable":true,"href":"https:\/\/primicias2262.com\/noticias\/wp-json\/wp\/v2\/media\/101634"}],"wp:attachment":[{"href":"https:\/\/primicias2262.com\/noticias\/wp-json\/wp\/v2\/media?parent=101633"}],"wp:term":[{"taxonomy":"category","embeddable":true,"href":"https:\/\/primicias2262.com\/noticias\/wp-json\/wp\/v2\/categories?post=101633"},{"taxonomy":"post_tag","embeddable":true,"href":"https:\/\/primicias2262.com\/noticias\/wp-json\/wp\/v2\/tags?post=101633"}],"curies":[{"name":"wp","href":"https:\/\/api.w.org\/{rel}","templated":true}]}}