{"id":101642,"date":"2023-07-07T11:21:12","date_gmt":"2023-07-07T11:21:12","guid":{"rendered":"https:\/\/primicias2262.com\/noticias\/?p=101642"},"modified":"2023-07-08T19:47:38","modified_gmt":"2023-07-08T19:47:38","slug":"daniel-yanqui-lopez-en-foto-de-campana-con-el-gobernador-kicillof","status":"publish","type":"post","link":"https:\/\/primicias2262.com\/noticias\/daniel-yanqui-lopez-en-foto-de-campana-con-el-gobernador-kicillof\/","title":{"rendered":"Daniel \u00abYanqui\u00bb L\u00f3pez en foto de campa\u00f1a con el gobernador Kicillof"},"content":{"rendered":"<p><strong>Por Jorge G\u00f3mez<\/strong><\/p>\n<p><strong>El precandidato a intendente de Necochea por una de las listas de Uni\u00f3n por la Patria (UP), Daniel \u00abYanqui\u00bb L\u00f3pez, se exhibe posando para la foto junto al gobernador de la Provincia de Buenos Aires, Axel Kicillof, quien este a\u00f1o buscar\u00e1 renovar su mandato como titular del Ejecutivo bonaerense.<\/strong><\/p>\n<p>La aludida foto de campa\u00f1a la lleva adelante tambi\u00e9n el gobernador con los diversos postulantes del oficialismo provincial que competir\u00e1n en los distritos.<\/p>\n<p>\u00abYanqui\u00bb L\u00f3pez acompa\u00f1a, adem\u00e1s, la precandidatura presidencial de Juan Grabois -no as\u00ed la la propuesta nacional de Sergio Massa-, y en el plano bonaerense se vincula con la reelecci\u00f3n de Kicillof.<\/p>\n<p>Y competir\u00e1 en las primarias de agosto pr\u00f3ximo en Necochea ante las propuestas de los otros dos precandidatos de UP, Mauro Vel\u00e1zquez y Marcelo Rivero.<\/p>\n","protected":false},"excerpt":{"rendered":"<p>Por Jorge G\u00f3mez El precandidato a intendente de Necochea por una de las listas de Uni\u00f3n por la Patria (UP), Daniel \u00abYanqui\u00bb L\u00f3pez, se exhibe posando para la foto junto al gobernador de la Provincia de Buenos Aires, Axel Kicillof, quien este a\u00f1o buscar\u00e1 renovar su mandato como titular del Ejecutivo bonaerense. La aludida foto [&hellip;]<\/p>\n","protected":false},"author":3,"featured_media":101643,"comment_status":"open","ping_status":"open","sticky":false,"template":"","format":"standard","meta":{"footnotes":""},"categories":[3],"tags":[],"class_list":["post-101642","post","type-post","status-publish","format-standard","has-post-thumbnail","category-masnoticias"],"_links":{"self":[{"href":"https:\/\/primicias2262.com\/noticias\/wp-json\/wp\/v2\/posts\/101642","targetHints":{"allow":["GET"]}}],"collection":[{"href":"https:\/\/primicias2262.com\/noticias\/wp-json\/wp\/v2\/posts"}],"about":[{"href":"https:\/\/primicias2262.com\/noticias\/wp-json\/wp\/v2\/types\/post"}],"author":[{"embeddable":true,"href":"https:\/\/primicias2262.com\/noticias\/wp-json\/wp\/v2\/users\/3"}],"replies":[{"embeddable":true,"href":"https:\/\/primicias2262.com\/noticias\/wp-json\/wp\/v2\/comments?post=101642"}],"version-history":[{"count":1,"href":"https:\/\/primicias2262.com\/noticias\/wp-json\/wp\/v2\/posts\/101642\/revisions"}],"predecessor-version":[{"id":101644,"href":"https:\/\/primicias2262.com\/noticias\/wp-json\/wp\/v2\/posts\/101642\/revisions\/101644"}],"wp:featuredmedia":[{"embeddable":true,"href":"https:\/\/primicias2262.com\/noticias\/wp-json\/wp\/v2\/media\/101643"}],"wp:attachment":[{"href":"https:\/\/primicias2262.com\/noticias\/wp-json\/wp\/v2\/media?parent=101642"}],"wp:term":[{"taxonomy":"category","embeddable":true,"href":"https:\/\/primicias2262.com\/noticias\/wp-json\/wp\/v2\/categories?post=101642"},{"taxonomy":"post_tag","embeddable":true,"href":"https:\/\/primicias2262.com\/noticias\/wp-json\/wp\/v2\/tags?post=101642"}],"curies":[{"name":"wp","href":"https:\/\/api.w.org\/{rel}","templated":true}]}}