{"id":101652,"date":"2023-07-07T11:41:02","date_gmt":"2023-07-07T11:41:02","guid":{"rendered":"https:\/\/primicias2262.com\/noticias\/?p=101652"},"modified":"2023-07-07T11:41:02","modified_gmt":"2023-07-07T11:41:02","slug":"energia-de-la-nacion-puso-en-marcha-la-linea-de-alta-tension-mas-extensa-de-la-ultima-decada","status":"publish","type":"post","link":"https:\/\/primicias2262.com\/noticias\/energia-de-la-nacion-puso-en-marcha-la-linea-de-alta-tension-mas-extensa-de-la-ultima-decada\/","title":{"rendered":"Energ\u00eda de la Naci\u00f3n puso en marcha la l\u00ednea de alta tensi\u00f3n m\u00e1s extensa de la \u00faltima d\u00e9cada"},"content":{"rendered":"<p><strong>El tendido que une Bah\u00eda Blanca y Mar del Plata beneficiar\u00e1 a m\u00e1s de un mill\u00f3n de personas. Incidir\u00e1 directamente en la mejora y confiabilidad del servicio el\u00e9ctrico en las principales comunidades de la costa atl\u00e1ntica como Villa Gesell, Mar del Plata, Necochea y Balcarce, destinos de la nueva transmisi\u00f3n en 132 kV ya incorporada, y otros distritos de la Provincia de Buenos Aires<\/strong><\/p>\n<p><strong>Por Jorge G\u00f3mez<\/strong><\/p>\n<p>La Secretar\u00eda de Energ\u00eda de la Naci\u00f3n puso en servicio la l\u00ednea de Extra Alta Tensi\u00f3n que une Bah\u00eda Blanca con Mar del Plata, que es la de mayor extensi\u00f3n realizada en los \u00faltimos diez a\u00f1os y forma parte del plan de 5.000 kil\u00f3metros de l\u00edneas de transporte el\u00e9ctrico impulsado por el Ministerio de Econom\u00eda de la Naci\u00f3n. Un informe de Noticias Argentinas (NA) brinda precisiones al respecto.<\/p>\n<p><a href=\"https:\/\/primicias2262.com\/noticias\/wp-content\/uploads\/2023\/07\/ele.jpg\"><img loading=\"lazy\" decoding=\"async\" class=\"aligncenter size-full wp-image-101654\" src=\"https:\/\/primicias2262.com\/noticias\/wp-content\/uploads\/2023\/07\/ele.jpg\" alt=\"\" width=\"1284\" height=\"696\" srcset=\"https:\/\/primicias2262.com\/noticias\/wp-content\/uploads\/2023\/07\/ele.jpg 1284w, https:\/\/primicias2262.com\/noticias\/wp-content\/uploads\/2023\/07\/ele-300x163.jpg 300w, https:\/\/primicias2262.com\/noticias\/wp-content\/uploads\/2023\/07\/ele-1024x555.jpg 1024w, https:\/\/primicias2262.com\/noticias\/wp-content\/uploads\/2023\/07\/ele-768x416.jpg 768w, https:\/\/primicias2262.com\/noticias\/wp-content\/uploads\/2023\/07\/ele-150x81.jpg 150w, https:\/\/primicias2262.com\/noticias\/wp-content\/uploads\/2023\/07\/ele-696x377.jpg 696w, https:\/\/primicias2262.com\/noticias\/wp-content\/uploads\/2023\/07\/ele-1068x579.jpg 1068w\" sizes=\"auto, (max-width: 1284px) 100vw, 1284px\" \/><\/a>El tendido de Extra Alta Tensi\u00f3n ya se encuentra activo en 500 kV Bah\u00eda Blanca \u2013 ET 500 kV Mar del Plata (Vivorat\u00e1), con 444 kil\u00f3metros extensi\u00f3n y la Estaci\u00f3n Transformadora (E.T) de 500\/132 kV en Vivorat\u00e1, que aporta 900 MVA de potencia de transformaci\u00f3n al sistema. Esta obra tambi\u00e9n incluy\u00f3 la construcci\u00f3n de 185 kil\u00f3metros en Doble Terna hacia la costa de Buenos Aires en 132 kV y la ampliaci\u00f3n en Estaci\u00f3n 500 kV Bah\u00eda Blanca.<\/p>\n<p>Desde la secretar\u00eda energ\u00e9tica resaltaron la importancia de este trabajo indicando que \u201cdesde el 2013 que no se incorpora al sistema el\u00e9ctrico\u201d un tendido de esta prolongaci\u00f3n, por lo que aseguraron que \u201crepresenta la obra m\u00e1s grande de los \u00faltimos 10 a\u00f1os por su envergadura y extensi\u00f3n en kil\u00f3metros\u201d.<\/p>\n<p>La obra beneficiar\u00e1 a m\u00e1s de 1 mill\u00f3n de personas, incidiendo directamente en la mejora y confiabilidad del servicio el\u00e9ctrico en las principales localidades de la costa atl\u00e1ntica como Villa Gesell, Mar del Plata, Necochea y Balcarce, destinos de la nueva transmisi\u00f3n en 132 kV ya incorporada, y otros distritos de la provincia de Buenos Aires.<\/p>\n<p>Esta obra, junto con las L\u00edneas en 500 kV Vivorat\u00e1 \u2013 Plomer (a construir) y Choele Choel \u2013 Puerto Madryn, completan el corredor que asegura el abastecimiento de la demanda en la zona de Gran Buenos Aires y provincia de Buenos Aires, \u201cdotando de seguridad y confiabilidad al \u00e1rea y permitiendo la evacuaci\u00f3n de energ\u00eda renovable y el levantamiento de centrales t\u00e9rmicas a combustible f\u00f3sil, que implican mayores costos y contaminaci\u00f3n ambiental\u201d, explicaron desde Energ\u00eda.<\/p>\n<p>Al mismo tiempo, informaron que \u201cen la actualidad, existen 54 obras de transporte y distribuci\u00f3n el\u00e9ctrica en marcha que se encuentran ejecut\u00e1ndose en el marco del Plan Federal de Transporte El\u00e9ctrico, que busca reactivar proyectos paralizados e impulsar nuevas obras de infraestructura energ\u00e9tica\u201d.<\/p>\n<div id='gallery-1' class='gallery galleryid-101652 gallery-columns-2 gallery-size-medium'><figure class='gallery-item'>\n\t\t\t<div class='gallery-icon landscape'>\n\t\t\t\t<a href='https:\/\/primicias2262.com\/noticias\/energia-de-la-nacion-puso-en-marcha-la-linea-de-alta-tension-mas-extensa-de-la-ultima-decada\/elec-t\/'><img loading=\"lazy\" decoding=\"async\" width=\"300\" height=\"183\" src=\"https:\/\/primicias2262.com\/noticias\/wp-content\/uploads\/2023\/07\/elec-t-300x183.jpg\" class=\"attachment-medium size-medium\" alt=\"\" srcset=\"https:\/\/primicias2262.com\/noticias\/wp-content\/uploads\/2023\/07\/elec-t-300x183.jpg 300w, https:\/\/primicias2262.com\/noticias\/wp-content\/uploads\/2023\/07\/elec-t-768x468.jpg 768w, https:\/\/primicias2262.com\/noticias\/wp-content\/uploads\/2023\/07\/elec-t-150x91.jpg 150w, https:\/\/primicias2262.com\/noticias\/wp-content\/uploads\/2023\/07\/elec-t-696x424.jpg 696w, https:\/\/primicias2262.com\/noticias\/wp-content\/uploads\/2023\/07\/elec-t.jpg 1014w\" sizes=\"auto, (max-width: 300px) 100vw, 300px\" \/><\/a>\n\t\t\t<\/div><\/figure><figure class='gallery-item'>\n\t\t\t<div class='gallery-icon landscape'>\n\t\t\t\t<a href='https:\/\/primicias2262.com\/noticias\/energia-de-la-nacion-puso-en-marcha-la-linea-de-alta-tension-mas-extensa-de-la-ultima-decada\/ele-c\/'><img loading=\"lazy\" decoding=\"async\" width=\"300\" height=\"172\" src=\"https:\/\/primicias2262.com\/noticias\/wp-content\/uploads\/2023\/07\/ele-c-300x172.jpg\" class=\"attachment-medium size-medium\" alt=\"\" srcset=\"https:\/\/primicias2262.com\/noticias\/wp-content\/uploads\/2023\/07\/ele-c-300x172.jpg 300w, https:\/\/primicias2262.com\/noticias\/wp-content\/uploads\/2023\/07\/ele-c-1024x586.jpg 1024w, https:\/\/primicias2262.com\/noticias\/wp-content\/uploads\/2023\/07\/ele-c-768x439.jpg 768w, https:\/\/primicias2262.com\/noticias\/wp-content\/uploads\/2023\/07\/ele-c-150x86.jpg 150w, https:\/\/primicias2262.com\/noticias\/wp-content\/uploads\/2023\/07\/ele-c-696x398.jpg 696w, https:\/\/primicias2262.com\/noticias\/wp-content\/uploads\/2023\/07\/ele-c-1068x611.jpg 1068w, https:\/\/primicias2262.com\/noticias\/wp-content\/uploads\/2023\/07\/ele-c.jpg 1283w\" sizes=\"auto, (max-width: 300px) 100vw, 300px\" \/><\/a>\n\t\t\t<\/div><\/figure>\n\t\t<\/div>\n\n<p>Al respecto, la secretaria del \u00e1rea, Flavia Royon, \u201cconsider\u00f3 estrat\u00e9gicas este tipo de obras que se est\u00e1n desarrollando en la gran mayor\u00eda de las provincias y que, con fondos del Estado nacional, buscan mejorar la calidad de la energ\u00eda el\u00e9ctrica que llega a los hogares, comercios, f\u00e1bricas, instituciones y todo tipo de actividades productivas\u201d, precisando que \u201cChaco, Buenos Aires, Santa Cruz, Catamarca, La Rioja, Tucum\u00e1n, Chubut, Misiones, Neuqu\u00e9n, Formosa y R\u00edo Negro son algunas de las provincias donde las obras de transporte y distribuci\u00f3n el\u00e9ctrica ya son una realidad\u201d.<\/p>\n<p>Asimismo, en relaci\u00f3n a dicho plan expres\u00f3 que \u201cgeneramos una revoluci\u00f3n en cuanto a la reactivaci\u00f3n de obras de transmisi\u00f3n el\u00e9ctrica, ya que la mayor\u00eda se encontraban paralizadas durante el gobierno anterior fueron reactivadas y priorizadas y, actualmente, gran parte ya est\u00e1n finalizadas\u201d.<\/p>\n<p>A su vez, agreg\u00f3 que \u201cen cuanto a obras nuevas, el ministro Massa puso en marcha el Plan Federal 3, en el marco del cual m\u00e1s de 22 obras se encuentran con grandes avances del proceso licitatorio, adjudicadas, y pr\u00f3ximas al inicio f\u00edsico\u201d.<\/p>\n","protected":false},"excerpt":{"rendered":"<p>El tendido que une Bah\u00eda Blanca y Mar del Plata beneficiar\u00e1 a m\u00e1s de un mill\u00f3n de personas. Incidir\u00e1 directamente en la mejora y confiabilidad del servicio el\u00e9ctrico en las principales comunidades de la costa atl\u00e1ntica como Villa Gesell, Mar del Plata, Necochea y Balcarce, destinos de la nueva transmisi\u00f3n en 132 kV ya incorporada, [&hellip;]<\/p>\n","protected":false},"author":3,"featured_media":101656,"comment_status":"open","ping_status":"open","sticky":false,"template":"","format":"standard","meta":{"footnotes":""},"categories":[7],"tags":[],"class_list":{"0":"post-101652","1":"post","2":"type-post","3":"status-publish","4":"format-standard","5":"has-post-thumbnail","7":"category-nac"},"_links":{"self":[{"href":"https:\/\/primicias2262.com\/noticias\/wp-json\/wp\/v2\/posts\/101652","targetHints":{"allow":["GET"]}}],"collection":[{"href":"https:\/\/primicias2262.com\/noticias\/wp-json\/wp\/v2\/posts"}],"about":[{"href":"https:\/\/primicias2262.com\/noticias\/wp-json\/wp\/v2\/types\/post"}],"author":[{"embeddable":true,"href":"https:\/\/primicias2262.com\/noticias\/wp-json\/wp\/v2\/users\/3"}],"replies":[{"embeddable":true,"href":"https:\/\/primicias2262.com\/noticias\/wp-json\/wp\/v2\/comments?post=101652"}],"version-history":[{"count":1,"href":"https:\/\/primicias2262.com\/noticias\/wp-json\/wp\/v2\/posts\/101652\/revisions"}],"predecessor-version":[{"id":101658,"href":"https:\/\/primicias2262.com\/noticias\/wp-json\/wp\/v2\/posts\/101652\/revisions\/101658"}],"wp:featuredmedia":[{"embeddable":true,"href":"https:\/\/primicias2262.com\/noticias\/wp-json\/wp\/v2\/media\/101656"}],"wp:attachment":[{"href":"https:\/\/primicias2262.com\/noticias\/wp-json\/wp\/v2\/media?parent=101652"}],"wp:term":[{"taxonomy":"category","embeddable":true,"href":"https:\/\/primicias2262.com\/noticias\/wp-json\/wp\/v2\/categories?post=101652"},{"taxonomy":"post_tag","embeddable":true,"href":"https:\/\/primicias2262.com\/noticias\/wp-json\/wp\/v2\/tags?post=101652"}],"curies":[{"name":"wp","href":"https:\/\/api.w.org\/{rel}","templated":true}]}}