{"id":101661,"date":"2023-07-07T14:59:01","date_gmt":"2023-07-07T14:59:01","guid":{"rendered":"https:\/\/primicias2262.com\/noticias\/?p=101661"},"modified":"2023-07-08T19:44:01","modified_gmt":"2023-07-08T19:44:01","slug":"se-arreglaron-los-pagos-y-el-servicio-de-micros-urbanos-se-normalizo-esta-manana","status":"publish","type":"post","link":"https:\/\/primicias2262.com\/noticias\/se-arreglaron-los-pagos-y-el-servicio-de-micros-urbanos-se-normalizo-esta-manana\/","title":{"rendered":"Se arreglaron los pagos y el servicio de micros urbanos se normaliz\u00f3 esta ma\u00f1ana"},"content":{"rendered":"<p><strong>As\u00ed lo confirm\u00f3 en \u201cVoces de la Ciudad\u201d el delegado de la UTA, Javier Sosa, al expresar ante la consulta del periodista Jorge G\u00f3mez que \u201cse normaliz\u00f3 el servicio, empezaron a salir los coches y por suerte todo arreglado\u201d.<\/strong><\/p>\n<p>En tal sentido, mencion\u00f3 que se normalizaron los pagos y en consecuencias la UTA levant\u00f3 las medidas y en la ciudad las dos l\u00edneas, tanto Transporte Necochea como Nueva Pompeya, salieron a trabajar normalmente.<\/p>\n<p>\u201cPor suerte se lleg\u00f3 a un buen arreglo y todos contentos, apareci\u00f3 el dinero en las cuentas de los trabajadores\u2026 una l\u00e1stima haber tenido que llegar a esto, pero a veces es inevitable\u201d, sintetiz\u00f3 finalmente Sosa.<\/p>\n<p>El paro de choferes afiliados a la Uni\u00f3n Tranviarios Automotor (UTA), vale recordar, hab\u00eda comenzado en la tarde del jueves 6 de julio ante la falta de respuesta de variados reclamos salariales que el gremio aduc\u00eda no hab\u00edan sido cumplidos por parte de las empresas, afectando por lo tanto la circulaci\u00f3n de los micros pertenecientes a las compa\u00f1\u00edas de Transporte Necochea -azules- y Micro \u00d3mnibus Nueva Pompeya -verdes-.<\/p>\n","protected":false},"excerpt":{"rendered":"<p>As\u00ed lo confirm\u00f3 en \u201cVoces de la Ciudad\u201d el delegado de la UTA, Javier Sosa, al expresar ante la consulta del periodista Jorge G\u00f3mez que \u201cse normaliz\u00f3 el servicio, empezaron a salir los coches y por suerte todo arreglado\u201d. En tal sentido, mencion\u00f3 que se normalizaron los pagos y en consecuencias la UTA levant\u00f3 las [&hellip;]<\/p>\n","protected":false},"author":3,"featured_media":101662,"comment_status":"open","ping_status":"open","sticky":false,"template":"","format":"standard","meta":{"footnotes":""},"categories":[3],"tags":[],"class_list":["post-101661","post","type-post","status-publish","format-standard","has-post-thumbnail","category-masnoticias"],"_links":{"self":[{"href":"https:\/\/primicias2262.com\/noticias\/wp-json\/wp\/v2\/posts\/101661","targetHints":{"allow":["GET"]}}],"collection":[{"href":"https:\/\/primicias2262.com\/noticias\/wp-json\/wp\/v2\/posts"}],"about":[{"href":"https:\/\/primicias2262.com\/noticias\/wp-json\/wp\/v2\/types\/post"}],"author":[{"embeddable":true,"href":"https:\/\/primicias2262.com\/noticias\/wp-json\/wp\/v2\/users\/3"}],"replies":[{"embeddable":true,"href":"https:\/\/primicias2262.com\/noticias\/wp-json\/wp\/v2\/comments?post=101661"}],"version-history":[{"count":1,"href":"https:\/\/primicias2262.com\/noticias\/wp-json\/wp\/v2\/posts\/101661\/revisions"}],"predecessor-version":[{"id":101663,"href":"https:\/\/primicias2262.com\/noticias\/wp-json\/wp\/v2\/posts\/101661\/revisions\/101663"}],"wp:featuredmedia":[{"embeddable":true,"href":"https:\/\/primicias2262.com\/noticias\/wp-json\/wp\/v2\/media\/101662"}],"wp:attachment":[{"href":"https:\/\/primicias2262.com\/noticias\/wp-json\/wp\/v2\/media?parent=101661"}],"wp:term":[{"taxonomy":"category","embeddable":true,"href":"https:\/\/primicias2262.com\/noticias\/wp-json\/wp\/v2\/categories?post=101661"},{"taxonomy":"post_tag","embeddable":true,"href":"https:\/\/primicias2262.com\/noticias\/wp-json\/wp\/v2\/tags?post=101661"}],"curies":[{"name":"wp","href":"https:\/\/api.w.org\/{rel}","templated":true}]}}