{"id":101664,"date":"2023-07-08T15:04:35","date_gmt":"2023-07-08T15:04:35","guid":{"rendered":"https:\/\/primicias2262.com\/noticias\/?p=101664"},"modified":"2023-07-08T19:47:16","modified_gmt":"2023-07-08T19:47:16","slug":"el-agua-que-tomamos-es-de-buena-calidad-y-apta-para-el-consumo-humano","status":"publish","type":"post","link":"https:\/\/primicias2262.com\/noticias\/el-agua-que-tomamos-es-de-buena-calidad-y-apta-para-el-consumo-humano\/","title":{"rendered":"\u201cEl agua que tomamos es de buena calidad y apta para el consumo humano\u201d"},"content":{"rendered":"<p><strong>As\u00ed lo confirm\u00f3 en \u201cVoces de la Ciudad\u201d Gustavo Fuhr, integrante de la Direcci\u00f3n de Bromatolog\u00eda e Higiene del municipio.<\/strong><\/p>\n<p>Ante la breve consulta telef\u00f3nica del periodista Jorge G\u00f3mez en \u201cVoces de la Ciudad\u201d, Fuhr destac\u00f3 que los controles del agua que toma la poblaci\u00f3n son mensuales. \u201cSe hacen an\u00e1lisis f\u00edsico qu\u00edmicos de forma aleatoria y bacteriol\u00f3gicos en todos los pozos, y seg\u00fan las conclusiones t\u00e9cnicas, el agua que tomamos es de buena calidad y apta para el consumo humano\u201d.<\/p>\n<p>Incluso, aport\u00f3 que \u201cesto se ha cotejado con entidades provinciales y laboratorios privados, con quienes hemos coincidido en la toma de muestras\u201d.<\/p>\n<p>Si existiera alguna anomal\u00eda, Fuhr explic\u00f3 que \u201ctrabajamos con Obras Sanitarias, que si encuentra un problema bacteriol\u00f3gico hace la clorinaci\u00f3n del pozo y si es algo qu\u00edmico se cierra el mismo hasta que tenga su arreglo, ya sea por purga o diluci\u00f3n misma\u201d.<\/p>\n<p><a href=\"https:\/\/primicias2262.com\/noticias\/wp-content\/uploads\/2023\/07\/gustavo-fuhr-bromatologia-febrero-de-2023-scaled.jpg\"><img loading=\"lazy\" decoding=\"async\" class=\"aligncenter size-full wp-image-101666\" src=\"https:\/\/primicias2262.com\/noticias\/wp-content\/uploads\/2023\/07\/gustavo-fuhr-bromatologia-febrero-de-2023-scaled.jpg\" alt=\"\" width=\"2078\" height=\"2560\" srcset=\"https:\/\/primicias2262.com\/noticias\/wp-content\/uploads\/2023\/07\/gustavo-fuhr-bromatologia-febrero-de-2023-scaled.jpg 2078w, https:\/\/primicias2262.com\/noticias\/wp-content\/uploads\/2023\/07\/gustavo-fuhr-bromatologia-febrero-de-2023-244x300.jpg 244w, https:\/\/primicias2262.com\/noticias\/wp-content\/uploads\/2023\/07\/gustavo-fuhr-bromatologia-febrero-de-2023-831x1024.jpg 831w, https:\/\/primicias2262.com\/noticias\/wp-content\/uploads\/2023\/07\/gustavo-fuhr-bromatologia-febrero-de-2023-768x946.jpg 768w, https:\/\/primicias2262.com\/noticias\/wp-content\/uploads\/2023\/07\/gustavo-fuhr-bromatologia-febrero-de-2023-1247x1536.jpg 1247w, https:\/\/primicias2262.com\/noticias\/wp-content\/uploads\/2023\/07\/gustavo-fuhr-bromatologia-febrero-de-2023-1663x2048.jpg 1663w, https:\/\/primicias2262.com\/noticias\/wp-content\/uploads\/2023\/07\/gustavo-fuhr-bromatologia-febrero-de-2023-150x185.jpg 150w, https:\/\/primicias2262.com\/noticias\/wp-content\/uploads\/2023\/07\/gustavo-fuhr-bromatologia-febrero-de-2023-300x370.jpg 300w, https:\/\/primicias2262.com\/noticias\/wp-content\/uploads\/2023\/07\/gustavo-fuhr-bromatologia-febrero-de-2023-324x400.jpg 324w, https:\/\/primicias2262.com\/noticias\/wp-content\/uploads\/2023\/07\/gustavo-fuhr-bromatologia-febrero-de-2023-696x857.jpg 696w, https:\/\/primicias2262.com\/noticias\/wp-content\/uploads\/2023\/07\/gustavo-fuhr-bromatologia-febrero-de-2023-1068x1316.jpg 1068w, https:\/\/primicias2262.com\/noticias\/wp-content\/uploads\/2023\/07\/gustavo-fuhr-bromatologia-febrero-de-2023-1920x2365.jpg 1920w\" sizes=\"auto, (max-width: 2078px) 100vw, 2078px\" \/><\/a><\/p>\n","protected":false},"excerpt":{"rendered":"<p>As\u00ed lo confirm\u00f3 en \u201cVoces de la Ciudad\u201d Gustavo Fuhr, integrante de la Direcci\u00f3n de Bromatolog\u00eda e Higiene del municipio. Ante la breve consulta telef\u00f3nica del periodista Jorge G\u00f3mez en \u201cVoces de la Ciudad\u201d, Fuhr destac\u00f3 que los controles del agua que toma la poblaci\u00f3n son mensuales. \u201cSe hacen an\u00e1lisis f\u00edsico qu\u00edmicos de forma aleatoria [&hellip;]<\/p>\n","protected":false},"author":3,"featured_media":101665,"comment_status":"open","ping_status":"open","sticky":false,"template":"","format":"standard","meta":{"footnotes":""},"categories":[5],"tags":[],"class_list":{"0":"post-101664","1":"post","2":"type-post","3":"status-publish","4":"format-standard","5":"has-post-thumbnail","7":"category-neco"},"_links":{"self":[{"href":"https:\/\/primicias2262.com\/noticias\/wp-json\/wp\/v2\/posts\/101664","targetHints":{"allow":["GET"]}}],"collection":[{"href":"https:\/\/primicias2262.com\/noticias\/wp-json\/wp\/v2\/posts"}],"about":[{"href":"https:\/\/primicias2262.com\/noticias\/wp-json\/wp\/v2\/types\/post"}],"author":[{"embeddable":true,"href":"https:\/\/primicias2262.com\/noticias\/wp-json\/wp\/v2\/users\/3"}],"replies":[{"embeddable":true,"href":"https:\/\/primicias2262.com\/noticias\/wp-json\/wp\/v2\/comments?post=101664"}],"version-history":[{"count":1,"href":"https:\/\/primicias2262.com\/noticias\/wp-json\/wp\/v2\/posts\/101664\/revisions"}],"predecessor-version":[{"id":101667,"href":"https:\/\/primicias2262.com\/noticias\/wp-json\/wp\/v2\/posts\/101664\/revisions\/101667"}],"wp:featuredmedia":[{"embeddable":true,"href":"https:\/\/primicias2262.com\/noticias\/wp-json\/wp\/v2\/media\/101665"}],"wp:attachment":[{"href":"https:\/\/primicias2262.com\/noticias\/wp-json\/wp\/v2\/media?parent=101664"}],"wp:term":[{"taxonomy":"category","embeddable":true,"href":"https:\/\/primicias2262.com\/noticias\/wp-json\/wp\/v2\/categories?post=101664"},{"taxonomy":"post_tag","embeddable":true,"href":"https:\/\/primicias2262.com\/noticias\/wp-json\/wp\/v2\/tags?post=101664"}],"curies":[{"name":"wp","href":"https:\/\/api.w.org\/{rel}","templated":true}]}}