{"id":101678,"date":"2023-07-08T16:14:32","date_gmt":"2023-07-08T16:14:32","guid":{"rendered":"https:\/\/primicias2262.com\/noticias\/?p=101678"},"modified":"2023-07-10T16:18:11","modified_gmt":"2023-07-10T16:18:11","slug":"hay-que-defender-la-actividad-privada-porque-es-la-unica-manera-de-que-se-genere-riqueza-genuina","status":"publish","type":"post","link":"https:\/\/primicias2262.com\/noticias\/hay-que-defender-la-actividad-privada-porque-es-la-unica-manera-de-que-se-genere-riqueza-genuina\/","title":{"rendered":"\u201cHay que defender la actividad privada porque es la \u00fanica manera de que se genere riqueza genuina\u201d"},"content":{"rendered":"<p><strong>As\u00ed lo asegur\u00f3 el empresario Mario Goicoechea, quien en la ma\u00f1ana de \u201cVoces de la Ciudad\u201d brind\u00f3 un mensaje al mundo del privado y se refiri\u00f3 a la flamante presidencia de Hugo Obregozo al frente de la CAPROQ: \u201cEs uno de los hombres m\u00e1s respetados en la pesca a nivel nacional\u201d, afirm\u00f3.<\/strong><\/p>\n<p>En l\u00edneas generales, uno de los creadores de la CAPROQ y expresidente del Consorcio de Gesti\u00f3n de Puerto Quequ\u00e9n destac\u00f3 que \u201ccreo que la ciudad va mejorando, venimos de procesos muy complicados y las cosas est\u00e1n mejor\u201d, para enumerar que \u201cla ciudad est\u00e1 m\u00e1s linda, hay m\u00e1s tranquilidad pol\u00edtica, que es muy importante, y se est\u00e1n generando nuevos l\u00edderes, hay gente que tiene ganas de hacer y est\u00e1 bueno que haya muchos candidatos para las elecciones. Hay que tratar de mejorarla constantemente a la ciudad porque es un hermoso lugar para vivir\u201d.<\/p>\n<p>Luego se refiri\u00f3 al empresariado y la realidad del empresario. \u201cEl empresario es una forma de vida y hay que defender la actividad privada porque es la \u00fanica manera de que se genere riqueza genuina\u201d, asegur\u00f3, para agregar seguidamente que \u201ceso genera que despu\u00e9s se paguen impuestos y te permita tener profesionales, universidades, restaurantes\u2026 te mantiene activa la ciudad, porque si no te vas quedando seco, y eso se traduce en que la juventud se termina yendo porque no hay oportunidades\u201d.<\/p>\n<p>Siguiendo esa l\u00ednea, Goicoechea enfatiz\u00f3 que \u201ctiene que haber una universidad p\u00fablica en Necochea, donde empez\u00e1s y termin\u00e1s, no tengo nada en contra de las privadas, pero hay que pagarlas, mientras que la p\u00fablica genera m\u00e1s oportunidades para la gente. Hay que pon\u00e9rselo como objetivo porque una universidad es fundamental para cambiar la matriz de la ciudad. Te permite buscar caminos para incorporar conocimientos y solucionar problemas troncales\u201d.<\/p>\n<p><a href=\"https:\/\/primicias2262.com\/noticias\/wp-content\/uploads\/2023\/07\/mario-goicoechea2.jpeg\"><img loading=\"lazy\" decoding=\"async\" class=\"aligncenter size-full wp-image-101681\" src=\"https:\/\/primicias2262.com\/noticias\/wp-content\/uploads\/2023\/07\/mario-goicoechea2.jpeg\" alt=\"\" width=\"1024\" height=\"768\" srcset=\"https:\/\/primicias2262.com\/noticias\/wp-content\/uploads\/2023\/07\/mario-goicoechea2.jpeg 1024w, https:\/\/primicias2262.com\/noticias\/wp-content\/uploads\/2023\/07\/mario-goicoechea2-300x225.jpeg 300w, https:\/\/primicias2262.com\/noticias\/wp-content\/uploads\/2023\/07\/mario-goicoechea2-768x576.jpeg 768w, https:\/\/primicias2262.com\/noticias\/wp-content\/uploads\/2023\/07\/mario-goicoechea2-150x113.jpeg 150w, https:\/\/primicias2262.com\/noticias\/wp-content\/uploads\/2023\/07\/mario-goicoechea2-696x522.jpeg 696w\" sizes=\"auto, (max-width: 1024px) 100vw, 1024px\" \/><\/a>Asimismo, expres\u00f3 cuan distinta ser\u00eda la ciudad con la radicaci\u00f3n de empresas. \u201cTienen que venir las empresas porque es lo que genera actividad y te cambia la cabeza. No podemos ser todos empleados p\u00fablicos, no hay manera de que el Municipio y los juzgados tomen a todos los chicos, pero si tra\u00e9s 10 o 15 empresas y esto se da vuelta como pas\u00f3 en Tandil y Tres Arroyos, ah\u00ed esta ciudad va a empezar a cambiar, y tiene todo para hacerlo\u201d.<\/p>\n<p>Incluso, aclar\u00f3 que \u201cno es la culpa de la gente de la ciudad como se dice, sino que depende de la actitud y responsabilidad de las mujeres y los hombres que estamos en lugares claves. El vecino de a pie no puede ser responsable de que venga una empresa, demasiado con que todos los d\u00edas va a trabajar en lo que le corresponde\u201d.<\/p>\n<p>\u201cAc\u00e1 el problema son los que ostentan cargos, y eso viene asociado a una responsabilidad, que es lograr que la ciudad mejore, y eso le cabe a 100 personas en la ciudad\u2026 son 100 personas las responsables de que esto no funcione, no 80 mil\u2026 estamos hablando de los dirigentes gremiales, empresariales, pol\u00edticos y medios de comunicaci\u00f3n que no nos unimos para lograr que las cosas mejoren\u201d.<\/p>\n<p>En tanto, como socio fundador de la C\u00e1mara de Profesionales de puerto Quequ\u00e9n hace una d\u00e9cada y expresidente, argument\u00f3 que \u201cla CAPROQ surgi\u00f3 de la necesidad de generar un grupo de gente que apoye solo inversiones privadas, porque ya existen organizaciones que apoyan a otro tipo de actividad como lo gremial, eclesi\u00e1stico o ambiental, pero en el \u00e1mbito empresarial, por lo menos en aquel momento, los que est\u00e1bamos en la mesa no observ\u00e1bamos ese apoyo al privado\u201d.<\/p>\n<p>\u201cA la CAPROQ la mueve el apoyo a la inversi\u00f3n privada, el negocio genuino, a la actividad\u00a0 y al empresario, que es una forma de vivir\u201d, ampli\u00f3, y dej\u00f3 un p\u00e1rrafo final para el presidente flamante de la firma, Hugo Obregozo, titular a su vez de ALONCAR: \u201cHugo representa fielmente al sector industrial, y la CAPROQ se ha convertido en una c\u00e1mara industrial. Hugo es un luchador de la pesca y hay que trabajar para alinear los intereses de todos en el rubro, y \u00e9l es un tipo que sabe transformar, le da trabajo a 100 personas y doy fe de que es uno de los hombres m\u00e1s respetados en la pesca a nivel nacional\u201d.<\/p>\n","protected":false},"excerpt":{"rendered":"<p>As\u00ed lo asegur\u00f3 el empresario Mario Goicoechea, quien en la ma\u00f1ana de \u201cVoces de la Ciudad\u201d brind\u00f3 un mensaje al mundo del privado y se refiri\u00f3 a la flamante presidencia de Hugo Obregozo al frente de la CAPROQ: \u201cEs uno de los hombres m\u00e1s respetados en la pesca a nivel nacional\u201d, afirm\u00f3. En l\u00edneas generales, [&hellip;]<\/p>\n","protected":false},"author":3,"featured_media":101680,"comment_status":"open","ping_status":"open","sticky":false,"template":"","format":"standard","meta":{"footnotes":""},"categories":[3],"tags":[],"class_list":["post-101678","post","type-post","status-publish","format-standard","has-post-thumbnail","category-masnoticias"],"_links":{"self":[{"href":"https:\/\/primicias2262.com\/noticias\/wp-json\/wp\/v2\/posts\/101678","targetHints":{"allow":["GET"]}}],"collection":[{"href":"https:\/\/primicias2262.com\/noticias\/wp-json\/wp\/v2\/posts"}],"about":[{"href":"https:\/\/primicias2262.com\/noticias\/wp-json\/wp\/v2\/types\/post"}],"author":[{"embeddable":true,"href":"https:\/\/primicias2262.com\/noticias\/wp-json\/wp\/v2\/users\/3"}],"replies":[{"embeddable":true,"href":"https:\/\/primicias2262.com\/noticias\/wp-json\/wp\/v2\/comments?post=101678"}],"version-history":[{"count":3,"href":"https:\/\/primicias2262.com\/noticias\/wp-json\/wp\/v2\/posts\/101678\/revisions"}],"predecessor-version":[{"id":101682,"href":"https:\/\/primicias2262.com\/noticias\/wp-json\/wp\/v2\/posts\/101678\/revisions\/101682"}],"wp:featuredmedia":[{"embeddable":true,"href":"https:\/\/primicias2262.com\/noticias\/wp-json\/wp\/v2\/media\/101680"}],"wp:attachment":[{"href":"https:\/\/primicias2262.com\/noticias\/wp-json\/wp\/v2\/media?parent=101678"}],"wp:term":[{"taxonomy":"category","embeddable":true,"href":"https:\/\/primicias2262.com\/noticias\/wp-json\/wp\/v2\/categories?post=101678"},{"taxonomy":"post_tag","embeddable":true,"href":"https:\/\/primicias2262.com\/noticias\/wp-json\/wp\/v2\/tags?post=101678"}],"curies":[{"name":"wp","href":"https:\/\/api.w.org\/{rel}","templated":true}]}}