{"id":101686,"date":"2023-07-08T19:54:01","date_gmt":"2023-07-08T19:54:01","guid":{"rendered":"https:\/\/primicias2262.com\/noticias\/?p=101686"},"modified":"2023-07-08T19:54:01","modified_gmt":"2023-07-08T19:54:01","slug":"invitan-a-celebrar-los-207-anos-de-la-independencia-con-un-acto-protocolar-y-a-puro-folclore","status":"publish","type":"post","link":"https:\/\/primicias2262.com\/noticias\/invitan-a-celebrar-los-207-anos-de-la-independencia-con-un-acto-protocolar-y-a-puro-folclore\/","title":{"rendered":"Invitan a celebrar los 207 a\u00f1os de la Independencia con un acto protocolar y a puro folclore"},"content":{"rendered":"<p>Ser\u00e1 este domingo 9 de julio a partir de las 20 en el sal\u00f3n de fiestas del Centro Vasco, con la presencia del intendente Arturo Rojas y en el marco del 1\u00ba Encuentro Regional de Pe\u00f1as Folcl\u00f3ricas, del que participar\u00e1n m\u00e1s de 25 agrupaciones.<\/p>\n<p>El municipio invit\u00f3 a la comunidad a participar del acto protocolar que se realizar\u00e1 para celebrar el 207\u00ba Aniversario de la Declaraci\u00f3n de la Independencia Argentina, el pr\u00f3ximo domingo 9 de julio a partir de las 20 en el sal\u00f3n de fiestas del Centro Vasco, en Av. 58 entre 65 y 67.<\/p>\n<p>La ceremonia patria se llevar\u00e1 a cabo en el marco de lo que ser\u00e1 el 1\u00ba Encuentro Regional de Pe\u00f1as Folcl\u00f3ricas organizado por el municipio, lo cual dar\u00e1 inicio a partir de las 14 con entrada totalmente libre y gratuita.<\/p>\n<p><a href=\"https:\/\/primicias2262.com\/noticias\/wp-content\/uploads\/2023\/07\/Penas.jpeg\"><img loading=\"lazy\" decoding=\"async\" class=\"aligncenter size-full wp-image-101687\" src=\"https:\/\/primicias2262.com\/noticias\/wp-content\/uploads\/2023\/07\/Penas.jpeg\" alt=\"\" width=\"1600\" height=\"1600\" srcset=\"https:\/\/primicias2262.com\/noticias\/wp-content\/uploads\/2023\/07\/Penas.jpeg 1600w, https:\/\/primicias2262.com\/noticias\/wp-content\/uploads\/2023\/07\/Penas-300x300.jpeg 300w, https:\/\/primicias2262.com\/noticias\/wp-content\/uploads\/2023\/07\/Penas-1024x1024.jpeg 1024w, https:\/\/primicias2262.com\/noticias\/wp-content\/uploads\/2023\/07\/Penas-150x150.jpeg 150w, https:\/\/primicias2262.com\/noticias\/wp-content\/uploads\/2023\/07\/Penas-768x768.jpeg 768w, https:\/\/primicias2262.com\/noticias\/wp-content\/uploads\/2023\/07\/Penas-1536x1536.jpeg 1536w, https:\/\/primicias2262.com\/noticias\/wp-content\/uploads\/2023\/07\/Penas-696x696.jpeg 696w, https:\/\/primicias2262.com\/noticias\/wp-content\/uploads\/2023\/07\/Penas-1068x1068.jpeg 1068w\" sizes=\"auto, (max-width: 1600px) 100vw, 1600px\" \/><\/a><\/p>\n<p>La jornada tradicionalista no solo contar\u00e1 con m\u00e1s de 25 pe\u00f1as de Necochea, Quequ\u00e9n, el distrito y localidades vecinas como Lober\u00eda, San Cayetano, Balcarce o Claromec\u00f3, sino que contar\u00e1 con la presentaci\u00f3n de los reconocidos grupos \u201cD\u00fao Heredero\u201d y \u201cEl Entrevero\u201d, y quienes asistan podr\u00e1n disfrutar de stands gastron\u00f3micos, artesanos y diferentes atractivos.<\/p>\n<p>&nbsp;<\/p>\n","protected":false},"excerpt":{"rendered":"<p>Ser\u00e1 este domingo 9 de julio a partir de las 20 en el sal\u00f3n de fiestas del Centro Vasco, con la presencia del intendente Arturo Rojas y en el marco del 1\u00ba Encuentro Regional de Pe\u00f1as Folcl\u00f3ricas, del que participar\u00e1n m\u00e1s de 25 agrupaciones. El municipio invit\u00f3 a la comunidad a participar del acto protocolar [&hellip;]<\/p>\n","protected":false},"author":3,"featured_media":101688,"comment_status":"open","ping_status":"open","sticky":false,"template":"","format":"standard","meta":{"footnotes":""},"categories":[5],"tags":[],"class_list":{"0":"post-101686","1":"post","2":"type-post","3":"status-publish","4":"format-standard","5":"has-post-thumbnail","7":"category-neco"},"_links":{"self":[{"href":"https:\/\/primicias2262.com\/noticias\/wp-json\/wp\/v2\/posts\/101686","targetHints":{"allow":["GET"]}}],"collection":[{"href":"https:\/\/primicias2262.com\/noticias\/wp-json\/wp\/v2\/posts"}],"about":[{"href":"https:\/\/primicias2262.com\/noticias\/wp-json\/wp\/v2\/types\/post"}],"author":[{"embeddable":true,"href":"https:\/\/primicias2262.com\/noticias\/wp-json\/wp\/v2\/users\/3"}],"replies":[{"embeddable":true,"href":"https:\/\/primicias2262.com\/noticias\/wp-json\/wp\/v2\/comments?post=101686"}],"version-history":[{"count":1,"href":"https:\/\/primicias2262.com\/noticias\/wp-json\/wp\/v2\/posts\/101686\/revisions"}],"predecessor-version":[{"id":101689,"href":"https:\/\/primicias2262.com\/noticias\/wp-json\/wp\/v2\/posts\/101686\/revisions\/101689"}],"wp:featuredmedia":[{"embeddable":true,"href":"https:\/\/primicias2262.com\/noticias\/wp-json\/wp\/v2\/media\/101688"}],"wp:attachment":[{"href":"https:\/\/primicias2262.com\/noticias\/wp-json\/wp\/v2\/media?parent=101686"}],"wp:term":[{"taxonomy":"category","embeddable":true,"href":"https:\/\/primicias2262.com\/noticias\/wp-json\/wp\/v2\/categories?post=101686"},{"taxonomy":"post_tag","embeddable":true,"href":"https:\/\/primicias2262.com\/noticias\/wp-json\/wp\/v2\/tags?post=101686"}],"curies":[{"name":"wp","href":"https:\/\/api.w.org\/{rel}","templated":true}]}}