{"id":101696,"date":"2023-07-08T20:08:56","date_gmt":"2023-07-08T20:08:56","guid":{"rendered":"https:\/\/primicias2262.com\/noticias\/?p=101696"},"modified":"2023-07-08T20:08:56","modified_gmt":"2023-07-08T20:08:56","slug":"bullrich-uso-en-su-spot-una-imagen-de-un-documental-sobre-la-pobreza-en-2019","status":"publish","type":"post","link":"https:\/\/primicias2262.com\/noticias\/bullrich-uso-en-su-spot-una-imagen-de-un-documental-sobre-la-pobreza-en-2019\/","title":{"rendered":"Bullrich us\u00f3 en su spot una imagen de un documental sobre la pobreza en 2019"},"content":{"rendered":"<p>(Agencia T\u00e9lam)<\/p>\n<p>La precandidata presidencial de Juntos por el Cambio (JxC), Patricia Bullrich, utiliz\u00f3 en su spot de campa\u00f1a difundido este viernes, parte de un documental realizado en el a\u00f1o 2019 por el portal Filo News para criticar los \u00edndices de pobreza durante el gobierno de Mauricio Macri, seg\u00fan denunciaron en las redes sociales los comunicadores sociales que estuvieron a cargo de la realizaci\u00f3n de la pieza.<\/p>\n<p>\u00abEste testimonio que usa Bullrich en su spot de campa\u00f1a forma parte del documental &#8216;Comer en la calle&#8217; que hicimos con Filo News en 2019, durante la gesti\u00f3n de Mauricio Macri\u00bb, revel\u00f3 en Twitter el licenciado en Comunicaci\u00f3n Ignacio Corral.<\/p>\n<p>En declaraciones period\u00edsticas, Corral explic\u00f3 que ni a \u00e9l ni al director de Filo News los contactaron desde el equipo de campa\u00f1a de Bullrich para solicitar autorizaci\u00f3n para incluir sus im\u00e1genes en el spot electoral.<\/p>\n<p>Este viernes, Bullrich lanz\u00f3 un spot de campa\u00f1a con un mensaje que pone el acento en la \u00abfuerza\u00bb, y en el que advierte que si es electa aplicar\u00e1 un plan econ\u00f3mico que deber\u00e1 ser \u00abdefendido en las calles\u00bb.<\/p>\n<p>En una de las im\u00e1genes, aparece una mujer llamada Silvana, que cuenta que vino a Buenos Aires desde Chaco junto a la pareja que la dej\u00f3, y explica por qu\u00e9 termin\u00f3 en la calle: \u00abSufrimos hambre\u00bb, dice en el video.<\/p>\n<p>Ese fragmento aparece de la misma manera en el documental, &#8216;Hambre en la calle comer en la calle&#8217;, con diferentes testimonios de gente que cuenta c\u00f3mo la sufre.<\/p>\n<p>La exministra de Seguridad sostiene, adem\u00e1s, que con \u00abdi\u00e1logo y consenso\u00bb no se combate a \u00ablos narcos en Rosario\u00bb ni a la \u00abcorrupci\u00f3n\u00bb, en una clara diferenciaci\u00f3n de las premisas que propone su rival en la interna de la coalici\u00f3n opositora, el jefe de Gobierno porte\u00f1o, Horacio Rodr\u00edguez Larreta.<\/p>\n","protected":false},"excerpt":{"rendered":"<p>(Agencia T\u00e9lam) La precandidata presidencial de Juntos por el Cambio (JxC), Patricia Bullrich, utiliz\u00f3 en su spot de campa\u00f1a difundido este viernes, parte de un documental realizado en el a\u00f1o 2019 por el portal Filo News para criticar los \u00edndices de pobreza durante el gobierno de Mauricio Macri, seg\u00fan denunciaron en las redes sociales los [&hellip;]<\/p>\n","protected":false},"author":3,"featured_media":101698,"comment_status":"open","ping_status":"open","sticky":false,"template":"","format":"standard","meta":{"footnotes":""},"categories":[7],"tags":[],"class_list":{"0":"post-101696","1":"post","2":"type-post","3":"status-publish","4":"format-standard","5":"has-post-thumbnail","7":"category-nac"},"_links":{"self":[{"href":"https:\/\/primicias2262.com\/noticias\/wp-json\/wp\/v2\/posts\/101696","targetHints":{"allow":["GET"]}}],"collection":[{"href":"https:\/\/primicias2262.com\/noticias\/wp-json\/wp\/v2\/posts"}],"about":[{"href":"https:\/\/primicias2262.com\/noticias\/wp-json\/wp\/v2\/types\/post"}],"author":[{"embeddable":true,"href":"https:\/\/primicias2262.com\/noticias\/wp-json\/wp\/v2\/users\/3"}],"replies":[{"embeddable":true,"href":"https:\/\/primicias2262.com\/noticias\/wp-json\/wp\/v2\/comments?post=101696"}],"version-history":[{"count":1,"href":"https:\/\/primicias2262.com\/noticias\/wp-json\/wp\/v2\/posts\/101696\/revisions"}],"predecessor-version":[{"id":101699,"href":"https:\/\/primicias2262.com\/noticias\/wp-json\/wp\/v2\/posts\/101696\/revisions\/101699"}],"wp:featuredmedia":[{"embeddable":true,"href":"https:\/\/primicias2262.com\/noticias\/wp-json\/wp\/v2\/media\/101698"}],"wp:attachment":[{"href":"https:\/\/primicias2262.com\/noticias\/wp-json\/wp\/v2\/media?parent=101696"}],"wp:term":[{"taxonomy":"category","embeddable":true,"href":"https:\/\/primicias2262.com\/noticias\/wp-json\/wp\/v2\/categories?post=101696"},{"taxonomy":"post_tag","embeddable":true,"href":"https:\/\/primicias2262.com\/noticias\/wp-json\/wp\/v2\/tags?post=101696"}],"curies":[{"name":"wp","href":"https:\/\/api.w.org\/{rel}","templated":true}]}}