{"id":101700,"date":"2023-07-08T20:19:05","date_gmt":"2023-07-08T20:19:05","guid":{"rendered":"https:\/\/primicias2262.com\/noticias\/?p=101700"},"modified":"2023-07-08T20:19:05","modified_gmt":"2023-07-08T20:19:05","slug":"fuerte-respaldo-de-kicillof-a-massa-tenemos-un-ministro-de-economia-que-va-a-ser-presidente","status":"publish","type":"post","link":"https:\/\/primicias2262.com\/noticias\/fuerte-respaldo-de-kicillof-a-massa-tenemos-un-ministro-de-economia-que-va-a-ser-presidente\/","title":{"rendered":"Fuerte respaldo de Kicillof a Massa: \u201cTenemos un ministro de Econom\u00eda que va a ser presidente\u00bb"},"content":{"rendered":"<p class=\"paragraph\" data-mrf-recirculation=\"Links inline\"><b>Axel Kicillof<\/b>, gobernador de la provincia de Buenos Aires, realiz\u00f3 un fuerte respaldo a\u00a0<b>Sergio Massa<\/b>, precandidato de Uni\u00f3n por la Patria a la presidencia de la Naci\u00f3n de cara a las PASO.<\/p>\n<p class=\"paragraph\" data-mrf-recirculation=\"Links inline\">\u00a0<b>\u201cTenemos un ministro de Econom\u00eda que va a ser presidente como yo soy gobernador\u201d<\/b>, indic\u00f3 el mandatario bonaerense en el marco del acto de lanzamiento de la candidatura de<b>\u00a0Julio Alak<\/b>\u00a0\u2014actual titular de la cartera de Justicia y Derechos Humanos bonaerense\u2014 como intendente de la ciudad de La Plata.<\/p>\n<p class=\"paragraph\" data-mrf-recirculation=\"Links inline\">\u201cCreo que somos todos conscientes los que estamos ac\u00e1 que en esta elecci\u00f3n<b>\u00a0no hay lugar para la duda\u00a0<\/b>ni hay lugar para la comodidad. Tenemos todos claro que esta elecci\u00f3n, como pocas, es tremendamente\u00a0<b>decisiva<\/b>.<\/p>\n<p class=\"paragraph\" data-mrf-recirculation=\"Links inline\">\u00abEn la elecci\u00f3n que gan\u00f3 la derecha all\u00e1 en el <b>2015\u00a0<\/b>con\u00a0<b>Macri\u00a0<\/b>como presidente y Vidal gobernadora, en esa ocasi\u00f3n, durante la campa\u00f1a que nos tocaba estar en el ministerio de Econom\u00eda, cuando dicen:\u00a0<b>\u2018Qu\u00e9 dif\u00edcil que un ministro de Econom\u00eda sea candidato\u2019<\/b>, para bajarle el precio a Massa. Sepan que tenemos hoy un ministro de Econom\u00eda que\u00a0<b>va a ser presidente, como yo soy gobernador<\/b>\u201d, enfatiz\u00f3 Kicillof durante su discurso.<\/p>\n<p class=\"paragraph\" data-mrf-recirculation=\"Links inline\">El gobernador de la provincia de Buenos Aires, vale recordar,<b>\u00a0<\/b>particip\u00f3 este s\u00e1bado del acto de presentaci\u00f3n de la lista de Uni\u00f3n por la Patria en la ciudad de La Plata. Se trat\u00f3 del lanzamiento del actual ministro de Justicia y Derechos Humanos bonaerense,\u00a0<b>Julio Alak<\/b>, como precandidato a intendente y de la directora del Instituto Cultural,<b>\u00a0Florencia Saintout<\/b>, que ir\u00e1 como senadora provincial.<\/p>\n<p class=\"paragraph\" data-mrf-recirculation=\"Links inline\">El acto comenz\u00f3 a las 14 horas en el camping de UPCN, ubicado en 89 y 143 de la ciudad platense. Y tal como estaba previsto en la previa del acto, Kicillof se encarg\u00f3 de realizar el discurso de cierre.<\/p>\n","protected":false},"excerpt":{"rendered":"<p>Axel Kicillof, gobernador de la provincia de Buenos Aires, realiz\u00f3 un fuerte respaldo a\u00a0Sergio Massa, precandidato de Uni\u00f3n por la Patria a la presidencia de la Naci\u00f3n de cara a las PASO. \u00a0\u201cTenemos un ministro de Econom\u00eda que va a ser presidente como yo soy gobernador\u201d, indic\u00f3 el mandatario bonaerense en el marco del acto [&hellip;]<\/p>\n","protected":false},"author":3,"featured_media":100415,"comment_status":"open","ping_status":"open","sticky":false,"template":"","format":"standard","meta":{"footnotes":""},"categories":[7],"tags":[],"class_list":{"0":"post-101700","1":"post","2":"type-post","3":"status-publish","4":"format-standard","5":"has-post-thumbnail","7":"category-nac"},"_links":{"self":[{"href":"https:\/\/primicias2262.com\/noticias\/wp-json\/wp\/v2\/posts\/101700","targetHints":{"allow":["GET"]}}],"collection":[{"href":"https:\/\/primicias2262.com\/noticias\/wp-json\/wp\/v2\/posts"}],"about":[{"href":"https:\/\/primicias2262.com\/noticias\/wp-json\/wp\/v2\/types\/post"}],"author":[{"embeddable":true,"href":"https:\/\/primicias2262.com\/noticias\/wp-json\/wp\/v2\/users\/3"}],"replies":[{"embeddable":true,"href":"https:\/\/primicias2262.com\/noticias\/wp-json\/wp\/v2\/comments?post=101700"}],"version-history":[{"count":1,"href":"https:\/\/primicias2262.com\/noticias\/wp-json\/wp\/v2\/posts\/101700\/revisions"}],"predecessor-version":[{"id":101701,"href":"https:\/\/primicias2262.com\/noticias\/wp-json\/wp\/v2\/posts\/101700\/revisions\/101701"}],"wp:featuredmedia":[{"embeddable":true,"href":"https:\/\/primicias2262.com\/noticias\/wp-json\/wp\/v2\/media\/100415"}],"wp:attachment":[{"href":"https:\/\/primicias2262.com\/noticias\/wp-json\/wp\/v2\/media?parent=101700"}],"wp:term":[{"taxonomy":"category","embeddable":true,"href":"https:\/\/primicias2262.com\/noticias\/wp-json\/wp\/v2\/categories?post=101700"},{"taxonomy":"post_tag","embeddable":true,"href":"https:\/\/primicias2262.com\/noticias\/wp-json\/wp\/v2\/tags?post=101700"}],"curies":[{"name":"wp","href":"https:\/\/api.w.org\/{rel}","templated":true}]}}