{"id":101702,"date":"2023-07-09T18:15:05","date_gmt":"2023-07-09T18:15:05","guid":{"rendered":"https:\/\/primicias2262.com\/noticias\/?p=101702"},"modified":"2023-07-10T14:53:29","modified_gmt":"2023-07-10T14:53:29","slug":"nueva-visita-de-la-oficina-movil-al-barrio-9-de-julio-y-pedido-de-seguridad-por-parte-de-los-vecinos","status":"publish","type":"post","link":"https:\/\/primicias2262.com\/noticias\/nueva-visita-de-la-oficina-movil-al-barrio-9-de-julio-y-pedido-de-seguridad-por-parte-de-los-vecinos\/","title":{"rendered":"Nueva visita de la Oficina M\u00f3vil al Barrio 9 de Julio y pedido de seguridad por parte de los vecinos"},"content":{"rendered":"<p><strong>En un nuevo operativo de la Oficina M\u00f3vil municipal, el intendente Arturo Rojas y su equipo llegaron hasta el Barrio 9 de Julio para atender cara a cara las demandas de los vecinos y las instituciones del sector, tanto en inmediaciones de la Plazoleta \u201cR\u00edo Iguaz\u00fa\u201d como en la Asociaci\u00f3n de Fomento.<\/strong><\/p>\n<p>Dicho barrio tuvo la particularidad de ser el primer punto de visita de la Oficina M\u00f3vil, cuando Rojas y su gabinete pusieron en funci\u00f3n el dispositivo itinerante por primera vez en febrero del a\u00f1o 2022, y al igual que en aquella cita, fueron varias las personas que se acercaron para plantear sus inquietudes.<\/p>\n<p>En este caso, los reclamos tuvieron que ver con adoptar m\u00e1s medidas de seguridad para un barrio de grandes dimensiones y con una barriada muy numerosa, y que tambi\u00e9n cuenta con un centro de jubilados, como por ejemplo modernizar la iluminaci\u00f3n con el reemplazo de las luminarias por el sistema Led y poder unirlo al proyecto de corredores seguros que contempla a la calle 106.<\/p>\n<p><a href=\"https:\/\/primicias2262.com\/noticias\/wp-content\/uploads\/2023\/07\/FOTO-Rojas-9-de-julio.jpg\"><img loading=\"lazy\" decoding=\"async\" class=\"aligncenter size-full wp-image-101707\" src=\"https:\/\/primicias2262.com\/noticias\/wp-content\/uploads\/2023\/07\/FOTO-Rojas-9-de-julio.jpg\" alt=\"\" width=\"1600\" height=\"1066\" srcset=\"https:\/\/primicias2262.com\/noticias\/wp-content\/uploads\/2023\/07\/FOTO-Rojas-9-de-julio.jpg 1600w, https:\/\/primicias2262.com\/noticias\/wp-content\/uploads\/2023\/07\/FOTO-Rojas-9-de-julio-300x200.jpg 300w, https:\/\/primicias2262.com\/noticias\/wp-content\/uploads\/2023\/07\/FOTO-Rojas-9-de-julio-1024x682.jpg 1024w, https:\/\/primicias2262.com\/noticias\/wp-content\/uploads\/2023\/07\/FOTO-Rojas-9-de-julio-768x512.jpg 768w, https:\/\/primicias2262.com\/noticias\/wp-content\/uploads\/2023\/07\/FOTO-Rojas-9-de-julio-1536x1023.jpg 1536w, https:\/\/primicias2262.com\/noticias\/wp-content\/uploads\/2023\/07\/FOTO-Rojas-9-de-julio-150x100.jpg 150w, https:\/\/primicias2262.com\/noticias\/wp-content\/uploads\/2023\/07\/FOTO-Rojas-9-de-julio-696x464.jpg 696w, https:\/\/primicias2262.com\/noticias\/wp-content\/uploads\/2023\/07\/FOTO-Rojas-9-de-julio-1068x712.jpg 1068w\" sizes=\"auto, (max-width: 1600px) 100vw, 1600px\" \/><\/a><\/p>\n<p>A prop\u00f3sito de la seguridad, el Intendente y su equipo acordaron otra reuni\u00f3n con vecinos del 9 de Julio pero en el Centro de Monitoreo, para que la gente del barrio pueda conocer la operatoria del sistema de c\u00e1maras y bot\u00f3n antip\u00e1nico.<\/p>\n<p>Asimismo, se registraron otro tipo de reclamos como mantenimiento de los espacios p\u00fablicos y juegos de la plazoleta o recuperaci\u00f3n de las calles de tierra, que en estas \u00e9pocas de clima adverso se dificulta el tr\u00e1nsito en ciertos sectores del barrio, entre dem\u00e1s cuestiones planteadas.<\/p>\n","protected":false},"excerpt":{"rendered":"<p>En un nuevo operativo de la Oficina M\u00f3vil municipal, el intendente Arturo Rojas y su equipo llegaron hasta el Barrio 9 de Julio para atender cara a cara las demandas de los vecinos y las instituciones del sector, tanto en inmediaciones de la Plazoleta \u201cR\u00edo Iguaz\u00fa\u201d como en la Asociaci\u00f3n de Fomento. Dicho barrio tuvo [&hellip;]<\/p>\n","protected":false},"author":3,"featured_media":101706,"comment_status":"open","ping_status":"open","sticky":false,"template":"","format":"standard","meta":{"footnotes":""},"categories":[3],"tags":[],"class_list":["post-101702","post","type-post","status-publish","format-standard","has-post-thumbnail","category-masnoticias"],"_links":{"self":[{"href":"https:\/\/primicias2262.com\/noticias\/wp-json\/wp\/v2\/posts\/101702","targetHints":{"allow":["GET"]}}],"collection":[{"href":"https:\/\/primicias2262.com\/noticias\/wp-json\/wp\/v2\/posts"}],"about":[{"href":"https:\/\/primicias2262.com\/noticias\/wp-json\/wp\/v2\/types\/post"}],"author":[{"embeddable":true,"href":"https:\/\/primicias2262.com\/noticias\/wp-json\/wp\/v2\/users\/3"}],"replies":[{"embeddable":true,"href":"https:\/\/primicias2262.com\/noticias\/wp-json\/wp\/v2\/comments?post=101702"}],"version-history":[{"count":2,"href":"https:\/\/primicias2262.com\/noticias\/wp-json\/wp\/v2\/posts\/101702\/revisions"}],"predecessor-version":[{"id":101738,"href":"https:\/\/primicias2262.com\/noticias\/wp-json\/wp\/v2\/posts\/101702\/revisions\/101738"}],"wp:featuredmedia":[{"embeddable":true,"href":"https:\/\/primicias2262.com\/noticias\/wp-json\/wp\/v2\/media\/101706"}],"wp:attachment":[{"href":"https:\/\/primicias2262.com\/noticias\/wp-json\/wp\/v2\/media?parent=101702"}],"wp:term":[{"taxonomy":"category","embeddable":true,"href":"https:\/\/primicias2262.com\/noticias\/wp-json\/wp\/v2\/categories?post=101702"},{"taxonomy":"post_tag","embeddable":true,"href":"https:\/\/primicias2262.com\/noticias\/wp-json\/wp\/v2\/tags?post=101702"}],"curies":[{"name":"wp","href":"https:\/\/api.w.org\/{rel}","templated":true}]}}