{"id":101703,"date":"2023-07-09T18:29:08","date_gmt":"2023-07-09T18:29:08","guid":{"rendered":"https:\/\/primicias2262.com\/noticias\/?p=101703"},"modified":"2023-07-10T16:19:43","modified_gmt":"2023-07-10T16:19:43","slug":"un-proyecto-de-la-escuela-no-503-participa-en-la-feria-de-ciencias","status":"publish","type":"post","link":"https:\/\/primicias2262.com\/noticias\/un-proyecto-de-la-escuela-no-503-participa-en-la-feria-de-ciencias\/","title":{"rendered":"Un proyecto de la Escuela N\u00ba 503 participa en la Feria de Ciencias"},"content":{"rendered":"<p><strong>El intendente Arturo Rojas visit\u00f3 la Escuela de Educaci\u00f3n Especial N\u00ba 503 de Quequ\u00e9n, con el objetivo de conocer un proyecto elaborado por el alumnado de la instituci\u00f3n que participa en la Feria de Ciencias, Tecnolog\u00eda y Arte y logr\u00f3 avanzar a la Instancia Regional, que se llevar\u00e1 a cabo en Tandil este martes 11 de julio.<\/strong><\/p>\n<p>Recibido por Karina Moreno, vicedirectora del establecimiento, el Jefe de la comuna pudo interiorizasre con respecto a los detalles de la propuesta \u201cLos gu\u00edas tur\u00edsticos\u201d, que se cre\u00f3 con la intenci\u00f3n de \u201cfomentar la autonom\u00eda de las y los j\u00f3venes al viajar en colectivo\u201d, seg\u00fan explicaron sus autores.<\/p>\n<p>Para aportar m\u00e1s detalles, la docente a cargo del proyecto puntualiz\u00f3 que, en el marco de un proceso de investigaci\u00f3n previa, los alumnos y las alumnas \u201cencontraron la aplicaci\u00f3n m\u00f3vil que les permite ver los recorridos, horarios y paradas m\u00e1s cercanas de los colectivos locales\u201d, as\u00ed como \u201clas indicaciones para trasladarse a diferentes lugares\u201d.<\/p>\n<p><a href=\"https:\/\/primicias2262.com\/noticias\/wp-content\/uploads\/2023\/07\/FOTO-Escuela-Especial-503-Proyecto-Feria-Ciencias-Guias-Turisticas-01.jpeg\"><img loading=\"lazy\" decoding=\"async\" class=\"aligncenter size-full wp-image-101705\" src=\"https:\/\/primicias2262.com\/noticias\/wp-content\/uploads\/2023\/07\/FOTO-Escuela-Especial-503-Proyecto-Feria-Ciencias-Guias-Turisticas-01.jpeg\" alt=\"\" width=\"1278\" height=\"853\" srcset=\"https:\/\/primicias2262.com\/noticias\/wp-content\/uploads\/2023\/07\/FOTO-Escuela-Especial-503-Proyecto-Feria-Ciencias-Guias-Turisticas-01.jpeg 1278w, https:\/\/primicias2262.com\/noticias\/wp-content\/uploads\/2023\/07\/FOTO-Escuela-Especial-503-Proyecto-Feria-Ciencias-Guias-Turisticas-01-300x200.jpeg 300w, https:\/\/primicias2262.com\/noticias\/wp-content\/uploads\/2023\/07\/FOTO-Escuela-Especial-503-Proyecto-Feria-Ciencias-Guias-Turisticas-01-1024x683.jpeg 1024w, https:\/\/primicias2262.com\/noticias\/wp-content\/uploads\/2023\/07\/FOTO-Escuela-Especial-503-Proyecto-Feria-Ciencias-Guias-Turisticas-01-768x513.jpeg 768w, https:\/\/primicias2262.com\/noticias\/wp-content\/uploads\/2023\/07\/FOTO-Escuela-Especial-503-Proyecto-Feria-Ciencias-Guias-Turisticas-01-150x100.jpeg 150w, https:\/\/primicias2262.com\/noticias\/wp-content\/uploads\/2023\/07\/FOTO-Escuela-Especial-503-Proyecto-Feria-Ciencias-Guias-Turisticas-01-696x465.jpeg 696w, https:\/\/primicias2262.com\/noticias\/wp-content\/uploads\/2023\/07\/FOTO-Escuela-Especial-503-Proyecto-Feria-Ciencias-Guias-Turisticas-01-1068x713.jpeg 1068w\" sizes=\"auto, (max-width: 1278px) 100vw, 1278px\" \/><\/a><\/p>\n<p>El mandatario local estuvo acompa\u00f1ado en la visita a la instituci\u00f3n por el secretario de Gobierno, Jorge Mart\u00ednez, y por el delegado de Quequ\u00e9n, Mario Wilgenhoff, con quienes escuch\u00f3 atentamente la exposici\u00f3n de los y las estudiantes que representar\u00e1n a Necochea a comienzos de la semana venidera.<\/p>\n","protected":false},"excerpt":{"rendered":"<p>El intendente Arturo Rojas visit\u00f3 la Escuela de Educaci\u00f3n Especial N\u00ba 503 de Quequ\u00e9n, con el objetivo de conocer un proyecto elaborado por el alumnado de la instituci\u00f3n que participa en la Feria de Ciencias, Tecnolog\u00eda y Arte y logr\u00f3 avanzar a la Instancia Regional, que se llevar\u00e1 a cabo en Tandil este martes 11 [&hellip;]<\/p>\n","protected":false},"author":3,"featured_media":101704,"comment_status":"open","ping_status":"open","sticky":false,"template":"","format":"standard","meta":{"footnotes":""},"categories":[3],"tags":[],"class_list":["post-101703","post","type-post","status-publish","format-standard","has-post-thumbnail","category-masnoticias"],"_links":{"self":[{"href":"https:\/\/primicias2262.com\/noticias\/wp-json\/wp\/v2\/posts\/101703","targetHints":{"allow":["GET"]}}],"collection":[{"href":"https:\/\/primicias2262.com\/noticias\/wp-json\/wp\/v2\/posts"}],"about":[{"href":"https:\/\/primicias2262.com\/noticias\/wp-json\/wp\/v2\/types\/post"}],"author":[{"embeddable":true,"href":"https:\/\/primicias2262.com\/noticias\/wp-json\/wp\/v2\/users\/3"}],"replies":[{"embeddable":true,"href":"https:\/\/primicias2262.com\/noticias\/wp-json\/wp\/v2\/comments?post=101703"}],"version-history":[{"count":2,"href":"https:\/\/primicias2262.com\/noticias\/wp-json\/wp\/v2\/posts\/101703\/revisions"}],"predecessor-version":[{"id":101744,"href":"https:\/\/primicias2262.com\/noticias\/wp-json\/wp\/v2\/posts\/101703\/revisions\/101744"}],"wp:featuredmedia":[{"embeddable":true,"href":"https:\/\/primicias2262.com\/noticias\/wp-json\/wp\/v2\/media\/101704"}],"wp:attachment":[{"href":"https:\/\/primicias2262.com\/noticias\/wp-json\/wp\/v2\/media?parent=101703"}],"wp:term":[{"taxonomy":"category","embeddable":true,"href":"https:\/\/primicias2262.com\/noticias\/wp-json\/wp\/v2\/categories?post=101703"},{"taxonomy":"post_tag","embeddable":true,"href":"https:\/\/primicias2262.com\/noticias\/wp-json\/wp\/v2\/tags?post=101703"}],"curies":[{"name":"wp","href":"https:\/\/api.w.org\/{rel}","templated":true}]}}