{"id":101709,"date":"2023-07-09T19:23:18","date_gmt":"2023-07-09T19:23:18","guid":{"rendered":"https:\/\/primicias2262.com\/noticias\/?p=101709"},"modified":"2023-07-09T11:40:03","modified_gmt":"2023-07-09T11:40:03","slug":"cuando-empiezan-las-vacaciones-de-invierno-en-las-provincias","status":"publish","type":"post","link":"https:\/\/primicias2262.com\/noticias\/cuando-empiezan-las-vacaciones-de-invierno-en-las-provincias\/","title":{"rendered":"\u00bfCu\u00e1ndo empiezan las vacaciones de invierno en las provincias?"},"content":{"rendered":"<p><strong>Los alumnos tendr\u00e1n dos semanas de descanso en julio, entre el lunes 17 y el viernes 28 en lo que respecta a Buenos Aires.<\/strong><\/p>\n<p>Ya se transita la segunda semana de julio y, como cada a\u00f1o, los alumnos y quienes integran las comunidades educativas, ponen el ojo en el receso invernal. La gran pregunta es: \u00bfcu\u00e1ndo empiezan las vacaciones de invierno?<\/p>\n<p>El descanso de invierno, as\u00ed como el resto del calendario escolar, se define en cada inicio de a\u00f1o. Por lo cual, desde marzo se confirm\u00f3 que ser\u00e1n las dos \u00faltimas semanas de julio, en La Plata y la provincia de Buenos Aires. No ser\u00e1 lo mismo en todas las provincias.<\/p>\n<p>En C\u00f3rdoba, Salta y Neuqu\u00e9n el receso iniciar\u00e1 la segunda semana de julio mientras que en Chubut, Buenos Aires, Santa Fe y dem\u00e1s ser\u00e1 desde la tercera semana de julio.<\/p>\n<p><strong>De esta manera, desde el 17 al 23 toda la comunidad educativa del pa\u00eds estar\u00e1 de vacaciones de invierno, ya sea transcurriendo la \u00faltima semana -como en C\u00f3rdoba- o iniciando la primera -como en Buenos Aires-. <\/strong><\/p>\n<p>El a\u00f1o escolar, en la provincia bonaerense, finalizar\u00e1 el 26 de diciembre, seg\u00fan confirm\u00f3 el Ministerio de Educaci\u00f3n.<\/p>\n<p>En tanto, en la Ciudad de Buenos Aires se cerrar\u00e1 el ciclo el 22 de diciembre.<\/p>\n<p>Las vacaciones de invierno comenzar\u00e1n el 17 de julio en la provincia de Buenos Aires, la Ciudad de Buenos Aires y por ende el partido de Necochea finalizar\u00e1n el viernes 28 de julio.<\/p>\n","protected":false},"excerpt":{"rendered":"<p>Los alumnos tendr\u00e1n dos semanas de descanso en julio, entre el lunes 17 y el viernes 28 en lo que respecta a Buenos Aires. Ya se transita la segunda semana de julio y, como cada a\u00f1o, los alumnos y quienes integran las comunidades educativas, ponen el ojo en el receso invernal. La gran pregunta es: [&hellip;]<\/p>\n","protected":false},"author":3,"featured_media":101711,"comment_status":"open","ping_status":"open","sticky":false,"template":"","format":"standard","meta":{"footnotes":""},"categories":[7],"tags":[],"class_list":{"0":"post-101709","1":"post","2":"type-post","3":"status-publish","4":"format-standard","5":"has-post-thumbnail","7":"category-nac"},"_links":{"self":[{"href":"https:\/\/primicias2262.com\/noticias\/wp-json\/wp\/v2\/posts\/101709","targetHints":{"allow":["GET"]}}],"collection":[{"href":"https:\/\/primicias2262.com\/noticias\/wp-json\/wp\/v2\/posts"}],"about":[{"href":"https:\/\/primicias2262.com\/noticias\/wp-json\/wp\/v2\/types\/post"}],"author":[{"embeddable":true,"href":"https:\/\/primicias2262.com\/noticias\/wp-json\/wp\/v2\/users\/3"}],"replies":[{"embeddable":true,"href":"https:\/\/primicias2262.com\/noticias\/wp-json\/wp\/v2\/comments?post=101709"}],"version-history":[{"count":1,"href":"https:\/\/primicias2262.com\/noticias\/wp-json\/wp\/v2\/posts\/101709\/revisions"}],"predecessor-version":[{"id":101712,"href":"https:\/\/primicias2262.com\/noticias\/wp-json\/wp\/v2\/posts\/101709\/revisions\/101712"}],"wp:featuredmedia":[{"embeddable":true,"href":"https:\/\/primicias2262.com\/noticias\/wp-json\/wp\/v2\/media\/101711"}],"wp:attachment":[{"href":"https:\/\/primicias2262.com\/noticias\/wp-json\/wp\/v2\/media?parent=101709"}],"wp:term":[{"taxonomy":"category","embeddable":true,"href":"https:\/\/primicias2262.com\/noticias\/wp-json\/wp\/v2\/categories?post=101709"},{"taxonomy":"post_tag","embeddable":true,"href":"https:\/\/primicias2262.com\/noticias\/wp-json\/wp\/v2\/tags?post=101709"}],"curies":[{"name":"wp","href":"https:\/\/api.w.org\/{rel}","templated":true}]}}