{"id":101713,"date":"2023-07-10T14:20:51","date_gmt":"2023-07-10T14:20:51","guid":{"rendered":"https:\/\/primicias2262.com\/noticias\/?p=101713"},"modified":"2023-07-10T14:20:51","modified_gmt":"2023-07-10T14:20:51","slug":"aumento-la-nafta-las-empresas-adelantaron-la-suba-acordada-con-el-gobierno","status":"publish","type":"post","link":"https:\/\/primicias2262.com\/noticias\/aumento-la-nafta-las-empresas-adelantaron-la-suba-acordada-con-el-gobierno\/","title":{"rendered":"Aument\u00f3 la nafta: las empresas adelantaron la suba acordada con el Gobierno"},"content":{"rendered":"<p><b>El acuerdo del Gobierno con las empresas petroleras para habilitarles un incremento\u00a0 mensual en los combustibles del 4,5 por ciento se adelant\u00f3 una semana<\/b>, por decisi\u00f3n de las firmas privadas, y el impacto en los precios se pudo ver desde este s\u00e1bado en los precios para llenar el tanque.\u00a0El incremento no fue comunicado por las petroleras.<\/p>\n<p>Las petroleras ven\u00edan sosteniendo<b> la costumbre de realizar el aumento acordado con las secretar\u00edas de Energ\u00eda y Comercio el 15 de cada mes,<\/b> pero quienes fueron este fin de semana a cargar combustible no pudieron adelantarse.<\/p>\n<p>En abril pasado, la secretaria de Energ\u00eda, Flavia Royon, y el secretario de Comercio, Mat\u00edas Tombolini, renovaron <b>el acuerdo de Precios Cuidados con las empresas petroleras &#8211;YPF, PAE (Axion), Ra\u00edzen (Shell) y Trafigura (Puma).<\/b>&#8212; con una pauta del 4 por ciento mensual en los precios de la nafta y el gasoil desde el 15 de abril hasta el 15 de agosto.<\/p>\n<p>\u00abIndudablemente que nos tom\u00f3 a todos por sorpresa. <b>Este viernes a la noche nos lleg\u00f3 una notificaci\u00f3n con que ven\u00eda un aumento para todos los combustibles de un 4,5% y a nivel pa\u00eds, y para todas las marcas\u00bb<\/b>, indic\u00f3 el representante de la C\u00e1mara de Estaciones de Servicio del Nordeste del pa\u00eds, Faruk Jaraf, en di\u00e1logo con la agencia NA.<\/p>\n<p>En el marco de ese acuerdo, <b>la \u00faltima suba se hab\u00eda registrado el 17 de junio, cuando YPF incremento los precios de nafta y gasoil un 4,5 por ciento<\/b> promedio. Ese \u00faltimo aumento marc\u00f3 una diferencia entre las empresas y el Ministerio de Econom\u00eda, ya que buscaban llevar el incremento a un 6 por ciento, algo que fue <a href=\"https:\/\/www.pagina12.com.ar\/559157-pelea-por-el-aumento-de-las-naftas\">vetado por la cartera que conduce Sergio Massa<\/a>.<\/p>\n<p><b>La explicaci\u00f3n que dan las empresas de refiner\u00eda para pedir mayores aumentos es que el impacto de la sequ\u00eda cambi\u00f3 el escenario macroecon\u00f3mico del pa\u00eds.<\/b> La inflaci\u00f3n mensual lleg\u00f3 a un pico de 8,4 por ciento en abril y la tasa de depreciaci\u00f3n del tipo de cambio corre desde enero por encima del 6 por ciento mensual. En el acumulado de los primeros cinco meses de 2023, los precios de las naftas y gasoil aumentaron un 23 por ciento frente a una devaluaci\u00f3n del 40 por ciento.<\/p>\n<p><b>El nuevo incremento registrado en las estaciones de servicio es el n\u00famero 31 en lo que va de la gesti\u00f3n de Alberto Fern\u00e1ndez.<\/b> La petrolera de mayor\u00eda estatal siempre encabez\u00f3 el aumento con la idea de fijar un valor de referencia en el mercado y limitar a las otras empresas a que los precios no puedan dispararse.<\/p>\n","protected":false},"excerpt":{"rendered":"<p>El acuerdo del Gobierno con las empresas petroleras para habilitarles un incremento\u00a0 mensual en los combustibles del 4,5 por ciento se adelant\u00f3 una semana, por decisi\u00f3n de las firmas privadas, y el impacto en los precios se pudo ver desde este s\u00e1bado en los precios para llenar el tanque.\u00a0El incremento no fue comunicado por las [&hellip;]<\/p>\n","protected":false},"author":3,"featured_media":101721,"comment_status":"open","ping_status":"open","sticky":false,"template":"","format":"standard","meta":{"footnotes":""},"categories":[7],"tags":[],"class_list":{"0":"post-101713","1":"post","2":"type-post","3":"status-publish","4":"format-standard","5":"has-post-thumbnail","7":"category-nac"},"_links":{"self":[{"href":"https:\/\/primicias2262.com\/noticias\/wp-json\/wp\/v2\/posts\/101713","targetHints":{"allow":["GET"]}}],"collection":[{"href":"https:\/\/primicias2262.com\/noticias\/wp-json\/wp\/v2\/posts"}],"about":[{"href":"https:\/\/primicias2262.com\/noticias\/wp-json\/wp\/v2\/types\/post"}],"author":[{"embeddable":true,"href":"https:\/\/primicias2262.com\/noticias\/wp-json\/wp\/v2\/users\/3"}],"replies":[{"embeddable":true,"href":"https:\/\/primicias2262.com\/noticias\/wp-json\/wp\/v2\/comments?post=101713"}],"version-history":[{"count":1,"href":"https:\/\/primicias2262.com\/noticias\/wp-json\/wp\/v2\/posts\/101713\/revisions"}],"predecessor-version":[{"id":101722,"href":"https:\/\/primicias2262.com\/noticias\/wp-json\/wp\/v2\/posts\/101713\/revisions\/101722"}],"wp:featuredmedia":[{"embeddable":true,"href":"https:\/\/primicias2262.com\/noticias\/wp-json\/wp\/v2\/media\/101721"}],"wp:attachment":[{"href":"https:\/\/primicias2262.com\/noticias\/wp-json\/wp\/v2\/media?parent=101713"}],"wp:term":[{"taxonomy":"category","embeddable":true,"href":"https:\/\/primicias2262.com\/noticias\/wp-json\/wp\/v2\/categories?post=101713"},{"taxonomy":"post_tag","embeddable":true,"href":"https:\/\/primicias2262.com\/noticias\/wp-json\/wp\/v2\/tags?post=101713"}],"curies":[{"name":"wp","href":"https:\/\/api.w.org\/{rel}","templated":true}]}}