{"id":101723,"date":"2023-07-10T14:26:12","date_gmt":"2023-07-10T14:26:12","guid":{"rendered":"https:\/\/primicias2262.com\/noticias\/?p=101723"},"modified":"2023-07-10T16:27:37","modified_gmt":"2023-07-10T16:27:37","slug":"el-dia-de-la-independencia-se-festejo-con-una-multitud-en-el-centro-vasco-al-ritmo-del-folclore","status":"publish","type":"post","link":"https:\/\/primicias2262.com\/noticias\/el-dia-de-la-independencia-se-festejo-con-una-multitud-en-el-centro-vasco-al-ritmo-del-folclore\/","title":{"rendered":"El D\u00eda de la Independencia se festej\u00f3 con una multitud en el Centro Vasco al ritmo del folclore"},"content":{"rendered":"<p><strong>En el marco del 1\u00ba Encuentro Regional de Pe\u00f1as Folcl\u00f3ricas y con un sal\u00f3n de fiestas del Centro Vasco totalmente colmado por agrupaciones tradicionalistas y familias, se celebr\u00f3 el 207\u00ba Aniversario de la Independencia Argentina, cuyo acto protocolar fue encabezado por el intendente Arturo Rojas.<\/strong><\/p>\n<p>En un clima festivo, el jefe comunal no solo resalt\u00f3 el trabajo de las agrupaciones por mantener viva la cultura nacional, las ra\u00edces musicales y las tradiciones, sino que anunci\u00f3 que una de las parcelas que componen la Plaza central \u201cDardo Rocha\u201d llevar\u00e1 el nombre \u201cPlazoleta del Folclore\u201d.<\/p>\n<p><a href=\"https:\/\/primicias2262.com\/noticias\/wp-content\/uploads\/2023\/07\/10-07-FOTO-Rojas-9-de-julio5.jpeg\"><img loading=\"lazy\" decoding=\"async\" class=\"aligncenter size-full wp-image-101720\" src=\"https:\/\/primicias2262.com\/noticias\/wp-content\/uploads\/2023\/07\/10-07-FOTO-Rojas-9-de-julio5.jpeg\" alt=\"\" width=\"1600\" height=\"1066\" srcset=\"https:\/\/primicias2262.com\/noticias\/wp-content\/uploads\/2023\/07\/10-07-FOTO-Rojas-9-de-julio5.jpeg 1600w, https:\/\/primicias2262.com\/noticias\/wp-content\/uploads\/2023\/07\/10-07-FOTO-Rojas-9-de-julio5-300x200.jpeg 300w, https:\/\/primicias2262.com\/noticias\/wp-content\/uploads\/2023\/07\/10-07-FOTO-Rojas-9-de-julio5-1024x682.jpeg 1024w, https:\/\/primicias2262.com\/noticias\/wp-content\/uploads\/2023\/07\/10-07-FOTO-Rojas-9-de-julio5-768x512.jpeg 768w, https:\/\/primicias2262.com\/noticias\/wp-content\/uploads\/2023\/07\/10-07-FOTO-Rojas-9-de-julio5-1536x1023.jpeg 1536w, https:\/\/primicias2262.com\/noticias\/wp-content\/uploads\/2023\/07\/10-07-FOTO-Rojas-9-de-julio5-150x100.jpeg 150w, https:\/\/primicias2262.com\/noticias\/wp-content\/uploads\/2023\/07\/10-07-FOTO-Rojas-9-de-julio5-696x464.jpeg 696w, https:\/\/primicias2262.com\/noticias\/wp-content\/uploads\/2023\/07\/10-07-FOTO-Rojas-9-de-julio5-1068x712.jpeg 1068w\" sizes=\"auto, (max-width: 1600px) 100vw, 1600px\" \/><\/a>En primer t\u00e9rmino, Rojas agradeci\u00f3 efusivamente el trabajo incansable de su equipo junto a las agrupaciones folcl\u00f3ricas \u201cpara que pudi\u00e9ramos disfrutar de este d\u00eda patrio en familia con los vecinos de Necochea, Quequ\u00e9n el distrito y localidades vecinas que han venido a participar\u201d, y a pesar de las grandes dimensiones del Centro Vasco, felicit\u00f3 a las pe\u00f1as porque realmente \u201cel lugar ha quedado chico y me ped\u00edan que se repita, y seguramente esto se repita a\u00f1o a a\u00f1o porque realmente ha superado las expectativas que ten\u00edamos para disfrutar esta fecha patria\u201d.<\/p>\n<p>A prop\u00f3sito de lo emblem\u00e1tico del 9 de Julio, el Intendente agradeci\u00f3 tambi\u00e9n a los presentes \u201cpor mantener vivas nuestras tradiciones, nuestra m\u00fasica, nuestros bailes y nuestras costumbres, el 9 de julio es muy importante para nuestra querida patria argentina, nos toca recordar a aquellos patriotas que lucharon incansablemente para forjar los cimientos de nuestro pa\u00eds, lograr romper esos lazos que nos ten\u00edan atados y forjar nuestra independencia, nuestra justicia y nuestra libertad\u201d.<\/p>\n<div id='gallery-1' class='gallery galleryid-101723 gallery-columns-2 gallery-size-medium'><figure class='gallery-item'>\n\t\t\t<div class='gallery-icon landscape'>\n\t\t\t\t<a href='https:\/\/primicias2262.com\/noticias\/aumento-la-nafta-las-empresas-adelantaron-la-suba-acordada-con-el-gobierno\/10-07-foto-encuentro-penas\/'><img loading=\"lazy\" decoding=\"async\" width=\"300\" height=\"200\" src=\"https:\/\/primicias2262.com\/noticias\/wp-content\/uploads\/2023\/07\/10-07-FOTO-Encuentro-penas-300x200.jpeg\" class=\"attachment-medium size-medium\" alt=\"\" srcset=\"https:\/\/primicias2262.com\/noticias\/wp-content\/uploads\/2023\/07\/10-07-FOTO-Encuentro-penas-300x200.jpeg 300w, https:\/\/primicias2262.com\/noticias\/wp-content\/uploads\/2023\/07\/10-07-FOTO-Encuentro-penas-1024x682.jpeg 1024w, https:\/\/primicias2262.com\/noticias\/wp-content\/uploads\/2023\/07\/10-07-FOTO-Encuentro-penas-768x512.jpeg 768w, https:\/\/primicias2262.com\/noticias\/wp-content\/uploads\/2023\/07\/10-07-FOTO-Encuentro-penas-1536x1023.jpeg 1536w, https:\/\/primicias2262.com\/noticias\/wp-content\/uploads\/2023\/07\/10-07-FOTO-Encuentro-penas-150x100.jpeg 150w, https:\/\/primicias2262.com\/noticias\/wp-content\/uploads\/2023\/07\/10-07-FOTO-Encuentro-penas-696x464.jpeg 696w, https:\/\/primicias2262.com\/noticias\/wp-content\/uploads\/2023\/07\/10-07-FOTO-Encuentro-penas-1068x712.jpeg 1068w, https:\/\/primicias2262.com\/noticias\/wp-content\/uploads\/2023\/07\/10-07-FOTO-Encuentro-penas.jpeg 1600w\" sizes=\"auto, (max-width: 300px) 100vw, 300px\" \/><\/a>\n\t\t\t<\/div><\/figure><figure class='gallery-item'>\n\t\t\t<div class='gallery-icon landscape'>\n\t\t\t\t<a href='https:\/\/primicias2262.com\/noticias\/aumento-la-nafta-las-empresas-adelantaron-la-suba-acordada-con-el-gobierno\/10-07-foto-encuentro-penas4\/'><img loading=\"lazy\" decoding=\"async\" width=\"300\" height=\"200\" src=\"https:\/\/primicias2262.com\/noticias\/wp-content\/uploads\/2023\/07\/10-07-FOTO-Encuentro-penas4-300x200.jpg\" class=\"attachment-medium size-medium\" alt=\"\" srcset=\"https:\/\/primicias2262.com\/noticias\/wp-content\/uploads\/2023\/07\/10-07-FOTO-Encuentro-penas4-300x200.jpg 300w, https:\/\/primicias2262.com\/noticias\/wp-content\/uploads\/2023\/07\/10-07-FOTO-Encuentro-penas4-1024x682.jpg 1024w, https:\/\/primicias2262.com\/noticias\/wp-content\/uploads\/2023\/07\/10-07-FOTO-Encuentro-penas4-768x512.jpg 768w, https:\/\/primicias2262.com\/noticias\/wp-content\/uploads\/2023\/07\/10-07-FOTO-Encuentro-penas4-1536x1023.jpg 1536w, https:\/\/primicias2262.com\/noticias\/wp-content\/uploads\/2023\/07\/10-07-FOTO-Encuentro-penas4-150x100.jpg 150w, https:\/\/primicias2262.com\/noticias\/wp-content\/uploads\/2023\/07\/10-07-FOTO-Encuentro-penas4-696x464.jpg 696w, https:\/\/primicias2262.com\/noticias\/wp-content\/uploads\/2023\/07\/10-07-FOTO-Encuentro-penas4-1068x712.jpg 1068w, https:\/\/primicias2262.com\/noticias\/wp-content\/uploads\/2023\/07\/10-07-FOTO-Encuentro-penas4.jpg 1600w\" sizes=\"auto, (max-width: 300px) 100vw, 300px\" \/><\/a>\n\t\t\t<\/div><\/figure>\n\t\t<\/div>\n\n<p>Insisti\u00f3 a continuaci\u00f3n que \u201cson ustedes, las pe\u00f1as folcl\u00f3ricas, las que representan mejor que nadie a nuestra comunidad, manteniendo vivos los valores, nuestra cultura, nuestras ra\u00edces que han perdurado durante tanto tiempo y es nuestra obligaci\u00f3n como ciudadanos seguir trabajando en conjunto y hacer una unidad m\u00e1s pr\u00f3spera, que se respeten nuestros valores y principios y vivir en una comunidad con m\u00e1s igualdad de oportunidades y en una sociedad que mire al pr\u00f3jimo de manera solidaria\u201d.<\/p>\n<p>En esa l\u00ednea, fue que Rojas record\u00f3 y posteriormente anunci\u00f3: \u201cHay un proyecto que tienen varias de las pe\u00f1as folcl\u00f3ricas en un lugar emblem\u00e1tico en el bulevar de Av. 58 entre 59 y 57, donde hubo una placa que durante mucho tiempo desapareci\u00f3 y fue nuestro gobierno el que la reflot\u00f3, y lleva el nombre de la primera pe\u00f1a folcl\u00f3rica de nuestro distrito\u2026 hay un proyecto para poder consolidar ese espacio y nuestra identidad, y que se llame la Plazoleta del Folclore, as\u00ed que vamos a trabajar en conjunto para hacerlo realidad con cada uno de ustedes\u201d.<\/p>\n<p><a href=\"https:\/\/primicias2262.com\/noticias\/wp-content\/uploads\/2023\/07\/10-07-FOTO-Rojas-9-de-julio4.jpeg\"><img loading=\"lazy\" decoding=\"async\" class=\"aligncenter size-full wp-image-101719\" src=\"https:\/\/primicias2262.com\/noticias\/wp-content\/uploads\/2023\/07\/10-07-FOTO-Rojas-9-de-julio4.jpeg\" alt=\"\" width=\"1600\" height=\"1066\" srcset=\"https:\/\/primicias2262.com\/noticias\/wp-content\/uploads\/2023\/07\/10-07-FOTO-Rojas-9-de-julio4.jpeg 1600w, https:\/\/primicias2262.com\/noticias\/wp-content\/uploads\/2023\/07\/10-07-FOTO-Rojas-9-de-julio4-300x200.jpeg 300w, https:\/\/primicias2262.com\/noticias\/wp-content\/uploads\/2023\/07\/10-07-FOTO-Rojas-9-de-julio4-1024x682.jpeg 1024w, https:\/\/primicias2262.com\/noticias\/wp-content\/uploads\/2023\/07\/10-07-FOTO-Rojas-9-de-julio4-768x512.jpeg 768w, https:\/\/primicias2262.com\/noticias\/wp-content\/uploads\/2023\/07\/10-07-FOTO-Rojas-9-de-julio4-1536x1023.jpeg 1536w, https:\/\/primicias2262.com\/noticias\/wp-content\/uploads\/2023\/07\/10-07-FOTO-Rojas-9-de-julio4-150x100.jpeg 150w, https:\/\/primicias2262.com\/noticias\/wp-content\/uploads\/2023\/07\/10-07-FOTO-Rojas-9-de-julio4-696x464.jpeg 696w, https:\/\/primicias2262.com\/noticias\/wp-content\/uploads\/2023\/07\/10-07-FOTO-Rojas-9-de-julio4-1068x712.jpeg 1068w\" sizes=\"auto, (max-width: 1600px) 100vw, 1600px\" \/><\/a>Por supuesto que el anuncio fue tomado con mucha efusividad por parte de la familia folcl\u00f3rica del distrito y para culminar, el m\u00e1ximo mandatario distrital inst\u00f3 a celebrar en este D\u00eda de la Independencia \u201cpara seguir trabajando juntos, para mejorar y respetar esta diversidad que es tan importante, hoy m\u00e1s que nunca la diversidad cultural es la que nos fortalece, y en su respeto es la que nos impulsa a enfrentar los desaf\u00edos que nos tocan d\u00eda a d\u00eda y los que vendr\u00e1n\u201d.<\/p>\n<div id='gallery-2' class='gallery galleryid-101723 gallery-columns-2 gallery-size-medium'><figure class='gallery-item'>\n\t\t\t<div class='gallery-icon landscape'>\n\t\t\t\t<a href='https:\/\/primicias2262.com\/noticias\/aumento-la-nafta-las-empresas-adelantaron-la-suba-acordada-con-el-gobierno\/10-07-foto-rojas-9-de-julio2\/'><img loading=\"lazy\" decoding=\"async\" width=\"300\" height=\"200\" src=\"https:\/\/primicias2262.com\/noticias\/wp-content\/uploads\/2023\/07\/10-07-FOTO-Rojas-9-de-julio2-300x200.jpeg\" class=\"attachment-medium size-medium\" alt=\"\" srcset=\"https:\/\/primicias2262.com\/noticias\/wp-content\/uploads\/2023\/07\/10-07-FOTO-Rojas-9-de-julio2-300x200.jpeg 300w, https:\/\/primicias2262.com\/noticias\/wp-content\/uploads\/2023\/07\/10-07-FOTO-Rojas-9-de-julio2-1024x682.jpeg 1024w, https:\/\/primicias2262.com\/noticias\/wp-content\/uploads\/2023\/07\/10-07-FOTO-Rojas-9-de-julio2-768x512.jpeg 768w, https:\/\/primicias2262.com\/noticias\/wp-content\/uploads\/2023\/07\/10-07-FOTO-Rojas-9-de-julio2-1536x1023.jpeg 1536w, https:\/\/primicias2262.com\/noticias\/wp-content\/uploads\/2023\/07\/10-07-FOTO-Rojas-9-de-julio2-150x100.jpeg 150w, https:\/\/primicias2262.com\/noticias\/wp-content\/uploads\/2023\/07\/10-07-FOTO-Rojas-9-de-julio2-696x464.jpeg 696w, https:\/\/primicias2262.com\/noticias\/wp-content\/uploads\/2023\/07\/10-07-FOTO-Rojas-9-de-julio2-1068x712.jpeg 1068w, https:\/\/primicias2262.com\/noticias\/wp-content\/uploads\/2023\/07\/10-07-FOTO-Rojas-9-de-julio2.jpeg 1600w\" sizes=\"auto, (max-width: 300px) 100vw, 300px\" \/><\/a>\n\t\t\t<\/div><\/figure><figure class='gallery-item'>\n\t\t\t<div class='gallery-icon landscape'>\n\t\t\t\t<a href='https:\/\/primicias2262.com\/noticias\/aumento-la-nafta-las-empresas-adelantaron-la-suba-acordada-con-el-gobierno\/10-07-foto-rojas-9-de-julio\/'><img loading=\"lazy\" decoding=\"async\" width=\"300\" height=\"200\" src=\"https:\/\/primicias2262.com\/noticias\/wp-content\/uploads\/2023\/07\/10-07-FOTO-Rojas-9-de-julio-300x200.jpeg\" class=\"attachment-medium size-medium\" alt=\"\" srcset=\"https:\/\/primicias2262.com\/noticias\/wp-content\/uploads\/2023\/07\/10-07-FOTO-Rojas-9-de-julio-300x200.jpeg 300w, https:\/\/primicias2262.com\/noticias\/wp-content\/uploads\/2023\/07\/10-07-FOTO-Rojas-9-de-julio-1024x682.jpeg 1024w, https:\/\/primicias2262.com\/noticias\/wp-content\/uploads\/2023\/07\/10-07-FOTO-Rojas-9-de-julio-768x512.jpeg 768w, https:\/\/primicias2262.com\/noticias\/wp-content\/uploads\/2023\/07\/10-07-FOTO-Rojas-9-de-julio-1536x1023.jpeg 1536w, https:\/\/primicias2262.com\/noticias\/wp-content\/uploads\/2023\/07\/10-07-FOTO-Rojas-9-de-julio-150x100.jpeg 150w, https:\/\/primicias2262.com\/noticias\/wp-content\/uploads\/2023\/07\/10-07-FOTO-Rojas-9-de-julio-696x464.jpeg 696w, https:\/\/primicias2262.com\/noticias\/wp-content\/uploads\/2023\/07\/10-07-FOTO-Rojas-9-de-julio-1068x712.jpeg 1068w, https:\/\/primicias2262.com\/noticias\/wp-content\/uploads\/2023\/07\/10-07-FOTO-Rojas-9-de-julio.jpeg 1600w\" sizes=\"auto, (max-width: 300px) 100vw, 300px\" \/><\/a>\n\t\t\t<\/div><\/figure>\n\t\t<\/div>\n\n","protected":false},"excerpt":{"rendered":"<p>En el marco del 1\u00ba Encuentro Regional de Pe\u00f1as Folcl\u00f3ricas y con un sal\u00f3n de fiestas del Centro Vasco totalmente colmado por agrupaciones tradicionalistas y familias, se celebr\u00f3 el 207\u00ba Aniversario de la Independencia Argentina, cuyo acto protocolar fue encabezado por el intendente Arturo Rojas. En un clima festivo, el jefe comunal no solo resalt\u00f3 [&hellip;]<\/p>\n","protected":false},"author":3,"featured_media":101715,"comment_status":"open","ping_status":"open","sticky":false,"template":"","format":"standard","meta":{"footnotes":""},"categories":[3],"tags":[],"class_list":["post-101723","post","type-post","status-publish","format-standard","has-post-thumbnail","category-masnoticias"],"_links":{"self":[{"href":"https:\/\/primicias2262.com\/noticias\/wp-json\/wp\/v2\/posts\/101723","targetHints":{"allow":["GET"]}}],"collection":[{"href":"https:\/\/primicias2262.com\/noticias\/wp-json\/wp\/v2\/posts"}],"about":[{"href":"https:\/\/primicias2262.com\/noticias\/wp-json\/wp\/v2\/types\/post"}],"author":[{"embeddable":true,"href":"https:\/\/primicias2262.com\/noticias\/wp-json\/wp\/v2\/users\/3"}],"replies":[{"embeddable":true,"href":"https:\/\/primicias2262.com\/noticias\/wp-json\/wp\/v2\/comments?post=101723"}],"version-history":[{"count":2,"href":"https:\/\/primicias2262.com\/noticias\/wp-json\/wp\/v2\/posts\/101723\/revisions"}],"predecessor-version":[{"id":101750,"href":"https:\/\/primicias2262.com\/noticias\/wp-json\/wp\/v2\/posts\/101723\/revisions\/101750"}],"wp:featuredmedia":[{"embeddable":true,"href":"https:\/\/primicias2262.com\/noticias\/wp-json\/wp\/v2\/media\/101715"}],"wp:attachment":[{"href":"https:\/\/primicias2262.com\/noticias\/wp-json\/wp\/v2\/media?parent=101723"}],"wp:term":[{"taxonomy":"category","embeddable":true,"href":"https:\/\/primicias2262.com\/noticias\/wp-json\/wp\/v2\/categories?post=101723"},{"taxonomy":"post_tag","embeddable":true,"href":"https:\/\/primicias2262.com\/noticias\/wp-json\/wp\/v2\/tags?post=101723"}],"curies":[{"name":"wp","href":"https:\/\/api.w.org\/{rel}","templated":true}]}}