{"id":101732,"date":"2023-07-10T14:44:40","date_gmt":"2023-07-10T14:44:40","guid":{"rendered":"https:\/\/primicias2262.com\/noticias\/?p=101732"},"modified":"2023-07-10T14:44:40","modified_gmt":"2023-07-10T14:44:40","slug":"preferencias-presidenciales-de-los-bonaerenses","status":"publish","type":"post","link":"https:\/\/primicias2262.com\/noticias\/preferencias-presidenciales-de-los-bonaerenses\/","title":{"rendered":"Preferencias presidenciales de los bonaerenses"},"content":{"rendered":"<p><strong>Uni\u00f3n por la Patria encabeza las preferencias electorales de los bonaerenses en la categor\u00eda presidente, de acuerdo al \u00faltimo sondeo de la encuestadora \u201cZuban C\u00f3rdoba\u201d, que dirigen los polit\u00f3logos Gustavo C\u00f3rdoba y Paola Zuban. Adem\u00e1s, en t\u00e9rminos individuales, el candidato m\u00e1s votado si las elecciones fueran hoy, siempre de acuerdo a ese sondeo, ser\u00eda Sergio Massa.<\/strong><\/p>\n<p>En el territorio bonaerense, que representa alrededor del 37 por ciento del padr\u00f3n nacional, la f\u00f3rmula Massa-Rossi suma 32,2, seguida por la que comparten Javier Milei y la negacionista Victoria Vilarroel con 19,2. Muy cerca de ellos se ubican Horacio Rodr\u00edguez Larreta-Gerardo Morales con 19, m\u00e1s atr\u00e1s Patricia Bullrich- Luis Petri con 15,2 y Juan Grabois- Paula Abal Medina 3,4.<\/p>\n<p>Las f\u00f3rmulas de la izquierda suman 2 puntos y el peronismo disidente de Schiaretti-Randazzo apenas 0,7. Quedan 6,5 puntos de indecisos, un n\u00famero sensiblemente m\u00e1s bajo que en estudios anteriores. Y apenas se reconoce un punto de voto en blanco.<\/p>\n<p>La encuesta fue realizada durante la primera semana de este mes, sobre una muestra de 700 casos respetando cuotas geogr\u00e1ficas, de g\u00e9nero y edad y con m\u00e9todo de recolecci\u00f3n presencial (el menos habitual \u00faltimamente, por ser m\u00e1s caro, pero tambi\u00e9n m\u00e1s fiable), con un margen de error de 3,7 puntos.<\/p>\n<p>El estudio tambi\u00e9n mide la intenci\u00f3n de participar: 71 por ciento, casi coincidente con la media habitual en elecciones nacionales. Como se\u00f1ala el informe, \u201cel 71% de nuestra encuesta afirma que es altamente probable que asista a votar. La participaci\u00f3n electoral es algo que toda la pol\u00edtica deber\u00eda seguir de cerca, al igual que sus potenciales impactos tanto en el oficialismo como en la oposici\u00f3n. Y aunque se haya visto una menor participaci\u00f3n electoral en las elecciones provinciales, esto no significa necesariamente que se repita en la elecci\u00f3n general. Lo dicho mil veces: en elecciones provinciales o municipales se votan agendas locales, mientras que en las elecciones generales se votan agendas nacionales. Es decir, las motivaciones para votar, as\u00ed como tambi\u00e9n las candidaturas, son diferentes\u201d.<\/p>\n<p><b>\u00bfTres tercios o no?<\/b><\/p>\n<p>De acuerdo al estudio, Milei retrocedi\u00f3 en la provincia de Buenos Aires m\u00e1s que en el resto del pa\u00eds. A nivel nacional, obtendr\u00eda 24,5 puntos, siendo el segundo m\u00e1s votado apenas medio punto por debajo de Sergio Massa.<\/p>\n<p>El estudio se produjo de manera anterior y simult\u00e1nea a las denuncias medi\u00e1ticas y judiciales por venta de candidaturas, de manera que es probable que parte de sus consecuencias a\u00fan no hayan sido relevadas.<\/p>\n<p>Sin embargo, para Zuban &amp; C\u00f3rdoba, \u201cdurante las campa\u00f1as presidenciales que llevaron al poder a Trump y Bolsonaro, ambas candidaturas sufrieron episodios muy agresivos de esc\u00e1ndalos que, si bien lograron negativizarlos en gran parte de la opini\u00f3n p\u00fablica, no lograron hacer mella en su base electoral. Por el contrario, contribuyeron a fidelizarla y a solidificar sus n\u00facleos duros. \u00bfEsto quiere decir que es muy poco probable que Milei disminuya en intenci\u00f3n de voto? No, no es una afirmaci\u00f3n que seamos capaces de hacer. S\u00ed creemos que es prudente decir que cualquier ca\u00edda del candidato libertario es m\u00e1s bien discreta. Quienes hacen c\u00e1lculos especulando con un derrumbe espectacular deber\u00edan revisar con cuidado sus estrategias\u201d.<\/p>\n","protected":false},"excerpt":{"rendered":"<p>Uni\u00f3n por la Patria encabeza las preferencias electorales de los bonaerenses en la categor\u00eda presidente, de acuerdo al \u00faltimo sondeo de la encuestadora \u201cZuban C\u00f3rdoba\u201d, que dirigen los polit\u00f3logos Gustavo C\u00f3rdoba y Paola Zuban. Adem\u00e1s, en t\u00e9rminos individuales, el candidato m\u00e1s votado si las elecciones fueran hoy, siempre de acuerdo a ese sondeo, ser\u00eda Sergio [&hellip;]<\/p>\n","protected":false},"author":3,"featured_media":101733,"comment_status":"open","ping_status":"open","sticky":false,"template":"","format":"standard","meta":{"footnotes":""},"categories":[7],"tags":[],"class_list":{"0":"post-101732","1":"post","2":"type-post","3":"status-publish","4":"format-standard","5":"has-post-thumbnail","7":"category-nac"},"_links":{"self":[{"href":"https:\/\/primicias2262.com\/noticias\/wp-json\/wp\/v2\/posts\/101732","targetHints":{"allow":["GET"]}}],"collection":[{"href":"https:\/\/primicias2262.com\/noticias\/wp-json\/wp\/v2\/posts"}],"about":[{"href":"https:\/\/primicias2262.com\/noticias\/wp-json\/wp\/v2\/types\/post"}],"author":[{"embeddable":true,"href":"https:\/\/primicias2262.com\/noticias\/wp-json\/wp\/v2\/users\/3"}],"replies":[{"embeddable":true,"href":"https:\/\/primicias2262.com\/noticias\/wp-json\/wp\/v2\/comments?post=101732"}],"version-history":[{"count":1,"href":"https:\/\/primicias2262.com\/noticias\/wp-json\/wp\/v2\/posts\/101732\/revisions"}],"predecessor-version":[{"id":101734,"href":"https:\/\/primicias2262.com\/noticias\/wp-json\/wp\/v2\/posts\/101732\/revisions\/101734"}],"wp:featuredmedia":[{"embeddable":true,"href":"https:\/\/primicias2262.com\/noticias\/wp-json\/wp\/v2\/media\/101733"}],"wp:attachment":[{"href":"https:\/\/primicias2262.com\/noticias\/wp-json\/wp\/v2\/media?parent=101732"}],"wp:term":[{"taxonomy":"category","embeddable":true,"href":"https:\/\/primicias2262.com\/noticias\/wp-json\/wp\/v2\/categories?post=101732"},{"taxonomy":"post_tag","embeddable":true,"href":"https:\/\/primicias2262.com\/noticias\/wp-json\/wp\/v2\/tags?post=101732"}],"curies":[{"name":"wp","href":"https:\/\/api.w.org\/{rel}","templated":true}]}}