{"id":101735,"date":"2023-07-10T14:53:20","date_gmt":"2023-07-10T14:53:20","guid":{"rendered":"https:\/\/primicias2262.com\/noticias\/?p=101735"},"modified":"2023-07-11T13:36:34","modified_gmt":"2023-07-11T13:36:34","slug":"habra-dos-charlas-gratuitas-sobre-inteligencia-artificial-este-martes-en-el-teatro-municipal","status":"publish","type":"post","link":"https:\/\/primicias2262.com\/noticias\/habra-dos-charlas-gratuitas-sobre-inteligencia-artificial-este-martes-en-el-teatro-municipal\/","title":{"rendered":"Habr\u00e1 dos charlas gratuitas sobre Inteligencia Artificial este martes en el Teatro Municipal"},"content":{"rendered":"<p>Con la organizaci\u00f3n conjunta de la Universidad FASTA, tanto desde su Unidad de Apoyo Acad\u00e9mico en Necochea (Colegio Nuestra Se\u00f1ora del Rosario) como de su Colaboratorio de Innovaci\u00f3n Tecnol\u00f3gica; y la Subdirecci\u00f3n de Juventud municipal, este martes 11 se llevar\u00e1 adelante un ciclo de charlas gratuitas sobre Inteligencia Artificial en el Teatro Municipal \u201cLuis Sandrini\u201d, en calle 54 N\u00ba 3080.<\/p>\n<p><strong>La primera charla est\u00e1 anunciada para las 9.30 y es destinada para estudiantes de nivel secundario, y se titula \u201cDescifrando el futuro. C\u00f3mo los j\u00f3venes pueden liderar en la era de la Inteligencia Artificial\u201d.<\/strong><\/p>\n<p><strong>Mientras que por la tarde, desde las 17, se desarrollar\u00e1 la segunda charla y de ella podr\u00e1n participar j\u00f3venes, adultos, docentes profesionales y p\u00fablicos en general, y se titula \u201c\u00bfC\u00f3mo prepararnos para la Inteligencia Artificial en todos los \u00e1mbitos? \u2013 Una ventana al futuro de la educaci\u00f3n y desarrollo profesional\u201d.<\/strong><\/p>\n<p><strong>Si bien la entrada es libre y gratuita, ambas charlas son con inscripci\u00f3n previa hasta agotar el cupo del teatro (Enlace de inscripci\u00f3n: <a href=\"https:\/\/forms.gle\/fJ5wcAXa6MyzPFLk6\">https:\/\/forms.gle\/fJ5wcAXa6MyzPFLk6<\/a>).<\/strong> Las mismas tendr\u00e1n una duraci\u00f3n aproximada de una hora y el disertante, tanto a la ma\u00f1ana como a la tarde, ser\u00e1 el Ing. Pablo D. Miozzi, director del Colaboratorio de Innovaci\u00f3n Tecnol\u00f3gica de la Universidad FASTA. Para m\u00e1s informaci\u00f3n, se puede visitar esta web:\u00a0 <a href=\"mailto:uaa.necochea@ufasta.edu.ar\">uaa.necochea@ufasta.edu.ar<\/a><\/p>\n<p>Respecto a la charla matinal dirigida a alumnos de Secundaria, desde la organizaci\u00f3n se apunt\u00f3 que se explorar\u00e1 el panorama del futuro y descubrir\u00e1n c\u00f3mo los j\u00f3venes pueden convertirse en l\u00edderes en la era de la Inteligencia Artificial. \u201cA medida que la IA se integra cada vez m\u00e1s en nuestras vidas, es crucial comprender c\u00f3mo aprovechar su potencial para crear un impacto positivo en nuestra sociedad. Abordaremos las habilidades y conocimientos necesarios para navegar por un mundo impulsado por la IA. Con ejemplos inspiradores y consejos pr\u00e1cticos, esta charla ofrece una hoja de ruta para que los j\u00f3venes aprovechen al m\u00e1ximo las oportunidades del futuro y se conviertan en l\u00edderes capaces de moldear y dirigir un mundo impulsado por la Inteligencia Artificial\u201d.<\/p>\n<p>En cuanto a la charla vespertina, la organizaci\u00f3n adelant\u00f3 que \u201cexploraremos la creciente influencia de la Inteligencia Artificial en todos los \u00e1mbitos de nuestras vidas y c\u00f3mo podemos prepararnos para aprovechar al m\u00e1ximo esta revoluci\u00f3n tecnol\u00f3gica. Nos sumergiremos en un viaje fascinante hacia el presente\/futuro donde la IA juega\/jugar\u00e1 un papel fundamental en la transformaci\u00f3n de las habilidades requeridas para nuestro desarrollo y bienestar. Analizaremos las oportunidades y desaf\u00edos que surgen con la llegada de la IA, y discutiremos estrategias pr\u00e1cticas para adaptarnos y prosperar en este nuevo panorama. Exploraremos c\u00f3mo acompa\u00f1ar a los m\u00e1s j\u00f3venes, desde nuestros distintos roles, a \u201cflorecer\u201d e inspirarlos para lograr el \u00e9xito en un mundo cada vez m\u00e1s atravesado por la tecnolog\u00eda\u201d.<\/p>\n<p>Para inscripciones, las instituciones educativas pueden enviar v\u00eda mail a: uaa.necochea@ufasta.edu.ar \/ Listado de alumnos indicando: Nombre y Apellido, DNI, Mail, A\u00f1o (estos datos son necesarios para informar al seguro y reservar cupo).<\/p>\n","protected":false},"excerpt":{"rendered":"<p>Con la organizaci\u00f3n conjunta de la Universidad FASTA, tanto desde su Unidad de Apoyo Acad\u00e9mico en Necochea (Colegio Nuestra Se\u00f1ora del Rosario) como de su Colaboratorio de Innovaci\u00f3n Tecnol\u00f3gica; y la Subdirecci\u00f3n de Juventud municipal, este martes 11 se llevar\u00e1 adelante un ciclo de charlas gratuitas sobre Inteligencia Artificial en el Teatro Municipal \u201cLuis Sandrini\u201d, [&hellip;]<\/p>\n","protected":false},"author":3,"featured_media":101736,"comment_status":"open","ping_status":"open","sticky":false,"template":"","format":"standard","meta":{"footnotes":""},"categories":[3],"tags":[],"class_list":["post-101735","post","type-post","status-publish","format-standard","has-post-thumbnail","category-masnoticias"],"_links":{"self":[{"href":"https:\/\/primicias2262.com\/noticias\/wp-json\/wp\/v2\/posts\/101735","targetHints":{"allow":["GET"]}}],"collection":[{"href":"https:\/\/primicias2262.com\/noticias\/wp-json\/wp\/v2\/posts"}],"about":[{"href":"https:\/\/primicias2262.com\/noticias\/wp-json\/wp\/v2\/types\/post"}],"author":[{"embeddable":true,"href":"https:\/\/primicias2262.com\/noticias\/wp-json\/wp\/v2\/users\/3"}],"replies":[{"embeddable":true,"href":"https:\/\/primicias2262.com\/noticias\/wp-json\/wp\/v2\/comments?post=101735"}],"version-history":[{"count":1,"href":"https:\/\/primicias2262.com\/noticias\/wp-json\/wp\/v2\/posts\/101735\/revisions"}],"predecessor-version":[{"id":101737,"href":"https:\/\/primicias2262.com\/noticias\/wp-json\/wp\/v2\/posts\/101735\/revisions\/101737"}],"wp:featuredmedia":[{"embeddable":true,"href":"https:\/\/primicias2262.com\/noticias\/wp-json\/wp\/v2\/media\/101736"}],"wp:attachment":[{"href":"https:\/\/primicias2262.com\/noticias\/wp-json\/wp\/v2\/media?parent=101735"}],"wp:term":[{"taxonomy":"category","embeddable":true,"href":"https:\/\/primicias2262.com\/noticias\/wp-json\/wp\/v2\/categories?post=101735"},{"taxonomy":"post_tag","embeddable":true,"href":"https:\/\/primicias2262.com\/noticias\/wp-json\/wp\/v2\/tags?post=101735"}],"curies":[{"name":"wp","href":"https:\/\/api.w.org\/{rel}","templated":true}]}}