{"id":101741,"date":"2023-07-10T16:19:36","date_gmt":"2023-07-10T16:19:36","guid":{"rendered":"https:\/\/primicias2262.com\/noticias\/?p=101741"},"modified":"2023-07-11T16:42:27","modified_gmt":"2023-07-11T16:42:27","slug":"yanina-berri-del-club-de-leones-presente-en-la-convencion-internacional-de-boston","status":"publish","type":"post","link":"https:\/\/primicias2262.com\/noticias\/yanina-berri-del-club-de-leones-presente-en-la-convencion-internacional-de-boston\/","title":{"rendered":"Yanina Berri, del Club de Leones, presente en la Convenci\u00f3n Internacional de Boston"},"content":{"rendered":"<p><strong>Desde los Estados Unidos, la flamante gobernadora del Distrito O3 de los Leones en nuestro pa\u00eds, dialog\u00f3 con el periodista Jorge G\u00f3mez para \u201cVoces de la Ciudad\u201d.<\/strong><\/p>\n<p>Estando acompa\u00f1ada por su hija Delfina, la flamante gobernadora del Distrito O3 de Leones, la necochense Yanina Berri, se encuentra en la 105\u00ba Convenci\u00f3n de Clubes Internacionales de Leones, en Boston, Estados Unidos.<\/p>\n<p>Desde all\u00ed se\u00f1al\u00f3 que \u201casumir\u00e1 la doctora Patti Hill como presidente internacional y vinimos de 207 pa\u00edses, estamos en un centro de convenciones incre\u00edble con muchos trabajos y seminarios\u201d, tras lo que acot\u00f3 que \u201cayer culminamos nuestra \u00faltima capacitaci\u00f3n y ma\u00f1ana (por este martes) es la juramentaci\u00f3n, la Dra. Patti Hill nos tomar\u00e1 juramento como gobernadores electos, que es el cargo que tenemos desde el 1\u00ba de julio\u201d.<\/p>\n<p>La necochense ratific\u00f3 por lo tanto que \u201cestoy en funciones desde el 1\u00ba de julio, este viernes 14 tenemos una reuni\u00f3n en Buenos Aires donde asumiremos los cinco gobernadores de Argentina y en Necochea reci\u00e9n el 3, 4 y 5 de agosto ser\u00e1 cuando haga la imposici\u00f3n y ponga en funciones a todos los miembros del gabinete\u201d.<\/p>\n<p>\u201cEn total somos 15 argentinos que estamos participando de esta convenci\u00f3n, para m\u00ed es la primera y es incre\u00edble ver la cultura y diversidad que hay\u201d, se\u00f1al\u00f3 finalmente como dato de color.<\/p>\n","protected":false},"excerpt":{"rendered":"<p>Desde los Estados Unidos, la flamante gobernadora del Distrito O3 de los Leones en nuestro pa\u00eds, dialog\u00f3 con el periodista Jorge G\u00f3mez para \u201cVoces de la Ciudad\u201d. Estando acompa\u00f1ada por su hija Delfina, la flamante gobernadora del Distrito O3 de Leones, la necochense Yanina Berri, se encuentra en la 105\u00ba Convenci\u00f3n de Clubes Internacionales de [&hellip;]<\/p>\n","protected":false},"author":3,"featured_media":101742,"comment_status":"open","ping_status":"open","sticky":false,"template":"","format":"standard","meta":{"footnotes":""},"categories":[3],"tags":[],"class_list":["post-101741","post","type-post","status-publish","format-standard","has-post-thumbnail","category-masnoticias"],"_links":{"self":[{"href":"https:\/\/primicias2262.com\/noticias\/wp-json\/wp\/v2\/posts\/101741","targetHints":{"allow":["GET"]}}],"collection":[{"href":"https:\/\/primicias2262.com\/noticias\/wp-json\/wp\/v2\/posts"}],"about":[{"href":"https:\/\/primicias2262.com\/noticias\/wp-json\/wp\/v2\/types\/post"}],"author":[{"embeddable":true,"href":"https:\/\/primicias2262.com\/noticias\/wp-json\/wp\/v2\/users\/3"}],"replies":[{"embeddable":true,"href":"https:\/\/primicias2262.com\/noticias\/wp-json\/wp\/v2\/comments?post=101741"}],"version-history":[{"count":1,"href":"https:\/\/primicias2262.com\/noticias\/wp-json\/wp\/v2\/posts\/101741\/revisions"}],"predecessor-version":[{"id":101743,"href":"https:\/\/primicias2262.com\/noticias\/wp-json\/wp\/v2\/posts\/101741\/revisions\/101743"}],"wp:featuredmedia":[{"embeddable":true,"href":"https:\/\/primicias2262.com\/noticias\/wp-json\/wp\/v2\/media\/101742"}],"wp:attachment":[{"href":"https:\/\/primicias2262.com\/noticias\/wp-json\/wp\/v2\/media?parent=101741"}],"wp:term":[{"taxonomy":"category","embeddable":true,"href":"https:\/\/primicias2262.com\/noticias\/wp-json\/wp\/v2\/categories?post=101741"},{"taxonomy":"post_tag","embeddable":true,"href":"https:\/\/primicias2262.com\/noticias\/wp-json\/wp\/v2\/tags?post=101741"}],"curies":[{"name":"wp","href":"https:\/\/api.w.org\/{rel}","templated":true}]}}