{"id":101751,"date":"2023-07-11T13:00:06","date_gmt":"2023-07-11T13:00:06","guid":{"rendered":"https:\/\/primicias2262.com\/noticias\/?p=101751"},"modified":"2023-07-12T14:16:59","modified_gmt":"2023-07-12T14:16:59","slug":"cabrera-palpita-la-pista-atletismo-es-un-avance-historico-para-el-deporte-local-y-la-ciudad","status":"publish","type":"post","link":"https:\/\/primicias2262.com\/noticias\/cabrera-palpita-la-pista-atletismo-es-un-avance-historico-para-el-deporte-local-y-la-ciudad\/","title":{"rendered":"Cabrera palpita la pista atletismo: \u201cEs un avance hist\u00f3rico para el deporte local y la ciudad\u201d"},"content":{"rendered":"<p><strong>El coordinador de la Escuela Municipal de Atletismo desde hace m\u00e1s de una d\u00e9cada, Mauro Cabrera, visit\u00f3 los estudios de \u201cVoces de la Ciudad\u201d y en charla con el periodista Jorge G\u00f3mez dej\u00f3 notar su entusiasmo y emoci\u00f3n por estar tan cerca de ver realizado el ansiado sue\u00f1o de la pista de atletismo para Necochea.<\/strong><\/p>\n<p>Al coment\u00e1rsele que la pista de atletismo es una promesa de casi tres d\u00e9cadas que ha trascendido gestiones pol\u00edticas, Mauro no dud\u00f3 en afirmar que \u201ces un avance hist\u00f3rico para el deporte local y nuestra ciudad, y a m\u00ed me atraviesa porque empec\u00e9 con el sue\u00f1o de aportar un granito de arena para generar atletas compitiendo a nivel nacional hace m\u00e1s de diez a\u00f1os e incluso a nivel internacional, y hemos generado una gran demanda que representa la Escuela municipal hoy con m\u00e1s de 200 ni\u00f1os, adolescentes y j\u00f3venes que participan\u201d.<\/p>\n<p>Precisamente, ante una matr\u00edcula en crecimiento, el entrenador asegur\u00f3 que \u201cse ha generado una necesidad que este equipo de gobierno lo ha podido plasmar y pr\u00f3ximamente est\u00e1 para \u00a0inaugurarse la primera etapa, nosotros lo vivimos con un gran sentido de pertenencia, incluso se me r\u00eden porque todos los d\u00edas he cambiado el recorrido para volver a mi casa y paso por la pista para ver c\u00f3mo va la obra, en vez de agarrar la Diagonal desde el Parque, voy por la 2 y paso por detr\u00e1s del Polideportivo\u201d.<\/p>\n<p><a href=\"https:\/\/primicias2262.com\/noticias\/wp-content\/uploads\/2023\/07\/FOTO-etapa-local-Bonaerenses3.jpg\"><img loading=\"lazy\" decoding=\"async\" class=\"aligncenter size-full wp-image-101754\" src=\"https:\/\/primicias2262.com\/noticias\/wp-content\/uploads\/2023\/07\/FOTO-etapa-local-Bonaerenses3.jpg\" alt=\"\" width=\"1280\" height=\"853\" srcset=\"https:\/\/primicias2262.com\/noticias\/wp-content\/uploads\/2023\/07\/FOTO-etapa-local-Bonaerenses3.jpg 1280w, https:\/\/primicias2262.com\/noticias\/wp-content\/uploads\/2023\/07\/FOTO-etapa-local-Bonaerenses3-300x200.jpg 300w, https:\/\/primicias2262.com\/noticias\/wp-content\/uploads\/2023\/07\/FOTO-etapa-local-Bonaerenses3-1024x682.jpg 1024w, https:\/\/primicias2262.com\/noticias\/wp-content\/uploads\/2023\/07\/FOTO-etapa-local-Bonaerenses3-768x512.jpg 768w, https:\/\/primicias2262.com\/noticias\/wp-content\/uploads\/2023\/07\/FOTO-etapa-local-Bonaerenses3-150x100.jpg 150w, https:\/\/primicias2262.com\/noticias\/wp-content\/uploads\/2023\/07\/FOTO-etapa-local-Bonaerenses3-696x464.jpg 696w, https:\/\/primicias2262.com\/noticias\/wp-content\/uploads\/2023\/07\/FOTO-etapa-local-Bonaerenses3-1068x712.jpg 1068w\" sizes=\"auto, (max-width: 1280px) 100vw, 1280px\" \/><\/a>A partir de que est\u00e9 la pista, Cabrera se\u00f1al\u00f3 que \u201cnuestro desaf\u00edo ser\u00e1 redoblar el trabajo realizado\u201d, es decir, \u201caumentar la matr\u00edcula, tener m\u00e1s carga horaria y ampliar a lo largo y ancho de todo el distrito\u201d, y dej\u00f3 en claro su visi\u00f3n colectiva: \u201cEsto es de todos y para todos, y la responsabilidad ser\u00e1 cuidar la pista y sostenerla en el tiempo\u201d.<\/p>\n<p>A la hora de mirar para atr\u00e1s, rememor\u00f3 que \u201cuno comenz\u00f3 a trabajar por este sue\u00f1o para que los chicos puedan tener el mismo punto de partida y las mismas condiciones, incluso los que han estado y hoy est\u00e1n en otra etapa de sus vidas me mandan mensajes para que les avise cuando est\u00e9 la pista, todos se sienten parte y eso es lo que ha generado la escuela de atletismo. Es un espacio que ha trascendido, lleva casi 15 a\u00f1os y todos le han aportado su granito de arena, como deportistas, funcionarios o padres, y eso ha hecho que hoy sea una escuela de excelencia para la regi\u00f3n y la Provincia de Buenos Aires\u201d.<\/p>\n<p><a href=\"https:\/\/primicias2262.com\/noticias\/wp-content\/uploads\/2023\/07\/FOTO-Mauro-atletas.jpg\"><img loading=\"lazy\" decoding=\"async\" class=\"aligncenter size-full wp-image-101755\" src=\"https:\/\/primicias2262.com\/noticias\/wp-content\/uploads\/2023\/07\/FOTO-Mauro-atletas.jpg\" alt=\"\" width=\"1280\" height=\"960\" srcset=\"https:\/\/primicias2262.com\/noticias\/wp-content\/uploads\/2023\/07\/FOTO-Mauro-atletas.jpg 1280w, https:\/\/primicias2262.com\/noticias\/wp-content\/uploads\/2023\/07\/FOTO-Mauro-atletas-300x225.jpg 300w, https:\/\/primicias2262.com\/noticias\/wp-content\/uploads\/2023\/07\/FOTO-Mauro-atletas-1024x768.jpg 1024w, https:\/\/primicias2262.com\/noticias\/wp-content\/uploads\/2023\/07\/FOTO-Mauro-atletas-768x576.jpg 768w, https:\/\/primicias2262.com\/noticias\/wp-content\/uploads\/2023\/07\/FOTO-Mauro-atletas-150x113.jpg 150w, https:\/\/primicias2262.com\/noticias\/wp-content\/uploads\/2023\/07\/FOTO-Mauro-atletas-696x522.jpg 696w, https:\/\/primicias2262.com\/noticias\/wp-content\/uploads\/2023\/07\/FOTO-Mauro-atletas-1068x801.jpg 1068w\" sizes=\"auto, (max-width: 1280px) 100vw, 1280px\" \/><\/a>M\u00e1s all\u00e1 de la primera etapa pr\u00f3xima a inaugurarse, Cabrera tambi\u00e9n se refiri\u00f3 a loo que sigue, que ser\u00e1 la segunda etapa con los elementos para las pruebas complementarias de saltos y lanzamientos. \u201cEl proyecto tiene los aspectos reglamentarios de pista y campo, y va a generar un foco de atracci\u00f3n para poder llevar adelante eventos que no hemos podido hacer\u201d, manifest\u00f3 confiado.<\/p>\n<p>Finalmente, Cabrera destac\u00f3 el apoyo recibido por parte de Guadalupe Hern\u00e1ndez al frente de la Direcci\u00f3n de Deportes y describi\u00f3 con orgullo que \u201ctenemos una escuela donde los chicos comienzan a partir de los 7 u 8 a\u00f1os de edad, algunos hoy transitan la categor\u00eda mayor y es muy lindo ver que un espacio municipal te d\u00e9 la posibilidad de que te inicies, te formes y te desarrolles en un deporte\u201d.<\/p>\n<p>\u201cEs importante porque se genera un gran sentido de pertenencia con el Estado Municipal, hay chicos que van al Polideportivo y lo sienten como su casa\u2026 es m\u00e1s, hay chicos que entrenan a las 18.30 y van a las 16 a tomar mates, cosas que a veces pasan en un club, y nosotros logramos que eso sea una realidad\u201d, concluy\u00f3 Mauro.<\/p>\n","protected":false},"excerpt":{"rendered":"<p>El coordinador de la Escuela Municipal de Atletismo desde hace m\u00e1s de una d\u00e9cada, Mauro Cabrera, visit\u00f3 los estudios de \u201cVoces de la Ciudad\u201d y en charla con el periodista Jorge G\u00f3mez dej\u00f3 notar su entusiasmo y emoci\u00f3n por estar tan cerca de ver realizado el ansiado sue\u00f1o de la pista de atletismo para Necochea. [&hellip;]<\/p>\n","protected":false},"author":3,"featured_media":101753,"comment_status":"open","ping_status":"open","sticky":false,"template":"","format":"standard","meta":{"footnotes":""},"categories":[3],"tags":[],"class_list":["post-101751","post","type-post","status-publish","format-standard","has-post-thumbnail","category-masnoticias"],"_links":{"self":[{"href":"https:\/\/primicias2262.com\/noticias\/wp-json\/wp\/v2\/posts\/101751","targetHints":{"allow":["GET"]}}],"collection":[{"href":"https:\/\/primicias2262.com\/noticias\/wp-json\/wp\/v2\/posts"}],"about":[{"href":"https:\/\/primicias2262.com\/noticias\/wp-json\/wp\/v2\/types\/post"}],"author":[{"embeddable":true,"href":"https:\/\/primicias2262.com\/noticias\/wp-json\/wp\/v2\/users\/3"}],"replies":[{"embeddable":true,"href":"https:\/\/primicias2262.com\/noticias\/wp-json\/wp\/v2\/comments?post=101751"}],"version-history":[{"count":3,"href":"https:\/\/primicias2262.com\/noticias\/wp-json\/wp\/v2\/posts\/101751\/revisions"}],"predecessor-version":[{"id":101756,"href":"https:\/\/primicias2262.com\/noticias\/wp-json\/wp\/v2\/posts\/101751\/revisions\/101756"}],"wp:featuredmedia":[{"embeddable":true,"href":"https:\/\/primicias2262.com\/noticias\/wp-json\/wp\/v2\/media\/101753"}],"wp:attachment":[{"href":"https:\/\/primicias2262.com\/noticias\/wp-json\/wp\/v2\/media?parent=101751"}],"wp:term":[{"taxonomy":"category","embeddable":true,"href":"https:\/\/primicias2262.com\/noticias\/wp-json\/wp\/v2\/categories?post=101751"},{"taxonomy":"post_tag","embeddable":true,"href":"https:\/\/primicias2262.com\/noticias\/wp-json\/wp\/v2\/tags?post=101751"}],"curies":[{"name":"wp","href":"https:\/\/api.w.org\/{rel}","templated":true}]}}