{"id":101759,"date":"2023-07-11T16:30:47","date_gmt":"2023-07-11T16:30:47","guid":{"rendered":"https:\/\/primicias2262.com\/noticias\/?p=101759"},"modified":"2023-07-12T17:17:20","modified_gmt":"2023-07-12T17:17:20","slug":"tenemos-un-grado-de-experiencia-que-no-tienen-las-listas-del-pro","status":"publish","type":"post","link":"https:\/\/primicias2262.com\/noticias\/tenemos-un-grado-de-experiencia-que-no-tienen-las-listas-del-pro\/","title":{"rendered":"\u201cTenemos un grado de experiencia que no tienen las listas del PRO\u201d"},"content":{"rendered":"<p><strong>As\u00ed lo afirm\u00f3 la presidenta del comit\u00e9 radical y precandidata a concejal, Carola Bertoldi, quien en \u201cVoces de la Ciudad\u201d argument\u00f3 por qu\u00e9 la gente deber\u00eda inclinarse por la boleta del hist\u00f3rico partido en la interna de Juntos en las elecciones PASO del 13 de agosto contra las listas del PRO, encabezadas por Mart\u00edn Migueles y Eugenia Vallota.<\/strong><\/p>\n<p>En di\u00e1logo con el periodista Jorge G\u00f3mez, Carola Bertoldi, quien es la primera precandidata a concejal en la lista de la Uni\u00f3n C\u00edvica Radical encabezada por Dami\u00e1n Unibaso, asegur\u00f3 que la experiencia con que cuentan tras haber sido gesti\u00f3n municipal de 2003 a 2011, combinado con la juventud del precandidato a Intendente le dan un buen balance a la lista.<\/p>\n<p>Al pregunt\u00e1rsele en qu\u00e9 se diferencian con las listas del PRO, argument\u00f3 que \u201cpor un lado nuestra lista la encabeza un joven como Dami\u00e1n con 35 a\u00f1os, que tiene muchas ganas y esp\u00edritu de salir a pelear en el buen sentido, buscar a la gente y moverse\u2026 y lo acompa\u00f1amos gente con experiencia y que hemos estado trabajando en la Municipalidad en el gobierno que dur\u00f3 ocho a\u00f1os de Daniel Molina, venimos aportando entre todos distintas cosas, y tenemos un grado de experiencia que no tienen las otras listas\u201d, en referencia a las del PRO.<\/p>\n<p>Seguidamente, la presidenta del Comit\u00e9 \u201cE,miliano Ab\u00e1solo\u201d insisti\u00f3 en que \u201ctenemos la espalda de un partido de 132 a\u00f1os, que eso no lo tiene cualquiera, y en segundo lugar tenemos un grupo de gente que ha estado trabajando durante el gobierno de 2003 a 2011, es decir, que sabemos lo que es la cosa p\u00fablica, y tenemos personas que han estado trabajando en el Concejo Deliberante, y eso ayuda a la juventud que tenemos. Por lo tanto, tenemos un buen balance, acompa\u00f1amos los de experiencia a los que reci\u00e9n se suman\u201d.<\/p>\n<p>Luego, Bertoldi se\u00f1al\u00f3 que vienen avanzando paso a paso: \u201cPrimero la cuesti\u00f3n era tener di\u00e1logo dentro del partido y con todos los sectores de la coalici\u00f3n; luego conseguir una lista y presentarnos en las PASO\u2026 ahora tenemos que ganar las PASO y vamos paso a paso trabajando y entendiendo que tenemos una gran responsabilidad porque es un a\u00f1o complicado para la ciudadan\u00eda, y no es momento para discutir, sino de acercarse, escuchar y llegado el caso ofrecer propuestas, pero no prometer cosas que despu\u00e9s no se puedan realizar\u201d.<\/p>\n<p>Y si de propuestas se trata, prefiri\u00f3 dar una muestra general de lo que piensan: \u201cLa primera propuesta es que entendemos a la pol\u00edtica como un servicio p\u00fablico y tenemos en el eje de la campa\u00f1a al vecino, tanto para escucharlo como para resolverle las cuestiones que lo aquejan hoy en d\u00eda, y todo lo dem\u00e1s se tiene que amoldar a esa premisa\u201d, enfatiz\u00f3.<\/p>\n<p>Finalmente, Bertoldi destac\u00f3 que fruto de aquellas conversaciones con los distintos sectores internos del radicalismo y tambi\u00e9n del PRO, \u201ctenemos una lista \u00edntegramente radical para las PASO\u201d, y en ese sentido asegur\u00f3 que \u201cestamos tratando de integrar a todos, desde los j\u00f3venes a los mayores, cada uno con su mirada y aporte para hacer, y tratando de tener la mayor amplitud posible\u201d.<\/p>\n","protected":false},"excerpt":{"rendered":"<p>As\u00ed lo afirm\u00f3 la presidenta del comit\u00e9 radical y precandidata a concejal, Carola Bertoldi, quien en \u201cVoces de la Ciudad\u201d argument\u00f3 por qu\u00e9 la gente deber\u00eda inclinarse por la boleta del hist\u00f3rico partido en la interna de Juntos en las elecciones PASO del 13 de agosto contra las listas del PRO, encabezadas por Mart\u00edn Migueles [&hellip;]<\/p>\n","protected":false},"author":3,"featured_media":101760,"comment_status":"open","ping_status":"open","sticky":false,"template":"","format":"standard","meta":{"footnotes":""},"categories":[3],"tags":[],"class_list":["post-101759","post","type-post","status-publish","format-standard","has-post-thumbnail","category-masnoticias"],"_links":{"self":[{"href":"https:\/\/primicias2262.com\/noticias\/wp-json\/wp\/v2\/posts\/101759","targetHints":{"allow":["GET"]}}],"collection":[{"href":"https:\/\/primicias2262.com\/noticias\/wp-json\/wp\/v2\/posts"}],"about":[{"href":"https:\/\/primicias2262.com\/noticias\/wp-json\/wp\/v2\/types\/post"}],"author":[{"embeddable":true,"href":"https:\/\/primicias2262.com\/noticias\/wp-json\/wp\/v2\/users\/3"}],"replies":[{"embeddable":true,"href":"https:\/\/primicias2262.com\/noticias\/wp-json\/wp\/v2\/comments?post=101759"}],"version-history":[{"count":1,"href":"https:\/\/primicias2262.com\/noticias\/wp-json\/wp\/v2\/posts\/101759\/revisions"}],"predecessor-version":[{"id":101761,"href":"https:\/\/primicias2262.com\/noticias\/wp-json\/wp\/v2\/posts\/101759\/revisions\/101761"}],"wp:featuredmedia":[{"embeddable":true,"href":"https:\/\/primicias2262.com\/noticias\/wp-json\/wp\/v2\/media\/101760"}],"wp:attachment":[{"href":"https:\/\/primicias2262.com\/noticias\/wp-json\/wp\/v2\/media?parent=101759"}],"wp:term":[{"taxonomy":"category","embeddable":true,"href":"https:\/\/primicias2262.com\/noticias\/wp-json\/wp\/v2\/categories?post=101759"},{"taxonomy":"post_tag","embeddable":true,"href":"https:\/\/primicias2262.com\/noticias\/wp-json\/wp\/v2\/tags?post=101759"}],"curies":[{"name":"wp","href":"https:\/\/api.w.org\/{rel}","templated":true}]}}