{"id":101762,"date":"2023-07-11T16:03:25","date_gmt":"2023-07-11T16:03:25","guid":{"rendered":"https:\/\/primicias2262.com\/noticias\/?p=101762"},"modified":"2023-07-12T14:18:42","modified_gmt":"2023-07-12T14:18:42","slug":"jornada-de-educacion-vial-en-la-escuela-primaria-no-4","status":"publish","type":"post","link":"https:\/\/primicias2262.com\/noticias\/jornada-de-educacion-vial-en-la-escuela-primaria-no-4\/","title":{"rendered":"Jornada de Educaci\u00f3n Vial en la Escuela Primaria N\u00ba 4"},"content":{"rendered":"<p><strong>En la continuidad de las charlas de concientizaci\u00f3n que se trabajan desde el Municipio, mediante la Subsecretar\u00eda de Movilidad Urbana y Seguridad Vial y el Observatorio Vial Municipal, este martes se desarroll\u00f3 una jornada destinada a los alumnos del turno ma\u00f1ana de la Escuela Primaria N\u00ba 4 \u201cManuel y Jos\u00e9 Mari\u00f1o\u201d.<\/strong><\/p>\n<p>El equipo del Observatorio fue convocado en este caso por la Direcci\u00f3n de dicha escuela, que trabaj\u00f3 coordinadamente con la Subsecretar\u00eda encabezada por Walter Calabretta y la Direcci\u00f3n General Social, a cargo de Patricia Britos, a fin de que la charla pudiera llegar al establecimiento para ver de manera pr\u00e1ctica lo que los chicos trabajan en sus aulas.<\/p>\n<p>A prop\u00f3sito de ello, la directora de la escuela anfitriona, Mar\u00eda de Los \u00c1ngeles El\u00eda, agradeci\u00f3 el hecho de poder contar con la charla de Educaci\u00f3n Vial y destac\u00f3 que \u201cnos hemos preparado para esta jornada con los alumnos, se ha trabajado en las aulas dentro de lo que son las Pr\u00e1cticas del Lenguaje y el formar ciudadanos reflexivos y cr\u00edticos para la vida en comunidad\u201d.<\/p>\n<p><a href=\"https:\/\/primicias2262.com\/noticias\/wp-content\/uploads\/2023\/07\/11-07-FOTO-Educacion-Vial-Escuela-4-2.jpeg\"><img loading=\"lazy\" decoding=\"async\" class=\"aligncenter size-full wp-image-101763\" src=\"https:\/\/primicias2262.com\/noticias\/wp-content\/uploads\/2023\/07\/11-07-FOTO-Educacion-Vial-Escuela-4-2.jpeg\" alt=\"\" width=\"1600\" height=\"1066\" srcset=\"https:\/\/primicias2262.com\/noticias\/wp-content\/uploads\/2023\/07\/11-07-FOTO-Educacion-Vial-Escuela-4-2.jpeg 1600w, https:\/\/primicias2262.com\/noticias\/wp-content\/uploads\/2023\/07\/11-07-FOTO-Educacion-Vial-Escuela-4-2-300x200.jpeg 300w, https:\/\/primicias2262.com\/noticias\/wp-content\/uploads\/2023\/07\/11-07-FOTO-Educacion-Vial-Escuela-4-2-1024x682.jpeg 1024w, https:\/\/primicias2262.com\/noticias\/wp-content\/uploads\/2023\/07\/11-07-FOTO-Educacion-Vial-Escuela-4-2-768x512.jpeg 768w, https:\/\/primicias2262.com\/noticias\/wp-content\/uploads\/2023\/07\/11-07-FOTO-Educacion-Vial-Escuela-4-2-1536x1023.jpeg 1536w, https:\/\/primicias2262.com\/noticias\/wp-content\/uploads\/2023\/07\/11-07-FOTO-Educacion-Vial-Escuela-4-2-150x100.jpeg 150w, https:\/\/primicias2262.com\/noticias\/wp-content\/uploads\/2023\/07\/11-07-FOTO-Educacion-Vial-Escuela-4-2-696x464.jpeg 696w, https:\/\/primicias2262.com\/noticias\/wp-content\/uploads\/2023\/07\/11-07-FOTO-Educacion-Vial-Escuela-4-2-1068x712.jpeg 1068w\" sizes=\"auto, (max-width: 1600px) 100vw, 1600px\" \/><\/a>En ese sentido, manifest\u00f3 que \u201cel proyecto est\u00e1 muy lindo y hoy los chicos est\u00e1n dando cuenta de ello, ya que preguntan y saben mucho\u201d, acotando que \u201ccuando empezamos a pensar en el trabajo en el aula nos dimos cuenta que saben de Educaci\u00f3n Vial mucho m\u00e1s de lo que creemos, y muchas veces a los adultos nos plantean estas cuestiones\u201d.<\/p>\n<p>Es as\u00ed como \u201cellos est\u00e1n abiertos a poder contar y multiplicar estas cosas en sus casas, y esa es la idea, que lo que pasa y se trabaja en la escuela diariamente se pueda conversar en casa, eso es muy importante y esta es una oportunidad para eso\u201d, referenci\u00f3 la directiva.<\/p>\n<p><a href=\"https:\/\/primicias2262.com\/noticias\/wp-content\/uploads\/2023\/07\/11-07-FOTO-Maria-Elia.jpeg\"><img loading=\"lazy\" decoding=\"async\" class=\"aligncenter size-full wp-image-101765\" src=\"https:\/\/primicias2262.com\/noticias\/wp-content\/uploads\/2023\/07\/11-07-FOTO-Maria-Elia.jpeg\" alt=\"\" width=\"1600\" height=\"1066\" srcset=\"https:\/\/primicias2262.com\/noticias\/wp-content\/uploads\/2023\/07\/11-07-FOTO-Maria-Elia.jpeg 1600w, https:\/\/primicias2262.com\/noticias\/wp-content\/uploads\/2023\/07\/11-07-FOTO-Maria-Elia-300x200.jpeg 300w, https:\/\/primicias2262.com\/noticias\/wp-content\/uploads\/2023\/07\/11-07-FOTO-Maria-Elia-1024x682.jpeg 1024w, https:\/\/primicias2262.com\/noticias\/wp-content\/uploads\/2023\/07\/11-07-FOTO-Maria-Elia-768x512.jpeg 768w, https:\/\/primicias2262.com\/noticias\/wp-content\/uploads\/2023\/07\/11-07-FOTO-Maria-Elia-1536x1023.jpeg 1536w, https:\/\/primicias2262.com\/noticias\/wp-content\/uploads\/2023\/07\/11-07-FOTO-Maria-Elia-150x100.jpeg 150w, https:\/\/primicias2262.com\/noticias\/wp-content\/uploads\/2023\/07\/11-07-FOTO-Maria-Elia-696x464.jpeg 696w, https:\/\/primicias2262.com\/noticias\/wp-content\/uploads\/2023\/07\/11-07-FOTO-Maria-Elia-1068x712.jpeg 1068w\" sizes=\"auto, (max-width: 1600px) 100vw, 1600px\" \/><\/a>Actualmente, la Escuela N\u00ba 4 cuenta con una matr\u00edcula de 280 alumnos, en el turno tarde tiene dos secciones de cada a\u00f1o y en el turno ma\u00f1ana cada a\u00f1o cuenta con una secci\u00f3n, habiendo participado todos los cursos de 1\u00ba a 6\u00ba de la charla de Educaci\u00f3n Vial brindada por la comuna.<\/p>\n","protected":false},"excerpt":{"rendered":"<p>En la continuidad de las charlas de concientizaci\u00f3n que se trabajan desde el Municipio, mediante la Subsecretar\u00eda de Movilidad Urbana y Seguridad Vial y el Observatorio Vial Municipal, este martes se desarroll\u00f3 una jornada destinada a los alumnos del turno ma\u00f1ana de la Escuela Primaria N\u00ba 4 \u201cManuel y Jos\u00e9 Mari\u00f1o\u201d. El equipo del Observatorio [&hellip;]<\/p>\n","protected":false},"author":3,"featured_media":101764,"comment_status":"open","ping_status":"open","sticky":false,"template":"","format":"standard","meta":{"footnotes":""},"categories":[3],"tags":[],"class_list":["post-101762","post","type-post","status-publish","format-standard","has-post-thumbnail","category-masnoticias"],"_links":{"self":[{"href":"https:\/\/primicias2262.com\/noticias\/wp-json\/wp\/v2\/posts\/101762","targetHints":{"allow":["GET"]}}],"collection":[{"href":"https:\/\/primicias2262.com\/noticias\/wp-json\/wp\/v2\/posts"}],"about":[{"href":"https:\/\/primicias2262.com\/noticias\/wp-json\/wp\/v2\/types\/post"}],"author":[{"embeddable":true,"href":"https:\/\/primicias2262.com\/noticias\/wp-json\/wp\/v2\/users\/3"}],"replies":[{"embeddable":true,"href":"https:\/\/primicias2262.com\/noticias\/wp-json\/wp\/v2\/comments?post=101762"}],"version-history":[{"count":2,"href":"https:\/\/primicias2262.com\/noticias\/wp-json\/wp\/v2\/posts\/101762\/revisions"}],"predecessor-version":[{"id":101801,"href":"https:\/\/primicias2262.com\/noticias\/wp-json\/wp\/v2\/posts\/101762\/revisions\/101801"}],"wp:featuredmedia":[{"embeddable":true,"href":"https:\/\/primicias2262.com\/noticias\/wp-json\/wp\/v2\/media\/101764"}],"wp:attachment":[{"href":"https:\/\/primicias2262.com\/noticias\/wp-json\/wp\/v2\/media?parent=101762"}],"wp:term":[{"taxonomy":"category","embeddable":true,"href":"https:\/\/primicias2262.com\/noticias\/wp-json\/wp\/v2\/categories?post=101762"},{"taxonomy":"post_tag","embeddable":true,"href":"https:\/\/primicias2262.com\/noticias\/wp-json\/wp\/v2\/tags?post=101762"}],"curies":[{"name":"wp","href":"https:\/\/api.w.org\/{rel}","templated":true}]}}