{"id":101771,"date":"2023-07-11T16:20:56","date_gmt":"2023-07-11T16:20:56","guid":{"rendered":"https:\/\/primicias2262.com\/noticias\/?p=101771"},"modified":"2023-07-11T16:20:56","modified_gmt":"2023-07-11T16:20:56","slug":"llega-la-primera-edicion-de-sabores-bonaerenses","status":"publish","type":"post","link":"https:\/\/primicias2262.com\/noticias\/llega-la-primera-edicion-de-sabores-bonaerenses\/","title":{"rendered":"Llega la primera edici\u00f3n de Sabores Bonaerenses"},"content":{"rendered":"<div class=\"col-12 col-sm-9\">\n<div class=\"nota_content mt-30\">\n<p><strong>El pr\u00f3ximo s\u00e1bado 15 de julio se realizar\u00e1 la primera edici\u00f3n de Sabores Bonaerenses, que se iniciar\u00e1 en Avellaneda y despu\u00e9s realizar\u00e1 recorridos por diferentes localidades, con m\u00e1s de 150 puestos en los que se podr\u00e1n comprar y degustar alimentos artesanales producidos en la provincia de Buenos Aires.<\/strong><\/p>\n<p>El evento, organizado por el Ministerio de Desarrollo Agrario con el acompa\u00f1amiento del Instituto Cultural de la provincia de Buenos Aires y el municipio de Avellaneda, tendr\u00e1 lugar en el Parque Municipal La Estaci\u00f3n, ubicado en G\u00fcemes al 700 de dicha localidad, en el horario de 11 a 20. La entrada es libre y gratuita.<\/p>\n<p>En los puestos se podr\u00e1n encontrar producciones t\u00edpicas de cada una de las distintas zonas geogr\u00e1ficas de la Provincia. Se ofrecer\u00e1n dulces, embutidos, conservas, salsas, condimentos, miel, l\u00e1cteos, y bebidas alcoh\u00f3licas, entre otros alimentos, realizados por peque\u00f1os, medianos y grandes productores bonaerenses.<\/p>\n<p>\u201cSabores Bonaerenses va a permitir que cada vez m\u00e1s consumidores puedan conocer la gran variedad de alimentos que se producen en la Provincia y disfrutar la calidad de estas producciones, que es ampliamente reconocida\u201d, destac\u00f3 el ministro de Desarrollo Agrario, Javier Rodr\u00edguez.<\/p>\n<p>Adem\u00e1s, habr\u00e1 foodtrucks con una amplia oferta gastron\u00f3mica para los asistentes y espect\u00e1culos para toda la familia, incluyendo un espacio de cocina en vivo a cargo de Juan Braceli y otros reconocidos cocineros.<\/p>\n<p>Los m\u00e1s chicos podr\u00e1n disfrutar de distintas actividades especialmente pensadas para ellos y de un espacio l\u00fadico.<\/p>\n<p>Durante la jornada tambi\u00e9n habr\u00e1 shows musicales para toda la familia; tocar\u00e1n Tita Print, Vale Acevedo, y J\u00e9sica Mara, con una propuesta para las infancias.<\/p>\n<p>Sabores Bonaerenses continuar\u00e1 su recorrido por distintos puntos bonaerenses: el 29 de julio, en Villa Gesell; el 26 de agosto, en Luj\u00e1n; y el 14 de octubre, en Escobar.<\/p>\n<\/div>\n<\/div>\n","protected":false},"excerpt":{"rendered":"<p>El pr\u00f3ximo s\u00e1bado 15 de julio se realizar\u00e1 la primera edici\u00f3n de Sabores Bonaerenses, que se iniciar\u00e1 en Avellaneda y despu\u00e9s realizar\u00e1 recorridos por diferentes localidades, con m\u00e1s de 150 puestos en los que se podr\u00e1n comprar y degustar alimentos artesanales producidos en la provincia de Buenos Aires. El evento, organizado por el Ministerio de [&hellip;]<\/p>\n","protected":false},"author":3,"featured_media":101772,"comment_status":"open","ping_status":"open","sticky":false,"template":"","format":"standard","meta":{"footnotes":""},"categories":[7],"tags":[],"class_list":{"0":"post-101771","1":"post","2":"type-post","3":"status-publish","4":"format-standard","5":"has-post-thumbnail","7":"category-nac"},"_links":{"self":[{"href":"https:\/\/primicias2262.com\/noticias\/wp-json\/wp\/v2\/posts\/101771","targetHints":{"allow":["GET"]}}],"collection":[{"href":"https:\/\/primicias2262.com\/noticias\/wp-json\/wp\/v2\/posts"}],"about":[{"href":"https:\/\/primicias2262.com\/noticias\/wp-json\/wp\/v2\/types\/post"}],"author":[{"embeddable":true,"href":"https:\/\/primicias2262.com\/noticias\/wp-json\/wp\/v2\/users\/3"}],"replies":[{"embeddable":true,"href":"https:\/\/primicias2262.com\/noticias\/wp-json\/wp\/v2\/comments?post=101771"}],"version-history":[{"count":1,"href":"https:\/\/primicias2262.com\/noticias\/wp-json\/wp\/v2\/posts\/101771\/revisions"}],"predecessor-version":[{"id":101773,"href":"https:\/\/primicias2262.com\/noticias\/wp-json\/wp\/v2\/posts\/101771\/revisions\/101773"}],"wp:featuredmedia":[{"embeddable":true,"href":"https:\/\/primicias2262.com\/noticias\/wp-json\/wp\/v2\/media\/101772"}],"wp:attachment":[{"href":"https:\/\/primicias2262.com\/noticias\/wp-json\/wp\/v2\/media?parent=101771"}],"wp:term":[{"taxonomy":"category","embeddable":true,"href":"https:\/\/primicias2262.com\/noticias\/wp-json\/wp\/v2\/categories?post=101771"},{"taxonomy":"post_tag","embeddable":true,"href":"https:\/\/primicias2262.com\/noticias\/wp-json\/wp\/v2\/tags?post=101771"}],"curies":[{"name":"wp","href":"https:\/\/api.w.org\/{rel}","templated":true}]}}