{"id":101774,"date":"2023-07-11T10:22:42","date_gmt":"2023-07-11T10:22:42","guid":{"rendered":"https:\/\/primicias2262.com\/noticias\/?p=101774"},"modified":"2023-07-11T16:22:49","modified_gmt":"2023-07-11T16:22:49","slug":"avanza-la-investigacion-por-la-supuesta-compra-de-lugares-en-las-listas-de-milei","status":"publish","type":"post","link":"https:\/\/primicias2262.com\/noticias\/avanza-la-investigacion-por-la-supuesta-compra-de-lugares-en-las-listas-de-milei\/","title":{"rendered":"Avanza la investigaci\u00f3n por la supuesta compra de lugares en las listas de Milei"},"content":{"rendered":"<p><strong>El proceso judicial que investiga la supuesta \u201cventa de candidaturas\u201d en La Libertad Avanza (LLA), el partido de Javier Milei, sumar\u00e1\u00a0este martes otro cap\u00edtulo en los Tribunales de Comodoro Py con una nueva tanda de declaraciones ante el fiscal Ramiro Gonz\u00e1lez.<\/strong><\/p>\n<p>Los exallegados al precandidato presidencial que fueron convocados son la legisladora porte\u00f1a Rebeca Fleitas, el empresario Juan Carlos Blumberg y la representante de la agrupaci\u00f3n Generaci\u00f3n Libertaria Mila Zubriggen, quienes denunciaron irregularidades en el espacio fundado por el economista.<\/p>\n<p>En la \u00faltima semana, la actualidad de LLA qued\u00f3 atravesada por las denuncias p\u00fablicas sobre \u201cventas de candidaturas\u201d que en algunos casos ya fueron ratificadas en sede judicial, como ocurri\u00f3 con el abogado Carlos Maslat\u00f3n.<\/p>\n<p>El cofundador de la Uni\u00f3n Para la Apertura Universitaria (Upau) asegur\u00f3 ante el fiscal que en la estructura conformada en torno a Milei existe un \u201cfranquiciado pol\u00edtico\u201d basado en \u201cel intercambio de candidaturas por dinero\u201d.<\/p>\n<p>Poco despu\u00e9s de conocidas las acusaciones, Milei respondi\u00f3 en redes sociales. \u201cEl ataque coordinado de todos los medios de comunicaci\u00f3n y todos los actores de poder contra La Libertad Avanza responde a una sola raz\u00f3n: somos el \u00fanico espacio pol\u00edtico que est\u00e1 planteando una Argentina distinta\u201d, dijo.<\/p>\n<p>El formato de la campa\u00f1a de LLA y en particular su financiamiento quedaron bajo la lupa a partir de varios testimonios p\u00fablicos y llevaron a que el fiscal Gonz\u00e1lez abriera una investigaci\u00f3n preliminar para, dijo, \u201cdeterminar si los sucesos recopilados infringen la normativa que regula el proceso electoral\u201d.<\/p>\n<p>Gonz\u00e1lez remarc\u00f3 que los hechos \u201crevisten gravedad institucional\u201d y que su pesquisa es competencia de la Fiscal\u00eda Federal con competencia electoral.<\/p>\n<p>La pol\u00e9mica comenz\u00f3 cuando Blumberg dijo que hubo gente que \u201cpag\u00f3\u201d para integrar las listas y responsabiliz\u00f3 a la hermana de Milei y a Carlos Kikuchi y Sebasti\u00e1n Pareja, identificados como \u201carmadores\u201d del espacio.<\/p>\n<p>\u201cHay gente que pag\u00f3 por un cargo de concejal 50.000 d\u00f3lares. Lo m\u00e1s grave es que han hecho un negocio con la pol\u00edtica\u201d, asegur\u00f3 Blumberg.<\/p>\n<p>Al testimoniar en Tribunales, Maslat\u00f3n insisti\u00f3 en que desde la c\u00fapula de LLA, a la hora de definir los nombres de las listas, se buscaba \u201cgente con capacidad contributiva, no por idoneidad ni capacidad pol\u00edtica\u201d.<\/p>\n<p>Se\u00f1al\u00f3 que los presuntos intercambios de dinero fueron \u201ctodos movimientos en mano\u201d y que \u201cno hay nada bancarizado\u201d, seg\u00fan la testimonial a la que tuvo acceso T\u00e9lam.<\/p>\n<p>\u201cMe da la impresi\u00f3n de que alguien le puso precio a las candidaturas\u201d, analiz\u00f3 el operador financiero tras presentarse en Comodoro Py.<\/p>\n<p>Para Maslat\u00f3n, entre la dirigencia de LLA circula \u201cuna concepci\u00f3n de que el cargo p\u00fablico electo a trav\u00e9s de la f\u00f3rmula que apoy\u00f3 a Milei debe compartir los frutos con el entorno de Milei\u201d, seg\u00fan declar\u00f3 el viernes en la Fiscal\u00eda.<\/p>\n<p>Bajo juramento de decir verdad, se\u00f1al\u00f3 que las denuncias sobre compra de lugares le llegaron \u201cpor distintos lugares\u201d, a trav\u00e9s de \u201cgente que no se conoce entre ellos\u201d y que se contact\u00f3 con \u00e9l por su \u201cperfil social alto\u201d con presencia en medios y redes sociales.<\/p>\n<p>Maslat\u00f3n declar\u00f3 poco m\u00e1s de una hora y detall\u00f3 que a cambio del pago \u201cse da el uso al nombre, logo y visita de Milei al lugar (en el que pretende postularse quien puso el dinero)\u201d.<\/p>\n<p>\u201cSi no pagan y se hace una publicaci\u00f3n con Milei se encargan de decir que esa publicidad no es cierta. As\u00ed mataron a la militancia. Yo llamo a esto \u2018franquiciado pol\u00edtico\u2019. El que recibe la franquicia paga un canon por el uso de la imagen, s\u00edmbolo y el derecho a ser candidato. Tengo versiones de que hay gente que pag\u00f3 el canon y no integr\u00f3 las listas\u201d, se explay\u00f3.<\/p>\n<p>Maslat\u00f3n mencion\u00f3 a una mujer de Avellaneda, quien seg\u00fan su testimonio le escribi\u00f3 para contarle que se iba del movimiento \u201cporque le pidieron 60.000 d\u00f3lares para ser candidata\u201d. Algo similar cont\u00f3 respecto al Chaco y un exmiembro de LLA, que le dijo que \u201cestuvieron vendiendo las candidaturas\u201d.<\/p>\n<p>La mujer, dos semanas atr\u00e1s y en di\u00e1logo con T\u00e9lam, admiti\u00f3 que hab\u00eda escuchado c\u00f3mo los representantes de la \u2018mesa chica\u2019 de LLA en su municipio explicaban que para ser candidato \u201chab\u00eda que poner plata\u201d.<\/p>\n<p>Adem\u00e1s, cont\u00f3 que cuando ella denunci\u00f3 esos hechos \u201ccomenzaron las amenazas\u201d y se le pidi\u00f3 que no acudiera a eventos partidarios.<\/p>\n<p>La exsimpatizante asegur\u00f3 que fue invitada a una actividad encabezada por la precandidata a diputada nacional Lilia Lemoine, asistente de Milei, y que all\u00ed recibi\u00f3 amenazas por parte de sus excompa\u00f1eros. Finalmente, coment\u00f3 su decisi\u00f3n de abandonar LLA y sumarse a Juntos por el Cambio.<\/p>\n<p>Sobre esta din\u00e1mica, Maslat\u00f3n apunt\u00f3 en particular al rol de \u201coperadores pol\u00edticos\u201d que estar\u00edan en el c\u00edrculo m\u00e1s cercano a Milei; mencion\u00f3 entonces a \u201cCarlos Kikuchi, periodista\u201d y a \u201cotro operador, Sebasti\u00e1n Pareja\u201d, quienes ser\u00edan los encargados del armado, dijo, en \u201cla provincia de Buenos Aires\u201d.<\/p>\n<p>\u201cAh\u00ed se produce una escisi\u00f3n donde yo tambi\u00e9n decido irme. Le propuse ir a las PASO y \u00e9l lo rechaz\u00f3. No quer\u00eda ir a las PASO, quer\u00eda manejar todo \u00e9l\u201d, a\u00f1adi\u00f3 Maslat\u00f3n en su declaraci\u00f3n ante el Ministerio P\u00fablico.<\/p>\n<p>Manifest\u00f3 que j\u00f3venes del partido libertario \u201cquedaron descartados\u201d por no participar de esas negociaciones y \u201choy no componen la alianza de LLA\u201d.<\/p>\n<p>El alejamiento de los primeros simpatizantes juveniles est\u00e1 retratado en el libro \u2018El le\u00f3n\u2019 del periodista Juan Ignacio Gonz\u00e1lez, quien se propuso contar \u201clos secretos mejor guardados\u201d del exasesor financiero y economista de Corporaci\u00f3n Am\u00e9rica, el grupo empresario de Eduardo Eurnekian.<\/p>\n<p>Gonz\u00e1lez relata c\u00f3mo tras los resultados de las elecciones legislativas de 2021 se comienzan alejar los primeros j\u00f3venes afines a las ideas anti-Estado de Milei, que hab\u00edan sido sus apoyos iniciales.<\/p>\n<p>A principios de a\u00f1o Zurbriggen hab\u00eda dicho a T\u00e9lam que el objetivo de LLA se hab\u00eda \u201cdesvirtuado\u201d y \u201cse vend\u00edan candidaturas por favores sexuales\u201d.<\/p>\n<p>Milei afirm\u00f3 que va \u201cdenunciar\u201d a aquellos que acusen a su agrupaci\u00f3n de vender candidaturas, pero reiter\u00f3 que si alguien desea ocupar un lugar en las listas del espacio \u201cdebe cubrir el financiamiento\u201d de la fuerza.<\/p>\n<p>La crisis gener\u00f3 dudas sobre la posibilidad de que alg\u00fan candidato llegue a bajarse antes de participar en las PASO: incluso el candidato a intendente de La Matanza Andr\u00e9s \u201cEl Dipy\u201d Mart\u00ednez tuvo que salir a desmentirlo.<\/p>\n<p><em>T\u00e9lam.<\/em><\/p>\n","protected":false},"excerpt":{"rendered":"<p>El proceso judicial que investiga la supuesta \u201cventa de candidaturas\u201d en La Libertad Avanza (LLA), el partido de Javier Milei, sumar\u00e1\u00a0este martes otro cap\u00edtulo en los Tribunales de Comodoro Py con una nueva tanda de declaraciones ante el fiscal Ramiro Gonz\u00e1lez. Los exallegados al precandidato presidencial que fueron convocados son la legisladora porte\u00f1a Rebeca Fleitas, [&hellip;]<\/p>\n","protected":false},"author":3,"featured_media":101775,"comment_status":"open","ping_status":"open","sticky":false,"template":"","format":"standard","meta":{"footnotes":""},"categories":[7],"tags":[],"class_list":{"0":"post-101774","1":"post","2":"type-post","3":"status-publish","4":"format-standard","5":"has-post-thumbnail","7":"category-nac"},"_links":{"self":[{"href":"https:\/\/primicias2262.com\/noticias\/wp-json\/wp\/v2\/posts\/101774","targetHints":{"allow":["GET"]}}],"collection":[{"href":"https:\/\/primicias2262.com\/noticias\/wp-json\/wp\/v2\/posts"}],"about":[{"href":"https:\/\/primicias2262.com\/noticias\/wp-json\/wp\/v2\/types\/post"}],"author":[{"embeddable":true,"href":"https:\/\/primicias2262.com\/noticias\/wp-json\/wp\/v2\/users\/3"}],"replies":[{"embeddable":true,"href":"https:\/\/primicias2262.com\/noticias\/wp-json\/wp\/v2\/comments?post=101774"}],"version-history":[{"count":2,"href":"https:\/\/primicias2262.com\/noticias\/wp-json\/wp\/v2\/posts\/101774\/revisions"}],"predecessor-version":[{"id":101777,"href":"https:\/\/primicias2262.com\/noticias\/wp-json\/wp\/v2\/posts\/101774\/revisions\/101777"}],"wp:featuredmedia":[{"embeddable":true,"href":"https:\/\/primicias2262.com\/noticias\/wp-json\/wp\/v2\/media\/101775"}],"wp:attachment":[{"href":"https:\/\/primicias2262.com\/noticias\/wp-json\/wp\/v2\/media?parent=101774"}],"wp:term":[{"taxonomy":"category","embeddable":true,"href":"https:\/\/primicias2262.com\/noticias\/wp-json\/wp\/v2\/categories?post=101774"},{"taxonomy":"post_tag","embeddable":true,"href":"https:\/\/primicias2262.com\/noticias\/wp-json\/wp\/v2\/tags?post=101774"}],"curies":[{"name":"wp","href":"https:\/\/api.w.org\/{rel}","templated":true}]}}